{"id":49417,"date":"2022-05-02T16:42:25","date_gmt":"2022-05-02T22:42:25","guid":{"rendered":"https:\/\/redsemlac.com\/semmexico\/?p=49417"},"modified":"2023-07-21T19:03:48","modified_gmt":"2023-07-22T00:03:48","slug":"cuba-publicaciones-abundan-en-el-trabajo-de-cuidados","status":"publish","type":"post","link":"https:\/\/redsemlac.com\/semmexico\/cuba-publicaciones-abundan-en-el-trabajo-de-cuidados\/","title":{"rendered":"Cuba: Publicaciones abundan en el trabajo de cuidados"},"content":{"rendered":"\n<ul class=\"wp-block-list\"><li><strong>Las cubanas dedican 14 horas semanales m\u00e1s que los hombres al trabajo de cuidado no remunerado<\/strong><\/li><\/ul>\n\n\n\n<ul class=\"wp-block-list\"><li><strong> El libro ahonda en concepciones que revelan la persistencia de una organizaci\u00f3n familiar que mantiene una clara desigualdad<\/strong><\/li><\/ul>\n\n\n\n<p class=\"wp-block-paragraph\"><strong><br><\/strong><strong>Sara M\u00e1s<\/strong><strong><\/strong><\/p>\n\n\n\n<p class=\"wp-block-paragraph\">SemM\u00e9xico\/SEMlac, La Habana, 2 de mayo, 2022.- El trabajo de cuidados no remunerado que&nbsp;<a href=\"https:\/\/www.redsemlac-cuba.net\/redsemlac\/sociedad-y-cultura\/los-cuidados-cada-vez-mas-en-la-piel-de-las-mujeres\/\" target=\"_blank\" rel=\"noreferrer noopener\">realizan sobre todo las mujeres<\/a>, sin suficiente reconocimiento familiar ni social, es el tema de varias publicaciones presentadas el 27 de abril en la Feria Internacional del Libro de La Habana, que finaliz\u00f3 el pasado s\u00e1bado.<\/p>\n\n\n\n<p class=\"wp-block-paragraph\"><br>Desde un recorrido hist\u00f3rico y la mirada actualizada a los cuidados en el contexto cubano, la presentaci\u00f3n incluy\u00f3 un libro y un folleto del Centro de Estudios de la Mujer (CEM) y un n\u00famero especial de la revista&nbsp;<em>Mujeres,&nbsp;<\/em>de la Federaci\u00f3n de Mujeres Cubanas.<\/p>\n\n\n\n<p class=\"wp-block-paragraph\"><br>Los materiales son resultado de un proyecto de cooperaci\u00f3n de la organizaci\u00f3n femenina cubana junto al Programa de Oxfam en Cuba, con el apoyo de la Embajada de Canad\u00e1 en La Habana.<\/p>\n\n\n\n<p class=\"wp-block-paragraph\"><br>Yudith Laura Ferreiro Fuentes, directora del CEM, destac\u00f3 los valores del libro&nbsp;<em>G\u00e9nero y cuidados no remunerados en el contexto cubano. Miradas desde la investigaci\u00f3n<\/em>, de las estudiosas Yenelis D\u00edaz Medina, Yenele Palmero Garc\u00eda y Mayda \u00c1lvarez Su\u00e1rez y que se basa, entre otros estudios, en la Encuesta Nacional de Igualdad de G\u00e9nero (ENIG) de 2016.<\/p>\n\n\n\n<p class=\"wp-block-paragraph\"><br>El texto reconoce concepciones, imaginarios sociales y pol\u00edticas relacionadas con los cuidados en Cuba, dijo, as\u00ed como las formas en que estos se estructuran en las familias y, en especial, en la vida de las mujeres, a partir de las necesidades de cuidado en el hogar, el entorno familiar, la atenci\u00f3n a personas dependientes y otras din\u00e1micas que afectan el pleno acceso al empleo, fundamentalmente, de las mujeres.<\/p>\n\n\n\n<p class=\"wp-block-paragraph\"><br>De acuerdo con datos de la ENIG citados en el libro, las cubanas dedican 14 horas semanales m\u00e1s que los hombres al trabajo de cuidado no remunerado y es posible identificar tareas feminizadas como parte de los quehaceres dom\u00e9sticos, entre ellas la preparaci\u00f3n y servicio de comida, la limpieza, el cuidado de ropas y textiles.<\/p>\n\n\n\n<p class=\"wp-block-paragraph\"><br>En cuanto al cuidado, prevalece la participaci\u00f3n femenina en todas las actividades de atenci\u00f3n y acompa\u00f1amiento de ni\u00f1as, ni\u00f1os y personas adultas mayores, o incapacitadas temporal o permanentemente.<\/p>\n\n\n\n<p class=\"wp-block-paragraph\"><br>El volumen hace propuestas, adem\u00e1s, que ya est\u00e1n sirviendo para el dise\u00f1o de nuevas pol\u00edticas p\u00fablicas que permitan la reducci\u00f3n de las brechas y desigualdades de g\u00e9nero que hoy limitan el empleo de las mujeres en el universo del trabajo remunerado y les generan sobrecargas de esfuerzo y tiempo, dijo Ferreiro Fuentes.<\/p>\n\n\n\n<p class=\"wp-block-paragraph\"><br>Igualmente, el libro ahonda en concepciones que revelan la persistencia de una organizaci\u00f3n familiar que mantiene una clara desigualdad en la distribuci\u00f3n de las tareas dom\u00e9sticas, lo que se traduce en otras desigualdades, agreg\u00f3.<\/p>\n\n\n\n<p class=\"wp-block-paragraph\"><br>Otra de las aristas abordadas es el uso del tiempo de las jefas de hogar, quienes siguen dedicando m\u00e1s horas que los hombres al&nbsp;<a href=\"https:\/\/www.redsemlac-cuba.net\/redsemlac\/economia\/perfiles-y-rostros-del-trabajo-no-remunerado\/\" target=\"_blank\" rel=\"noreferrer noopener\">trabajo no remunerado<\/a>, con la consecuente sobrecarga para ellas.<\/p>\n\n\n\n<p class=\"wp-block-paragraph\"><br>Las autoras proponen implementar acciones que impulsen una mayor corresponsabilidad social del cuidado, la revisi\u00f3n de pol\u00edticas y la educaci\u00f3n en g\u00e9nero de las poblaciones j\u00f3venes, entre otras sugerencias.<\/p>\n\n\n\n<p class=\"wp-block-paragraph\"><br>Se trata de un material valioso para docentes, especialistas, personas que investigan y toman decisiones, con vistas a identificar valores y normas que hoy generan desigualdad y a la par contribuir a generar un cambio en la subjetividad y la implicaci\u00f3n de mujeres y hombres en el cuidado, valor\u00f3 Ferreiro Fuentes.<\/p>\n\n\n\n<p class=\"wp-block-paragraph\"><br>Yelene Palmero, investigadora del CEM y autora del folleto&nbsp;<em>Contribuci\u00f3n de la Federaci\u00f3n de Mujeres Cubanas a la agenda de cuidados en Cuba<\/em>, explic\u00f3 que se trata de una sistematizaci\u00f3n que recorre propuestas y medidas concretas de esa organizaci\u00f3n a la agenda de cuidados en Cuba, entendidos estos como un deber y un derecho social que debe desarrollarse en corresponsabilidad.<\/p>\n\n\n\n<p class=\"wp-block-paragraph\"><br>\u00abEn nuestro contexto el cuidado tiene rostro de mujer, principalmente\u00bb, subray\u00f3 la investigadora.<\/p>\n\n\n\n<p class=\"wp-block-paragraph\"><br>Entre las \u00e1reas que trabaj\u00f3 el proyecto, Palmero mencion\u00f3 las de incidencia en la formaci\u00f3n y sensibilizaci\u00f3n de personas decisoras e implementadoras de pol\u00edticas, as\u00ed como las que se dedican al cuidado.<\/p>\n\n\n\n<p class=\"wp-block-paragraph\"><br>La experiencia se desarroll\u00f3 en un escenario complejo,&nbsp;<a href=\"https:\/\/www.redsemlac-cuba.net\/redsemlac\/sociedad-y-cultura\/el-valor-de-los-cuidados-otra-realidad-que-emerge-con-la-pandemia\/\" target=\"_blank\" rel=\"noreferrer noopener\">en medio de la pandemia de covid-19<\/a>, lo que dificult\u00f3 en ocasiones el acceso a comunidades y la disponibilidad de tiempo de las cuidadoras para acceder a espacios de formaci\u00f3n, a\u00f1adi\u00f3.<\/p>\n\n\n\n<p class=\"wp-block-paragraph\"><br>En tanto, el n\u00famero especial de la revista&nbsp;<em>Mujeres<\/em>&nbsp;dedicada integralmente a los cuidados, fue sobre todo una oportunidad para el colectivo de esa publicaci\u00f3n, que revisit\u00f3 un tema frecuente en sus p\u00e1ginas desde una mirada m\u00e1s actualizada y&nbsp;<a href=\"https:\/\/www.redsemlac-cuba.net\/redsemlac\/sociedad-y-cultura\/academicas-proponen-miradas-feministas-a-los-cuidados\/\" target=\"_blank\" rel=\"noreferrer noopener\">desde los postulados de la econom\u00eda feminista<\/a>, que entiende el cuidado como un trabajo y un derecho.<\/p>\n\n\n\n<p class=\"wp-block-paragraph\"><br>La revista incluye entrevistas, informaciones, infograf\u00edas, testimonios y comentarios acerca del trabajo de&nbsp;<a href=\"https:\/\/www.redsemlac-cuba.net\/redsemlac\/sociedad-y-cultura\/pandemia-crisis-cuidados\/\" target=\"_blank\" rel=\"noreferrer noopener\">cuidados en medio de un contexto pand\u00e9mico<\/a>, cuando estos ocuparon una centralidad en la vida del mundo entero y tambi\u00e9n de la naci\u00f3n caribe\u00f1a y en particular de las mujeres, quienes se encargan en mayor\u00eda de esas&nbsp;<a href=\"https:\/\/www.redsemlac-cuba.net\/redsemlac\/sociedad-y-cultura\/economia-el-trabajo-que-no-se-ve-ni-se-paga\/\" target=\"_blank\" rel=\"noreferrer noopener\">labores sin pago, vacaciones, ni horario fijo<\/a>&nbsp;y con una sobrecarga que limita otras facetas de sus vidas, trascendi\u00f3 durante la presentaci\u00f3n.<\/p>\n\n\n\n<p class=\"wp-block-paragraph\">SEM-SEMlac\/sm<\/p>\n","protected":false},"excerpt":{"rendered":"<p> El libro ahonda en concepciones que revelan la persistencia de una organizaci\u00f3n familiar que mantiene una clara desigualdad<\/p>\n","protected":false},"author":3,"featured_media":49418,"comment_status":"open","ping_status":"open","sticky":false,"template":"","format":"standard","meta":{"_monsterinsights_skip_tracking":false,"footnotes":""},"categories":[693,53],"tags":[],"class_list":["post-49417","post","type-post","status-publish","format-standard","has-post-thumbnail","category-693","category-internacional"],"_links":{"self":[{"href":"https:\/\/redsemlac.com\/semmexico\/wp-json\/wp\/v2\/posts\/49417","targetHints":{"allow":["GET"]}}],"collection":[{"href":"https:\/\/redsemlac.com\/semmexico\/wp-json\/wp\/v2\/posts"}],"about":[{"href":"https:\/\/redsemlac.com\/semmexico\/wp-json\/wp\/v2\/types\/post"}],"author":[{"embeddable":true,"href":"https:\/\/redsemlac.com\/semmexico\/wp-json\/wp\/v2\/users\/3"}],"replies":[{"embeddable":true,"href":"https:\/\/redsemlac.com\/semmexico\/wp-json\/wp\/v2\/comments?post=49417"}],"version-history":[{"count":0,"href":"https:\/\/redsemlac.com\/semmexico\/wp-json\/wp\/v2\/posts\/49417\/revisions"}],"wp:featuredmedia":[{"embeddable":true,"href":"https:\/\/redsemlac.com\/semmexico\/wp-json\/wp\/v2\/media\/49418"}],"wp:attachment":[{"href":"https:\/\/redsemlac.com\/semmexico\/wp-json\/wp\/v2\/media?parent=49417"}],"wp:term":[{"taxonomy":"category","embeddable":true,"href":"https:\/\/redsemlac.com\/semmexico\/wp-json\/wp\/v2\/categories?post=49417"},{"taxonomy":"post_tag","embeddable":true,"href":"https:\/\/redsemlac.com\/semmexico\/wp-json\/wp\/v2\/tags?post=49417"}],"curies":[{"name":"wp","href":"https:\/\/api.w.org\/{rel}","templated":true}]}}