{"id":49414,"date":"2022-05-02T16:39:23","date_gmt":"2022-05-02T22:39:23","guid":{"rendered":"https:\/\/redsemlac.com\/semmexico\/?p=49414"},"modified":"2023-07-21T19:03:48","modified_gmt":"2023-07-22T00:03:48","slug":"cuba-sobrevivientes-de-abuso-sexual-reclaman-justicia","status":"publish","type":"post","link":"https:\/\/redsemlac.com\/semmexico\/cuba-sobrevivientes-de-abuso-sexual-reclaman-justicia\/","title":{"rendered":"Cuba: Sobrevivientes de abuso sexual reclaman justicia"},"content":{"rendered":"\n<ul class=\"wp-block-list\"><li><strong>Se trata de v\u00edctimas de Fernando B\u00e9cquer piden no m\u00e1s impunidad<\/strong><\/li><\/ul>\n\n\n\n<ul class=\"wp-block-list\"><li><strong> Entregan una carta al ministro cubano de Cultura con m\u00e1s de 230 firmas<\/strong><\/li><\/ul>\n\n\n\n<p class=\"wp-block-paragraph\"><strong>Sara M\u00e1s<\/strong><\/p>\n\n\n\n<p class=\"wp-block-paragraph\">SemM\u00e9xico\/SEMlac, La Habana, 2 de mayo, 2021.- Mujeres que desde diciembre de 2021 han&nbsp;<a href=\"https:\/\/www.redsemlac-cuba.net\/redsemlac\/violencia\/violencias-machistas-entre-la-sancion-social-y-la-justicia\/\" target=\"_blank\" rel=\"noreferrer noopener\">denunciado al trovador Fernando B\u00e9cquer por abuso sexual<\/a>&nbsp;y han dado su testimonio para un proceso legal en curso, reclaman que se haga justicia \u00abpara m\u00e1s de un veintena de mujeres abusadas y violentadas por el cantante durante m\u00e1s de 20 a\u00f1os en Cuba y distintos pa\u00edses de Latinoam\u00e9rica\u00bb.<\/p>\n\n\n\n<p class=\"wp-block-paragraph\"><br>As\u00ed lo expres\u00f3 en Facebook Paula Andrea Ram\u00edrez, primera en firmar una carta que ya re\u00fane m\u00e1s de 230 firmas de apoyo desde que empez\u00f3 a circular el 23 de abril por redes sociales y que Ram\u00edrez entreg\u00f3 el pasado 30 de abril al ministro cubano de cultura Alpidio Alonso, poco antes de iniciarse la 46\u00b0 Feria Internacional del Libro de Buenos Aires, que tiene a Cuba como pa\u00eds invitado este a\u00f1o.<\/p>\n\n\n\n<p class=\"wp-block-paragraph\"><br>\u00abEl ministro me dijo que el caso de Fernando B\u00e9cquer est\u00e1 en la justicia de Cuba, que si se llega a comprobar que es cierto lo que decimos nosotras, va a caer todo el peso de la ley sobre \u00e9l y que nosotras, sus v\u00edctimas (o sobrevivientes) vamos a quedar conformes\u00bb, expuso Ram\u00edrez en un post.<\/p>\n\n\n\n<p class=\"wp-block-paragraph\"><br>La carta abierta, que circula por las redes, inicia con la frase \u00ab\u00a1Basta, Fernando B\u00e9cquer! \u00a1Estamos hartas de que nos sigas violentando!\u00bb y recaba la solidaridad y apoyo en la exigencia de informaci\u00f3n y respuesta sobre el proceso iniciado contra el trovador, a la vez que denuncia el modo en que este sigue actuando.<\/p>\n\n\n\n<p class=\"wp-block-paragraph\"><br>\u00abNo aguantamos m\u00e1s, Fernando. Estamos hartas de tu impunidad. Estamos hartas de que vayas por la calle como si nada hubiese sucedido, salgas por la televisi\u00f3n, burles nuestra indignaci\u00f3n\u00bb, suscriben en la misiva.<\/p>\n\n\n\n<p class=\"wp-block-paragraph\"><br>\u00abLas que firmamos abajo ya no te tenemos miedo, ya no nos quedamos calladas. Dimos la cara, el nombre y algunas, las que pudimos y\/o quisimos, te denunciamos ante un fiscal. A otras no les fue posible, aunque quisieron, porque los \u00f3rdenes de la justicia y las instituciones contin\u00faan exhibiendo barreras dif\u00edciles de sortear.<\/p>\n\n\n\n<p class=\"wp-block-paragraph\"><br>\u00abHoy denunciamos que las sobrevivientes somos revictimizadas por ti, quien nos<\/p>\n\n\n\n<p class=\"wp-block-paragraph\">abus\u00f3. Mientras, sigues ostentando la impunidad y el poder de ser hombre, religioso y con el amparo y la legitimaci\u00f3n que te da un escenario\u00bb, agrega.<br>Los abusos sexuales cometidos por el m\u00fasico emergieron a la luz p\u00fablica con&nbsp;<a href=\"https:\/\/s3.eu-central-1.amazonaws.com\/qurium\/revistaelestornudo.com\/fernando-becquer-cinco-denuncias-de-abusos-sexuales.html?fbclid=IwAR2tPcXbL3fjtdRaBHs0VozltFyDoCuk9y56N91eCd0REkOWAAXZuhCx5Mc\" target=\"_blank\" rel=\"noreferrer noopener\">Las historias de cinco mujeres que denuncian al trovador Fernando B\u00e9cquer por abuso sexual<\/a>, publicadas por la revista digital&nbsp;<em>El Estornudo<\/em>&nbsp;el 8 de diciembre de 2021.<\/p>\n\n\n\n<p class=\"wp-block-paragraph\"><br>Los testimonios desataron debates, indignaci\u00f3n por los hechos y solidaridad con las v\u00edctimas, y ha sido el catalizador de una pol\u00e9mica in\u00e9dita en el pa\u00eds sobre delitos de esta naturaleza, cuyo impacto trasciende los testimonios iniciales.<br>D\u00edas despu\u00e9s se conoci\u00f3 tambi\u00e9n por redes sociales<a href=\"https:\/\/www.facebook.com\/HorizontesB\/photos\/a.984127478463394\/1694195790789889\" target=\"_blank\" rel=\"noreferrer noopener\">&nbsp;la denuncia efectiva ante las autoridades de la escritora Elaine Vilar<\/a>, quien fue acompa\u00f1ada en su acusaci\u00f3n por la Federaci\u00f3n de Mujeres Cubanas.<\/p>\n\n\n\n<p class=\"wp-block-paragraph\"><br>El pasado 21 de marzo, \u00abunas 30 mujeres contactaron a los autores de la investigaci\u00f3n para denunciar o notificar haber sido v\u00edctimas de situaciones semejantes con el mismo individuo\u00bb,&nbsp;<a href=\"https:\/\/revistaelestornudo.com\/fernando-becquer-mas-victimas-denuncian-acoso-sexual-trovador-cubano\/\" target=\"_blank\" rel=\"noreferrer noopener\">inform\u00f3&nbsp;<em>El Estornudo<\/em><\/a>, que reprodujo \u00edntegramente 16 de esos testimonios de mujeres agredidas sexualmente por Fernando B\u00e9cquer entre 1999 y 2021, de las cuales tres eran menores de edad en el momento del suceso.<\/p>\n\n\n\n<p class=\"wp-block-paragraph\"><br>\u00abYo no he podido acceder a la justicia institucional &#8216;legal&#8217;, pero voy a seguir apostando a que nos llegue la justicia y la reparaci\u00f3n social, para que ninguna otra mujer sea v\u00edctima de Fernando B\u00e9cquer\u00bb, escribi\u00f3 en su muro de Facebook Paula Andrea Ram\u00edrez, quien fue abusada por B\u00e9cquer en 2006 en Colombia.<\/p>\n\n\n\n<p class=\"wp-block-paragraph\"><br>Con innumerables reacciones y comentarios de apoyo, el post m\u00e1s reciente y la carta siguen concitando el respaldo de las personas que dejan sus opiniones.<br>\u00abGracias por la valent\u00eda, admiraci\u00f3n completa!!!\u00bb, escribi\u00f3 el realizador audiovisual Alejandro Ram\u00edrez Anderson en el muro de Ram\u00edrez, a quien lo secund\u00f3 su colega director de cine, guionista y fot\u00f3grafo cubano Esteban Insausti: \u00abToda la fuerza y solidaridad con las v\u00edctimas. Se har\u00e1 justicia m\u00e1s temprano que tarde. Con la certeza de que servir\u00e1 de lecci\u00f3n a cuanto acosador nos circunda\u00bb.<\/p>\n\n\n\n<p class=\"wp-block-paragraph\"><br>\u00abFuerza! Para reconocer que una fue v\u00edctima de violencia, decir el nombre y hacerlo p\u00fablico se requiere mucho coraje. Las abrazo\u00bb, fue el mensaje solidario de la periodista Mariana Camejo.<\/p>\n\n\n\n<p class=\"wp-block-paragraph\"><br>Para la escritora Sonnia Moro, no se trata de un caso aislado. \u00abCada vez m\u00e1s URGE una ley integral contra la violencia de g\u00e9nero, albergue para las amenazadas, una l\u00ednea telef\u00f3nica 24 horas para denunciar y que ese n\u00famero se divulgue con pegatinas por pueblos, ciudades y los medios\u00bb, escribi\u00f3 y dijo que se trata de un problema universal, cuyos victimarios son de todos los sectores, ideolog\u00edas y nivel cultural.<\/p>\n\n\n\n<p class=\"wp-block-paragraph\"><br>\u00abEn Cuba tenemos todas las condiciones para evitar el acoso, las violaciones y los feminicidios; pero hay que visibilizarlo, educar a infantes, adolescentes y j\u00f3venes para que est\u00e9n alertas, porque casi nunca es un extra\u00f1o el victimario sino de la familia, el c\u00edrculo de amistades, maestros y vecinos\u00bb, agreg\u00f3 Moro y abog\u00f3 por capacitar a familias, autoridades, m\u00e9dicos, juristas y maestros.<\/p>\n\n\n\n<p class=\"wp-block-paragraph\"><br>Adem\u00e1s de los hechos ocurridos por d\u00e9cadas, las alertas apuntan a espacios y sucesos que denotan defensa del agresor. \u00abDesde el grupo de las sobrevivientes, se continuar\u00e1 con la denuncia de las distintas acciones de violencia que seguidores y defensores de Fernando B\u00e9cquer vienen realizando en redes sociales bajo el perfil &#8216;Elbecquer Decuba&#8217;, &#8216;Fernando Becquer&#8217; o desde un perfil llamado &#8216;Rolando Ramos'\u00bb, agrega el post de Ram\u00edrez.<\/p>\n\n\n\n<p class=\"wp-block-paragraph\"><br>Acompa\u00f1ado de las etiquetas&nbsp;<a href=\"https:\/\/www.facebook.com\/hashtag\/nostocanaunarespondemostodas?__eep__=6&amp;__cft__%5B0%5D=AZXD4Bax-6pnN3Ym7ueg6RTKNA8r50byBe-Xvgs7zsSEeJyb-S0IZycMD9qoo79mjItBJ3lDw1g06UlWZq0umQE-7eLEKIJxcG-3pNEpP_JOv4nP4GJgD8tujB4s0a3mJZFYn9oWkEc6QIXnMoeVt-jMnWCE5Q5tqJDUnkZBHBj-fA&amp;__tn__=*NK-R\" target=\"_blank\" rel=\"noreferrer noopener\">#NosTocanAUnaRespondemosTodas<\/a>,&nbsp;<a href=\"https:\/\/www.facebook.com\/hashtag\/bastafernandob%C3%A9cquer?__eep__=6&amp;__cft__%5B0%5D=AZVCqsU-kt989zV9fp_CEhbFs_Gg6k9htgDfttVHVvUMp74Nrprg4tEXNGQJ7Du1xf2LE-F0STX5Jo3Us7gPCp7UAQSnOMm3o-9alkqQN4_NPa05NLeMuhhienC_qYdVtFH4Y5G7mHyyECuVN5KL4wSJTOrOZI85RDoSweiufcrOhg&amp;__tn__=*NK-y-R\" target=\"_blank\" rel=\"noreferrer noopener\">#BastaFernandoB\u00e9cquer<\/a>,&nbsp;<a href=\"https:\/\/www.facebook.com\/hashtag\/metoo?__eep__=6&amp;__cft__%5B0%5D=AZVCqsU-kt989zV9fp_CEhbFs_Gg6k9htgDfttVHVvUMp74Nrprg4tEXNGQJ7Du1xf2LE-F0STX5Jo3Us7gPCp7UAQSnOMm3o-9alkqQN4_NPa05NLeMuhhienC_qYdVtFH4Y5G7mHyyECuVN5KL4wSJTOrOZI85RDoSweiufcrOhg&amp;__tn__=*NK-y-R\" target=\"_blank\" rel=\"noreferrer noopener\">#MeToo<\/a>&nbsp;y&nbsp;<a href=\"https:\/\/www.facebook.com\/hashtag\/niunam%C3%A1s?__eep__=6&amp;__cft__%5B0%5D=AZVCqsU-kt989zV9fp_CEhbFs_Gg6k9htgDfttVHVvUMp74Nrprg4tEXNGQJ7Du1xf2LE-F0STX5Jo3Us7gPCp7UAQSnOMm3o-9alkqQN4_NPa05NLeMuhhienC_qYdVtFH4Y5G7mHyyECuVN5KL4wSJTOrOZI85RDoSweiufcrOhg&amp;__tn__=*NK-y-R\" target=\"_blank\" rel=\"noreferrer noopener\">#NiUnaM\u00e1s<\/a>, el escrito asegura que son muchas m\u00e1s las mujeres que a\u00fan no han podido hablar y que han sido violentadas por el acusado en sus 20 a\u00f1os de depredaci\u00f3n sexual.<\/p>\n\n\n\n<p class=\"wp-block-paragraph\"><br>\u00abTodas las que podamos encontrar contar\u00e1n con nuestro apoyo. Por todas ellas vamos a seguir buscando justicia, justicia social, justicia penal, psicol\u00f3gica. Si las instituciones que deber\u00edan condenar tus acciones p\u00fablicamente no lo hacen, buscaremos en la condena social, sin renunciar a que se haga legalmente justicia, nuestra reparaci\u00f3n\u00bb, concluye la misiva.<\/p>\n\n\n\n<p class=\"wp-block-paragraph\">SEM-SEMlac\/sm<\/p>\n","protected":false},"excerpt":{"rendered":"<p> Entregan una carta al ministro cubano de Cultura con m\u00e1s de 230 firmas<\/p>\n","protected":false},"author":3,"featured_media":49415,"comment_status":"open","ping_status":"open","sticky":false,"template":"","format":"standard","meta":{"_monsterinsights_skip_tracking":false,"footnotes":""},"categories":[693,53],"tags":[],"class_list":["post-49414","post","type-post","status-publish","format-standard","has-post-thumbnail","category-693","category-internacional"],"_links":{"self":[{"href":"https:\/\/redsemlac.com\/semmexico\/wp-json\/wp\/v2\/posts\/49414","targetHints":{"allow":["GET"]}}],"collection":[{"href":"https:\/\/redsemlac.com\/semmexico\/wp-json\/wp\/v2\/posts"}],"about":[{"href":"https:\/\/redsemlac.com\/semmexico\/wp-json\/wp\/v2\/types\/post"}],"author":[{"embeddable":true,"href":"https:\/\/redsemlac.com\/semmexico\/wp-json\/wp\/v2\/users\/3"}],"replies":[{"embeddable":true,"href":"https:\/\/redsemlac.com\/semmexico\/wp-json\/wp\/v2\/comments?post=49414"}],"version-history":[{"count":0,"href":"https:\/\/redsemlac.com\/semmexico\/wp-json\/wp\/v2\/posts\/49414\/revisions"}],"wp:featuredmedia":[{"embeddable":true,"href":"https:\/\/redsemlac.com\/semmexico\/wp-json\/wp\/v2\/media\/49415"}],"wp:attachment":[{"href":"https:\/\/redsemlac.com\/semmexico\/wp-json\/wp\/v2\/media?parent=49414"}],"wp:term":[{"taxonomy":"category","embeddable":true,"href":"https:\/\/redsemlac.com\/semmexico\/wp-json\/wp\/v2\/categories?post=49414"},{"taxonomy":"post_tag","embeddable":true,"href":"https:\/\/redsemlac.com\/semmexico\/wp-json\/wp\/v2\/tags?post=49414"}],"curies":[{"name":"wp","href":"https:\/\/api.w.org\/{rel}","templated":true}]}}