{"id":49412,"date":"2022-05-02T16:03:13","date_gmt":"2022-05-02T22:03:13","guid":{"rendered":"https:\/\/redsemlac.com\/semmexico\/?p=49412"},"modified":"2023-07-21T19:03:48","modified_gmt":"2023-07-22T00:03:48","slug":"mujeres-y-politica-las-indomitas","status":"publish","type":"post","link":"https:\/\/redsemlac.com\/semmexico\/mujeres-y-politica-las-indomitas\/","title":{"rendered":"Mujeres y Pol\u00edtica|| Las ind\u00f3mitas"},"content":{"rendered":"\n<p class=\"wp-block-paragraph\"><strong>Soledad Jarqu\u00edn Edgar<\/strong><\/p>\n\n\n\n<p class=\"wp-block-paragraph\">SemM\u00e9xico, Oaxaca, 2 de mayo, 2022.- Las movilizaciones de protesta de las j\u00f3venes feministas tienen una raz\u00f3n profunda, son ellas las ni\u00f1as y las j\u00f3venes, las que m\u00e1s desaparecen, a las que m\u00e1s asesinan, a las que m\u00e1s violan\u2026<\/p>\n\n\n\n<p class=\"wp-block-paragraph\">Adem\u00e1s, son ellas, muchas profesionales en formaci\u00f3n, las que viven hoy \u2013insisto mayoritariamente- el acoso en la escuela, la calle y hasta en sus casas, una violencia dram\u00e1tica que no escapa de ser tambi\u00e9n una realidad en las redes sociales, donde la misoginia es el hilo conductor.<\/p>\n\n\n\n<p class=\"wp-block-paragraph\">Son ellas las que pintan, rompen y queman muy hartas de cada minuto de su vida en la que un hombre las ha violentado. Muchas generaciones atr\u00e1s no lo entendimos o lo entendimos tarde, se pens\u00f3 que eso era la costumbre y que a ellos, los machos, se les permit\u00eda o peor a\u00fan era su derecho. As\u00ed aguantaron la rabia y mordieron su silencio y no es que antes la violencia feminicida en todas sus expresiones no sucediera, no, siempre pas\u00f3.<\/p>\n\n\n\n<p class=\"wp-block-paragraph\">La semana pasada cuando se present\u00f3 en el Senado la iniciativa de reforma \u201csin consentimiento es violaci\u00f3n\u201d #NoEsNo, se dieron a conocer cifras que la verdad, deber\u00edan indignarnos en grado m\u00e1ximo. Casi la mitad de las mexicanas en alg\u00fan momento de su vida declararon haber vivido un acto de violencia sexual. Peor todav\u00eda, cuando vemos que m\u00e1s de un tercio de las mujeres que sufrieron violencia sexual no denunciaron y las \u201crazones\u201d son las que perduran a lo largo de la historia humana: verg\u00fcenza, amenazas o porque nadie les iba a creer.<\/p>\n\n\n\n<p class=\"wp-block-paragraph\">Hoy muchas j\u00f3venes dicen no a cualquier tipo de violencia, pero seguimos viendo que las desaparecen o las violan sexualmente y aclaro no es que salgan a protestar porque todas hayan pasado por una historia semejante. Lo hacen para darle voz a las que ya no est\u00e1n mujeres que conocieron, fueron sus amigas, compa\u00f1eras en la escuela, sus vecinas o no las conoc\u00edan, pero les duelen igual, es su miedo, su indignaci\u00f3n y su rabia la que les dice que deben salir a la calle y protestar.<\/p>\n\n\n\n<p class=\"wp-block-paragraph\">La mexicana es una sociedad que las mira, pero no toda la sociedad act\u00faa, nos falta mucho para entender sus protestas, un ejemplo son los millones de comentarios que surgen a diario en las redes sociales. A las que protestan les dicen \u201cviolentas\u201d, agresivas, v\u00e1ndalas. A las que asesinan o no vuelven a casa se les cuestiona por salir de noche, por vestir de una manera \u201cprovocativa\u201d, por re\u00edrse demasiado, por locas. Se les culpabiliza como sociedad y tambi\u00e9n desde las instituciones.<\/p>\n\n\n\n<p class=\"wp-block-paragraph\">Cuando lo que tenemos que cuestionar es esta estructura de poder social, donde las mujeres seguimos estando aprisionadas en un marco de limitadas libertades y donde los hombres siguen creyendo que una mujer sola es objeto de cualquier tipo de violencia, es un divertimento adquirido, as\u00ed se les ense\u00f1\u00f3, sea de d\u00eda o de noche, est\u00e9n en la calle o en sus hogares. No es la ropa, no es el lugar, no es el clima\u2026 No somos las mujeres es la cultura social, patriarcalizada, la del poder infinito de los hombres, la que las limita y les roba la vida.<\/p>\n\n\n\n<p class=\"wp-block-paragraph\">\u00bfCu\u00e1l es la respuesta? La social que mira una protesta y la ve pasar; la que observa c\u00f3mo polic\u00edas, como sucedi\u00f3 este domingo en Irapuato, las agrede f\u00edsicamente y no hace nada para detener el mandato patriarcal de someterlas a base de golpes y luego detenerlas, porque protestaron y en su protesta quemaron una propiedad del gobierno municipal, \u201cel palacio municipal\u201d s\u00edmbolo del poder, una pared, unas ventanas y una puerta. Eso tiene m\u00e1s valor que lo que ellas claman \u00a1No m\u00e1s desaparecidas, no m\u00e1s feminicidios!<\/p>\n\n\n\n<p class=\"wp-block-paragraph\">No somos un pa\u00eds que responda. Las instituciones acumulan miles de expedientes de mujeres que salieron a la escuela, a dejar a sus hijos, a trabajar o buscar un trabajo, a divertirse y nunca volvieron, muchas son asesinadas.<\/p>\n\n\n\n<p class=\"wp-block-paragraph\">Las carpetas de investigaci\u00f3n no avanzan, nadie tiene el inter\u00e9s de hacer cumplir la ley, hay impunidad de sobra en M\u00e9xico y por parad\u00f3jico que parezca nadie castiga a las y los funcionarios que no cumplen con su responsabilidad. Se protege a victimarios, criminales, bandas de delincuentes de narcos o de trata, feminicidas, violadores y a funcionarios incapaces, c\u00f3mplices. De ello hay cientos de ejemplos, familias que denuncian el actuar de ministerios p\u00fablicos, fiscales, jueces, gobernadores compinches de amigos carniceros de humanas y hasta un presidente que no centra su mirada en el problema y que sostiene que para evitar la violencia hay que volver a las mujeres a sus casas. Pero no sabe que el hogar tampoco es seguro. \u00a1Es la estructura social desigual se\u00f1or presidente!<\/p>\n\n\n\n<p class=\"wp-block-paragraph\">El pa\u00eds entero se ha dicho es una fosa com\u00fan para las mujeres. Esa es una expresi\u00f3n certera, real, demostrable. La respuesta del Estado es someter a las j\u00f3venes, ah\u00ed est\u00e1 Irapuato. Ese es el ejemplo m\u00e1s reciente, 30 j\u00f3venes fueron detenidas, sobra decir, con lujo de violencia.<\/p>\n\n\n\n<p class=\"wp-block-paragraph\">No lo duden, quiz\u00e1 para ellas la aplicaci\u00f3n de la justicia sea \u201cpronta y expedita\u201d pero en su contra, como no lo ha sido para miles de mujeres asesinadas o desaparecidas en este pa\u00eds. Hoy supimos del reclamo de Mar\u00eda Patricia Becerril G\u00f3mez, madre de la Dra. Zyanya Figueroa Becerril, asesinada en Puebla el 15 de mayo de 2018, y donde para variar y no perder la costumbre, las investigaciones carecieron de perspectiva de g\u00e9nero, por el contrario, la Fiscal\u00eda ha obstaculizado el acceso a la justicia. Les sonar\u00e1 conocido, s\u00ed, porque esa impunidad es un problema generalizado en M\u00e9xico. Uno al que las familias de las v\u00edctimas de feminicidio, como las j\u00f3venes que denuncian violencia y protestan en las calles, se niegan a aceptar.<\/p>\n\n\n\n<p class=\"wp-block-paragraph\">As\u00ed de simple.<\/p>\n","protected":false},"excerpt":{"rendered":"<p>Las movilizaciones de protesta de las j\u00f3venes feministas tienen una raz\u00f3n profunda, son ellas las ni\u00f1as y las j\u00f3venes, las que m\u00e1s desaparecen, a las que m\u00e1s asesinan, a las que m\u00e1s violan\u2026<\/p>\n","protected":false},"author":3,"featured_media":8460,"comment_status":"open","ping_status":"open","sticky":false,"template":"","format":"standard","meta":{"_monsterinsights_skip_tracking":false,"footnotes":""},"categories":[693,96,35,75],"tags":[459],"class_list":["post-49412","post","type-post","status-publish","format-standard","has-post-thumbnail","category-693","category-mujeres-y-politica","category-opinion","category-soledad-jarquin-edgar","tag-opinion"],"_links":{"self":[{"href":"https:\/\/redsemlac.com\/semmexico\/wp-json\/wp\/v2\/posts\/49412","targetHints":{"allow":["GET"]}}],"collection":[{"href":"https:\/\/redsemlac.com\/semmexico\/wp-json\/wp\/v2\/posts"}],"about":[{"href":"https:\/\/redsemlac.com\/semmexico\/wp-json\/wp\/v2\/types\/post"}],"author":[{"embeddable":true,"href":"https:\/\/redsemlac.com\/semmexico\/wp-json\/wp\/v2\/users\/3"}],"replies":[{"embeddable":true,"href":"https:\/\/redsemlac.com\/semmexico\/wp-json\/wp\/v2\/comments?post=49412"}],"version-history":[{"count":0,"href":"https:\/\/redsemlac.com\/semmexico\/wp-json\/wp\/v2\/posts\/49412\/revisions"}],"wp:featuredmedia":[{"embeddable":true,"href":"https:\/\/redsemlac.com\/semmexico\/wp-json\/wp\/v2\/media\/8460"}],"wp:attachment":[{"href":"https:\/\/redsemlac.com\/semmexico\/wp-json\/wp\/v2\/media?parent=49412"}],"wp:term":[{"taxonomy":"category","embeddable":true,"href":"https:\/\/redsemlac.com\/semmexico\/wp-json\/wp\/v2\/categories?post=49412"},{"taxonomy":"post_tag","embeddable":true,"href":"https:\/\/redsemlac.com\/semmexico\/wp-json\/wp\/v2\/tags?post=49412"}],"curies":[{"name":"wp","href":"https:\/\/api.w.org\/{rel}","templated":true}]}}