{"id":49391,"date":"2022-05-02T15:28:24","date_gmt":"2022-05-02T21:28:24","guid":{"rendered":"https:\/\/redsemlac.com\/semmexico\/?p=49391"},"modified":"2023-07-21T19:03:49","modified_gmt":"2023-07-22T00:03:49","slug":"hallazgos-miedo","status":"publish","type":"post","link":"https:\/\/redsemlac.com\/semmexico\/hallazgos-miedo\/","title":{"rendered":"Hallazgos| Miedo"},"content":{"rendered":"\n<p class=\"wp-block-paragraph\"><strong>Roc\u00edo Fiallega<\/strong><\/p>\n\n\n\n<p class=\"wp-block-paragraph\">SemM\u00e9xico, Cd. de M\u00e9xico, 2 de mayo, 2022.- Definici\u00f3n: \u201c1. m. Angustia por un riesgo o da\u00f1o real o imaginario \/ 2. m. Recelo o aprensi\u00f3n que alguien tiene de que le suceda algo contrario a lo que desea\u201d.<\/p>\n\n\n\n<p class=\"wp-block-paragraph\">Miedo a nacer, miedo a la luz, miedo a no correr como ni\u00f1a, miedo a ganar todas las carreras, miedo a levantarme con la falda manchada, miedo a quererlo, miedo a cabalgar, miedo a mi primer beso, miedo a mis manos que averiguar rincones de mi cuerpo, miedo a la luz prendida, miedo a que escuchen mi llanto bajo las s\u00e1banas, miedo a levantar la mano, miedo al subirme al transporte y no regresar, miedo a las miradas, miedo a la noche, miedo a la puerta cerrada, miedo a las manos ocultas detr\u00e1s de espalda, miedo a reprobar la materia, miedo a que no me alcance el pasaje, miedo a que me d\u00e9 la noche y no poder regresar, miedo a los libros que no he le\u00eddo, miedo a los libros que he le\u00eddo, miedo al \u00e9xito, miedo al fracaso, miedo a caer, miedo a m\u00ed misma, miedo a lo desconocido, miedo a la locura, miedo al rechazo, miedo a no saber, miedo a saber, miedo a ver, miedo a sentir, miedo a no volver, miedo a regresar, miedo a que Dios no exista, miedo a quedarme sola, miedo a ser cuidadora de los dem\u00e1s, miedo a no cumplir con las expectativas, miedo a la blasfemia, miedo al infierno, miedo a morir.<\/p>\n\n\n\n<p class=\"wp-block-paragraph\">Ant\u00f3nimos: \u201c\u00e1nimo, atrevimiento, audacia, braveza, bravura, coraje, decisi\u00f3n, denuedo, determinaci\u00f3n, empuje, entereza, esfuerzo, fogosidad, gallard\u00eda, hero\u00edsmo, impavidez, intrepidez, osad\u00eda, pecho, resoluci\u00f3n, sangre fr\u00eda, seguridad, serenidad, temeridad, temple, tranquilidad, valent\u00eda y valor\u201d.<\/p>\n\n\n\n<p class=\"wp-block-paragraph\">No es verdad, lo \u00fanico contrario al miedo es el amor.<\/p>\n\n\n\n<p class=\"wp-block-paragraph\">\u00bfMe atrever\u00e9 a decidir\/ser\/hacer desde el amor y no desde el miedo?<\/p>\n","protected":false},"excerpt":{"rendered":"<p>Definici\u00f3n: \u201c1. m. Angustia por un riesgo o da\u00f1o real o imaginario \/ 2. m. Recelo o aprensi\u00f3n que alguien tiene de que le suceda algo contrario a lo que desea\u201d.<\/p>\n","protected":false},"author":3,"featured_media":39324,"comment_status":"open","ping_status":"open","sticky":false,"template":"","format":"standard","meta":{"_monsterinsights_skip_tracking":false,"footnotes":""},"categories":[693,620,35,621],"tags":[459],"class_list":["post-49391","post","type-post","status-publish","format-standard","has-post-thumbnail","category-693","category-hallazgos","category-opinion","category-rocio-fiallega","tag-opinion"],"_links":{"self":[{"href":"https:\/\/redsemlac.com\/semmexico\/wp-json\/wp\/v2\/posts\/49391","targetHints":{"allow":["GET"]}}],"collection":[{"href":"https:\/\/redsemlac.com\/semmexico\/wp-json\/wp\/v2\/posts"}],"about":[{"href":"https:\/\/redsemlac.com\/semmexico\/wp-json\/wp\/v2\/types\/post"}],"author":[{"embeddable":true,"href":"https:\/\/redsemlac.com\/semmexico\/wp-json\/wp\/v2\/users\/3"}],"replies":[{"embeddable":true,"href":"https:\/\/redsemlac.com\/semmexico\/wp-json\/wp\/v2\/comments?post=49391"}],"version-history":[{"count":0,"href":"https:\/\/redsemlac.com\/semmexico\/wp-json\/wp\/v2\/posts\/49391\/revisions"}],"wp:featuredmedia":[{"embeddable":true,"href":"https:\/\/redsemlac.com\/semmexico\/wp-json\/wp\/v2\/media\/39324"}],"wp:attachment":[{"href":"https:\/\/redsemlac.com\/semmexico\/wp-json\/wp\/v2\/media?parent=49391"}],"wp:term":[{"taxonomy":"category","embeddable":true,"href":"https:\/\/redsemlac.com\/semmexico\/wp-json\/wp\/v2\/categories?post=49391"},{"taxonomy":"post_tag","embeddable":true,"href":"https:\/\/redsemlac.com\/semmexico\/wp-json\/wp\/v2\/tags?post=49391"}],"curies":[{"name":"wp","href":"https:\/\/api.w.org\/{rel}","templated":true}]}}