{"id":49377,"date":"2022-05-02T11:06:19","date_gmt":"2022-05-02T17:06:19","guid":{"rendered":"https:\/\/redsemlac.com\/semmexico\/?p=49377"},"modified":"2023-07-21T19:03:49","modified_gmt":"2023-07-22T00:03:49","slug":"en-mexico-unas-30-mil-ninas-ninos-y-adolescentes-reclutados-por-la-delincuencia","status":"publish","type":"post","link":"https:\/\/redsemlac.com\/semmexico\/en-mexico-unas-30-mil-ninas-ninos-y-adolescentes-reclutados-por-la-delincuencia\/","title":{"rendered":"En M\u00e9xico, unas 30 mil ni\u00f1as, ni\u00f1os y adolescentes reclutados por la delincuencia"},"content":{"rendered":"\n<ul class=\"wp-block-list\"><li><strong>Aumentan las penas <\/strong><strong>en una mitad cuando se involucre a los menores de edad<\/strong><\/li><\/ul>\n\n\n\n<ul class=\"wp-block-list\"><li><strong>Instalan Red legislativa \u2013federales y 32 locales- para armonizar leyes<\/strong><\/li><\/ul>\n\n\n\n<p class=\"wp-block-paragraph\"><strong>Elda Montiel<\/strong><\/p>\n\n\n\n<p class=\"wp-block-paragraph\">SemM\u00e9xico, Cd. de M\u00e9xico, 2 de mayo, 2022.- Combatir el uso de menores de edad por parte de la delincuencia e incorporar lenguaje incluyente fueron dos de los dict\u00e1menes aprobados en el \u00faltimo d\u00eda de sesi\u00f3n del Segundo Periodo Ordinario de la LXV Legislatura de la C\u00e1mara de Diputados.<\/p>\n\n\n\n<p class=\"wp-block-paragraph\">Se estima, en una cifra tentativa, que en el pa\u00eds alrededor de 30 mil ni\u00f1as, ni\u00f1os y adolescentes han sido reclutados por parte del crimen organizado quienes los utilizan como cocineros, mensajeros, halcones e incluso como esclavas sexuales. A nivel mundial esta cifra, seg\u00fan la UNICEF, es alrededor de 300 mil.<\/p>\n\n\n\n<p class=\"wp-block-paragraph\">La Comisi\u00f3n de Justicia present\u00f3 y se aprob\u00f3 el dictamen que reforma diversas disposiciones de las leyes Nacional del Sistema Integral de Justicia Penal para Adolescentes y Federal contra la Delincuencia Organizada.<\/p>\n\n\n\n<p class=\"wp-block-paragraph\">El presidente de la Comisi\u00f3n de Justicia, el panista, diputado Felipe Fernando Mac\u00edas Olvera expres\u00f3 que el objetivo es garantizar la reinserci\u00f3n social de ni\u00f1as, ni\u00f1os y adolescentes que hayan sido reclutados por la delincuencia o el narcotr\u00e1fico.<\/p>\n\n\n\n<p class=\"wp-block-paragraph\">El dictamen busca subsanar vac\u00edos en materia de readaptaci\u00f3n social e impulsar acciones para el contexto social y familiar, una vez, que han cumplido su pena los menores de 18 a\u00f1os recluidos en centros penitenciario, ya que \u201cla delincuencia ha concentrado su atenci\u00f3n en la ni\u00f1ez para reclutarla y obligarla, participar en la comisi\u00f3n de delitos\u201d, se\u00f1al\u00f3 el legislador de morena, Bernardo R\u00edos Cheno.<\/p>\n\n\n\n<p class=\"wp-block-paragraph\">Se agrega que, en el caso de las audiencias de individualizaci\u00f3n, cuando se trate de personas menores de edad procesadas por delincuencia organizada, el juez definir\u00e1 los mecanismos que se dispondr\u00e1n para su reintegraci\u00f3n.<\/p>\n\n\n\n<p class=\"wp-block-paragraph\">En el art\u00edculo 5 de la Ley Federal contra la Delincuencia Organizada se establece que las penas, contempladas en el art\u00edculo 4, aumentar\u00e1n hasta en una mitad cuando se involucre a los menores de edad, con cualquier grado de intervenci\u00f3n, en su comisi\u00f3n.<\/p>\n\n\n\n<p class=\"wp-block-paragraph\">En los argumentos de la iniciativa destaca que, aunque el uso de ni\u00f1as, ni\u00f1os y adolescentes por parte del crimen organizado comenz\u00f3 en paralelo a la profundizaci\u00f3n de la consabida violencia que result\u00f3 del enfrentamiento a los carteles del narcotr\u00e1fico, este problema no se visibiliz\u00f3 hasta 2010, cuando fue detenido en un operativo un menor de 14 a\u00f1os cuando intentaba abordar un avi\u00f3n a los Estados Unidos. Hab\u00eda sido capturado por la delincuencia organizada a los 12 a\u00f1os de edad.<\/p>\n\n\n\n<h2 class=\"wp-block-heading\" id=\"incorporar-lenguaje-incluyente-en-la-legislacion-de-las-ninas-y-ninos\"><strong>Incorporar lenguaje incluyente en la legislaci\u00f3n de las ni\u00f1as y ni\u00f1os<\/strong><\/h2>\n\n\n\n<p class=\"wp-block-paragraph\">Otro dictamen fue aprobado para incorporar lenguaje inclusivo, actualizar los nombres de las secretar\u00edas y garantizar el pleno de los derechos de las ni\u00f1as, ni\u00f1os y adolescentes a un ambiente sano.<\/p>\n\n\n\n<p class=\"wp-block-paragraph\">La diputada promovente, Martha Nabetse Arellano Reyes de Morena explic\u00f3 la importancia de las modificaciones para cumplir con el objetivo de garantizar la protecci\u00f3n, prevenci\u00f3n y restituci\u00f3n integral de los derechos de ni\u00f1as, ni\u00f1os y adolescentes que hayan sido vulnerados, al incorporar lenguaje incluyente en la Ley General de los Derechos de Ni\u00f1as, Ni\u00f1os y Adolescentes.<\/p>\n\n\n\n<p class=\"wp-block-paragraph\">As\u00ed como integrar al Sistema de Protecci\u00f3n Integral de los Derechos de las Ni\u00f1as, Ni\u00f1os y Adolescentes (SIPINNA) a la Secretar\u00eda de Medio Ambiente y Recursos Naturales, y actualizar la denominaci\u00f3n de la \u201cSecretar\u00eda de Desarrollo Social\u201d por \u201cSecretar\u00eda de Bienestar\u201d.<\/p>\n\n\n\n<p class=\"wp-block-paragraph\">Las modificaciones al art\u00edculo 127 de dicha ley sustituyen la denominaci\u00f3n \u201cPresidente\u201d por la de \u201cPersona titular de la Presidencia\u201d y la de \u201cSecretario\u201d por \u201cLa persona titular de Secretar\u00eda\u201d y \u201cLos Gobernadores de los estados\u201d por \u201cLas personas titulares de los poderes Ejecutivos de las Entidades Federativas\u201d, as\u00ed como \u201cEl Jefe de Gobierno\u201d por \u201cLa persona titular del Gobierno de la Ciudad de M\u00e9xico\u201d; y, \u201cEl Fiscal\u201d por \u201cLa persona titular de la Fiscal\u00eda\u201d.&nbsp;<\/p>\n\n\n\n<h2 class=\"wp-block-heading\" id=\"red-legislativa-para-armonizar-normativas-estales-y-federales\"><strong>Red legislativa para armonizar normativas estales y federales<\/strong><\/h2>\n\n\n\n<p class=\"wp-block-paragraph\">En el marco del D\u00eda del Ni\u00f1o y de la Ni\u00f1a las comisiones de Derechos de la Ni\u00f1ez y Adolescencia de la C\u00e1mara de Diputados y del Senado de la Rep\u00fablica instalaron la Red de Comisiones Legislativas en la materia, con el objetivo de consolidar el marco jur\u00eddico que buscara armonizar las leyes federales y locales, como las reformas en materia de prohibici\u00f3n de matrimonio infantil, agravar la pena en casos de feminicidios que involucren a ni\u00f1as y atender temas urgentes como la reunificaci\u00f3n familiar, adopci\u00f3n, violencia, migraci\u00f3n y cuidado alternativo.&nbsp;<\/p>\n\n\n\n<p class=\"wp-block-paragraph\">La diputada Ana Lilia Herrera Anzaldo, presidenta de este grupo de trabajo, dijo que se trabajar\u00e1 de forma conjunta y con pleno respeto a la autonom\u00eda y diferencias que existen en cada regi\u00f3n y dijo que la respuesta ha sido favorable a la convocatoria lanzada a los 32 congresos locales para participar en la Red.<\/p>\n\n\n\n<p class=\"wp-block-paragraph\">Para alcanzar los objetivos el trabajo se har\u00e1 de forma coordinada con el DIF, con las Procuradur\u00edas de Defensa de la Ni\u00f1ez y la secretaria ejecutiva del Sistema Nacional de Protecci\u00f3n de Ni\u00f1as, Ni\u00f1os y Adolescentes (SIPPINA).<\/p>\n\n\n\n<p class=\"wp-block-paragraph\">Mar\u00eda Constanza Tor San Rom\u00e1n, encargada del Despacho de SIPINNA, destac\u00f3 la urgencia de revisar el tema de las adopciones, a fin de consolidar un marco normativo que permita unificar las legislaciones con el C\u00f3digo Federal o trabajar en crear una ley general de adopci\u00f3n. En el tema de reclutamiento forzado, dijo, se requieren iniciativas de justicia social y pol\u00edtica criminal para atender este problema, y sobre la venta de ni\u00f1os.<\/p>\n\n\n\n<p class=\"wp-block-paragraph\">Oliver Casta\u00f1eda Correa, procurador Federal de Protecci\u00f3n de Ni\u00f1as Ni\u00f1os y Adolescentes del Sistema Nacional DIF, mencion\u00f3 que es esencial que anivel estatal las legislaciones en materia de protecci\u00f3n de la ni\u00f1ez est\u00e9n armonizadas con la Ley General y que todas las procuradur\u00edas de protecci\u00f3n y los sistemas DIF tengan estandarizados sus mecanismos de intervenci\u00f3n, porque hay normas a nivel estatal que no regulan los centros de asistencia social.<\/p>\n\n\n\n<p class=\"wp-block-paragraph\">La urgencia de supervisar los centros de asistencia social fue destacada por la directora de ejecutiva de la Red por los Derechos de la Infancia en M\u00e9xico (REDIM), Tania Ram\u00edrez Hern\u00e1ndez, y se refiri\u00f3 como otro tema urgente atender la orfandad por Covid 19 y feminicidios, embarazo y matrimonio infantil.&nbsp;<\/p>\n\n\n\n<p class=\"wp-block-paragraph\">En la instalaci\u00f3n participaron la presidenta de la Mesa Directiva del Senado de la Republica, Olga S\u00e1nchez Cordero, quien afirm\u00f3 que al consolidar el intercambio de ideas y perspectivas sociales y al romper c\u00edrculos de transgresi\u00f3n de los derechos de las ni\u00f1as, ni\u00f1os y adolescentes en los congresos, se podr\u00e1 aspirar a eliminar la violencia que impacta a la naci\u00f3n.&nbsp;&nbsp;<\/p>\n\n\n\n<p class=\"wp-block-paragraph\">Luis Fernando Carrera Castro, representante de la UNICEF en M\u00e9xico dijo que se debe atender la inversi\u00f3n, ya que M\u00e9xico es el pa\u00eds de Am\u00e9rica Latina que invierte menos en educaci\u00f3n b\u00e1sica en Am\u00e9rica Latina y entre los pa\u00edses de ingresos medios altos.<\/p>\n\n\n\n<h2 class=\"wp-block-heading\" id=\"escuela-es-nuestra-garantiza-el-horario-extendido-y-alimentacion\"><strong>Escuela es Nuestra garantiza el horario extendido y alimentaci\u00f3n<\/strong><\/h2>\n\n\n\n<p class=\"wp-block-paragraph\">La titular de Educaci\u00f3n P\u00fablica, Delfina G\u00f3mez \u00c1lvarez al reunirse con integrantes de la Junta de Coordinaci\u00f3n Pol\u00edticas (Jucopo) inform\u00f3 que los conceptos de horario ampliado y alimentaci\u00f3n se incluyen en el programa de la Escuela es Nuestra (LEEN), por lo que solicit\u00f3 ampliaci\u00f3n de presupuesto por 32 mil millones de pesos para el 2023.<\/p>\n\n\n\n<p class=\"wp-block-paragraph\">Asegur\u00f3 que la meta es que a partir de 2023 pasen de 27 mil planteles a 113 mil planteles y se atienda a 8.9 millones del alumnado garantizando los componentes de horario extendido, alimentaci\u00f3n y mejoramiento estructural.<\/p>\n\n\n\n<p class=\"wp-block-paragraph\">Argument\u00f3 que, en base a un estudio, los beneficios del Programa de Escuelas de Tiempo Completo no llegaban a todos y en algunos casos no se aplicaban. Se detect\u00f3 que casi 20 mil escuelas, el 73 por ciento no se ubicaban en lugares con altos grados de marginaci\u00f3n. De las 27 mil 67 escuelas de Tiempo Completo del ciclo escolar 2020-2021, poco m\u00e1s de la mitad eran rurales, 30 por ciento urbanas y s\u00f3lo 18 por ciento ind\u00edgenas.<\/p>\n\n\n\n<p class=\"wp-block-paragraph\">Dijo que junto con diversas instancias se modificar\u00e1n las reglas de operaci\u00f3n del programa LEEN para fortalecerlo e incorporar el horario extendido y la alimentaci\u00f3n.<\/p>\n\n\n\n<p class=\"wp-block-paragraph\">SEM\/em\/sj<\/p>\n","protected":false},"excerpt":{"rendered":"<p>Instalan Red legislativa \u2013federales y 32 locales- para armonizar leyes<\/p>\n","protected":false},"author":3,"featured_media":39494,"comment_status":"open","ping_status":"open","sticky":false,"template":"","format":"standard","meta":{"_monsterinsights_skip_tracking":false,"footnotes":""},"categories":[693,50],"tags":[],"class_list":["post-49377","post","type-post","status-publish","format-standard","has-post-thumbnail","category-693","category-congreso"],"_links":{"self":[{"href":"https:\/\/redsemlac.com\/semmexico\/wp-json\/wp\/v2\/posts\/49377","targetHints":{"allow":["GET"]}}],"collection":[{"href":"https:\/\/redsemlac.com\/semmexico\/wp-json\/wp\/v2\/posts"}],"about":[{"href":"https:\/\/redsemlac.com\/semmexico\/wp-json\/wp\/v2\/types\/post"}],"author":[{"embeddable":true,"href":"https:\/\/redsemlac.com\/semmexico\/wp-json\/wp\/v2\/users\/3"}],"replies":[{"embeddable":true,"href":"https:\/\/redsemlac.com\/semmexico\/wp-json\/wp\/v2\/comments?post=49377"}],"version-history":[{"count":0,"href":"https:\/\/redsemlac.com\/semmexico\/wp-json\/wp\/v2\/posts\/49377\/revisions"}],"wp:featuredmedia":[{"embeddable":true,"href":"https:\/\/redsemlac.com\/semmexico\/wp-json\/wp\/v2\/media\/39494"}],"wp:attachment":[{"href":"https:\/\/redsemlac.com\/semmexico\/wp-json\/wp\/v2\/media?parent=49377"}],"wp:term":[{"taxonomy":"category","embeddable":true,"href":"https:\/\/redsemlac.com\/semmexico\/wp-json\/wp\/v2\/categories?post=49377"},{"taxonomy":"post_tag","embeddable":true,"href":"https:\/\/redsemlac.com\/semmexico\/wp-json\/wp\/v2\/tags?post=49377"}],"curies":[{"name":"wp","href":"https:\/\/api.w.org\/{rel}","templated":true}]}}