{"id":49373,"date":"2022-05-02T11:01:21","date_gmt":"2022-05-02T17:01:21","guid":{"rendered":"https:\/\/redsemlac.com\/semmexico\/?p=49373"},"modified":"2023-07-21T19:03:50","modified_gmt":"2023-07-22T00:03:50","slug":"tras-la-puerta-del-poder-amlo-va-por-el-maximato-estilo-chavista","status":"publish","type":"post","link":"https:\/\/redsemlac.com\/semmexico\/tras-la-puerta-del-poder-amlo-va-por-el-maximato-estilo-chavista\/","title":{"rendered":"Tras la puerta del poder| AMLO va por el Maximato estilo chavista \u00a0"},"content":{"rendered":"\n<p class=\"wp-block-paragraph\"><strong>Roberto Vizca\u00edno<\/strong><\/p>\n\n\n\n<p class=\"wp-block-paragraph\">SemM\u00e9xico, Cd. de M\u00e9xico, 2 de mayo, 2022.- \u00bf<strong>Por qu\u00e9 presentar<\/strong>&nbsp;una reforma constitucional electoral condenada al fracaso?<\/p>\n\n\n\n<p class=\"wp-block-paragraph\">Esa es la pregunta.<\/p>\n\n\n\n<p class=\"wp-block-paragraph\">No sus inviables alcances.<\/p>\n\n\n\n<p class=\"wp-block-paragraph\">Sin los votos necesarios para reformar ninguno de los 18 art\u00edculos que plantea cambiar, resulta ocioso hablar de si esta reforma electoral pretende tal o cual cosa.<\/p>\n\n\n\n<p class=\"wp-block-paragraph\">Y menos a\u00fan cuando todos sabemos que ser\u00eda regresar al M\u00e9xico electoral de los 70, el de&nbsp;<strong>Luis Echeverr\u00eda<\/strong>.<\/p>\n\n\n\n<p class=\"wp-block-paragraph\">Si coincidimos, aceptamos lo anterior, queda claro que&nbsp;<strong>Andr\u00e9s Manuel L\u00f3pez Obrador<\/strong>&nbsp;impulsa una reforma electoral que, ya lo dijo \u00e9l mismo: no s\u00f3lo no tiene futuro legislativo y legal, sino que ni siquiera es suya, pues fue hecha y hasta presentada por&nbsp;<strong>Pablo G\u00f3mez<\/strong>&nbsp;y por&nbsp;<strong>Horacio Duarte<\/strong>.<\/p>\n\n\n\n<p class=\"wp-block-paragraph\"><strong>No nos enredemos<\/strong>: lo que busca&nbsp;<strong>L\u00f3pez Obrador<\/strong>&nbsp;es simple y llanamente profundizar y llevar m\u00e1s all\u00e1 del extremo el choque frontal que ya se da entre \u00e9l y los suyos con una oposici\u00f3n que en este trance tiene de entrada todo el apoyo de grandes e importantes segmentos de la poblaci\u00f3n, personajes, instituciones y organismos de todo tipo nacionales.<\/p>\n\n\n\n<p class=\"wp-block-paragraph\">Sin duda igual de gobiernos extranjeros -de EU y Canad\u00e1; la Uni\u00f3n Europea los primeros-, e influyentes sectores e instituciones internacionales.<\/p>\n\n\n\n<p class=\"wp-block-paragraph\">\u00bfEntonces?<\/p>\n\n\n\n<p class=\"wp-block-paragraph\">La obviedad nos dice que&nbsp;<strong>AMLO<\/strong>&nbsp;no quiere ni le interesa la aprobaci\u00f3n de su reforma electoral en el Congreso. Esta iniciativa es s\u00f3lo un amago burl\u00f3n. Lo que busca es fortalecer su apoyo social y llevar al extremo la polarizaci\u00f3n y activaci\u00f3n de sus casi 15 millones de seguidores, su base electoral inamovible, esa que estar\u00eda incluso dispuesta a morir por defenderlo.<\/p>\n\n\n\n<p class=\"wp-block-paragraph\"><strong>Y no lo digo a la ligera<\/strong>. No soy el \u00fanico que lo piensa y cree.<\/p>\n\n\n\n<p class=\"wp-block-paragraph\">Est\u00e1 por dem\u00e1s decir que esos 15 millones ya aplauden su propuesta de desaparecer el INE y las 32 Oples. De la propuesta de reducir al organismo que lo sustituya al m\u00ednimo. De quitarle a la burocracia electoral 24 mil millones de pesos que dice se ahorrar\u00eda con esta reforma. Y de paso anular financiera y con ello pol\u00edticamente a los partidos pol\u00edticos, incluido Morena, que \u00e9l nunca ha necesita porque \u00e9l es su propio partido.<\/p>\n\n\n\n<p class=\"wp-block-paragraph\">Todos sabemos que esos 15 millones de adictos suyos brincar\u00edan de gusto si desaparecieran 200 diputaciones federales, 32 senadur\u00edas y si se anulara de paso a congresos estatales.<\/p>\n\n\n\n<p class=\"wp-block-paragraph\">Trastocada la vida democr\u00e1tica del pa\u00eds, polarizado socialmente M\u00e9xico al extremo, se agudizar\u00eda la ca\u00edda econ\u00f3mica ya de por s\u00ed en picada y la crisis generalizada de inseguridad y violencia terminar\u00edan de darle a AMLO la base de toma de decisiones y acciones inconstitucionales extremas.<\/p>\n\n\n\n<p class=\"wp-block-paragraph\">En este escenario lo que cuenta,&nbsp;<strong><em>y ese es el eje de todo esto<\/em><\/strong>, es que&nbsp;<strong>AMLO<\/strong>&nbsp;concluya su mandato con todo el poder y lo electoral en sus manos.<\/p>\n\n\n\n<p class=\"wp-block-paragraph\">\u00bfLe suena? \u00bfAlgo as\u00ed como lo ocurrido en Venezuela?<\/p>\n\n\n\n<p class=\"wp-block-paragraph\">Para eso no necesita desaparecer al INE ni aprobar su reforma electoral. S\u00f3lo debilitar al m\u00e1ximo a todas las instituciones que integran el sistema electoral. Sin duda a la oposici\u00f3n integrada en la Alianza por M\u00e9xico (PAN, PRI, PRD y MC) y darle la puntilla a la cr\u00edtica que proviene de los medios.<\/p>\n\n\n\n<p class=\"wp-block-paragraph\">As\u00ed podr\u00e1&nbsp;<strong><em>retirarse en 2024 sin retirarse<\/em><\/strong>&nbsp;a su hacienda en Palenque. Un verdadero y poderoso&nbsp;<strong>Maximato<\/strong>. Lograr\u00eda lo que ansiaba y no alcanz\u00f3 a ver&nbsp;<strong>Plutarco El\u00edas Calles<\/strong>.<\/p>\n\n\n\n<p class=\"wp-block-paragraph\">Ser\u00eda el Maximato lopezobradorista del modelo chavista-madurista de Venezuela: gobernar desde la crisis, el rompimiento y la polarizaci\u00f3n social permanente, sostenido -en nuestro caso-, por un segmento beligerante de 15 millones de mexicanos&#8230; y el Ejercito, las Fuerzas Armadas.<\/p>\n\n\n\n<p class=\"wp-block-paragraph\">Aqu\u00ed, est\u00e1 por dem\u00e1s visto y documentado,&nbsp;<strong>AMLO<\/strong>&nbsp;ya cuenta con el apoyo del crimen organizado y los c\u00e1rteles de la droga.<\/p>\n\n\n\n<h2 class=\"wp-block-heading\" id=\"y-ademas-lanza-a-adan-augusto\"><strong>Y adem\u00e1s lanza a Ad\u00e1n Augusto<\/strong><\/h2>\n\n\n\n<p class=\"wp-block-paragraph\">En este contexto, y con este objetivo m\u00e1s que obvio en su futuro, cierra su pinza al destapar groseramente al m\u00e1s puro estilo pri\u00edsta de los 50, a su secretario de Gobernaci\u00f3n, paisano y amigazo -\u00bfc\u00f3mplice?-&nbsp;<strong>Ad\u00e1n Augusto L\u00f3pez<\/strong>&nbsp;v\u00eda una encuesta a mano alzada realizada a fines de la semana anterior en Palacio Nacional entre diputados federales de Morena, PT y Verde y con el grito de&nbsp;<em>\u00a1PRESIDENTE!, \u00a1PRESIDENTE!, \u00a1PRESIDENTE<\/em>, para meter as\u00ed a un tercer precandidato en su sucesi\u00f3n.<\/p>\n\n\n\n<p class=\"wp-block-paragraph\">Con esta jugada no s\u00f3lo ampl\u00eda el n\u00famero de aspirantes, sino que baja abruptamente, desecha sin m\u00e1s, a la que se supon\u00eda su favorita:&nbsp;<strong>Claudia Sheinbaum<\/strong>. Y a&nbsp;<strong>Marcelo Ebrard<\/strong>&nbsp;lo manda casi al basurero.<\/p>\n\n\n\n<p class=\"wp-block-paragraph\">El que celebr\u00f3 este tercer lanzamiento fue el candidato presidencial en rebeld\u00eda que es&nbsp;<strong>Ricardo Monreal<\/strong>, quien vio que, a m\u00e1s destapados oficiales, menos fuerza tienen.<\/p>\n\n\n\n<p class=\"wp-block-paragraph\">La iniciativa de reforma electoral, sumada a este lanzamiento, les deja en claro a todos los aspirantes -incluido&nbsp;<strong>Monreal, qui\u00e9n juega en su propio tablero<\/strong>-, que&nbsp;<strong>AMLO<\/strong>&nbsp;no respeta palabra ni a su propia sucesi\u00f3n, y que, as\u00ed como lanz\u00f3 ahora a&nbsp;<strong>Ad\u00e1n Augusto<\/strong>, puede ampliar el n\u00famero de aspirantes tanto como se le d\u00e9 la gana, para al final quiz\u00e1 no apoyar a ninguno de ellos.<\/p>\n\n\n\n<p class=\"wp-block-paragraph\">Ya el hecho mismo de que quiera cambiar las reglas del juego electoral al cuarto para las 12, dentro de un escenario por dem\u00e1s crispado y confrontado, advierte que sus destapados no tienen ante s\u00ed un piso estable, parejo y menos a\u00fan confianza en su l\u00edder.<\/p>\n\n\n\n<p class=\"wp-block-paragraph\">Si como aqu\u00ed planteamos&nbsp;<strong>AMLO<\/strong>&nbsp;busca ir a un ambiente social de crisis profunda,&nbsp;<strong>Marcelo, Claudia, Ad\u00e1n Augusto y Monreal<\/strong>&nbsp;van a tener que romper con \u00e9l. Presentarse luego como una alternativa viable de rescate de la estabilidad, el crecimiento y la paz social, con respeto al Estado de Derecho yde las minor\u00edas y la pluralidad.<\/p>\n\n\n\n<p class=\"wp-block-paragraph\">De todos los se\u00f1alados quien tiene las mayores posibilidades de alejarse de&nbsp;<strong>AMLO<\/strong>&nbsp;es justamente&nbsp;<strong>Monreal<\/strong>. No es de su Gabinete. Forma parte de un poder distinto, cada vez m\u00e1s lejano de la voluntad totalitaria del mandatario. En el cual adem\u00e1s ha surgido una oposici\u00f3n real.<\/p>\n\n\n\n<p class=\"wp-block-paragraph\">Pero sobre todo el zacatecano puede romper porque ha tenido la audacia de construirse desde hace rato como una alternativa pol\u00edtica, democr\u00e1tica, racional, confiable frente a los excesos absurdos casi dictatoriales de&nbsp;<strong>L\u00f3pez Obrador<\/strong>. Y ha logrado integrar una poderosa red de apoyo entre inversionistas y empresarios nacionales y extranjeros, intelectuales y acad\u00e9micos, cient\u00edficos, grupos de mujeres y madres solteras, otros muchos como campesinos y agricultores.<\/p>\n\n\n\n<p class=\"wp-block-paragraph\">El zacatecano igual cuenta sin duda con una red poderosa de funcionarios, alcaldes, diputados y senadores, gobernadores y grupos dentro de Morena.<\/p>\n\n\n\n<p class=\"wp-block-paragraph\"><strong>Monreal<\/strong>, hablemos claro, no puede simpatizar con la pretendida reforma electoral de&nbsp;<strong>AMLO<\/strong>&nbsp;porque alterar\u00eda todo su escenario legal, constitucional, de cultura pol\u00edtica que \u00e9l ha ayudado a construir.<\/p>\n\n\n\n<p class=\"wp-block-paragraph\">Doctor en Derecho Constitucional cree en la fortaleza de las instituciones para el ascenso al poder por la v\u00eda institucional. Reforma, s\u00ed; pero consensuada, ha dicho.<\/p>\n\n\n\n<p class=\"wp-block-paragraph\">A ninguno de los aspirantes a suceder a&nbsp;<strong>L\u00f3pez Obrador<\/strong>&nbsp;conviene ir a un escenario&nbsp;<strong>chavista-madurista<\/strong>&nbsp;de polarizaci\u00f3n social, crisis econ\u00f3mica, inseguridad y rompimiento de la gobernabilidad.<\/p>\n\n\n\n<p class=\"wp-block-paragraph\">A un Maximato lopezobradorista m\u00e1s que cantado.<\/p>\n\n\n\n<p class=\"wp-block-paragraph\">&#8230;<a href=\"mailto:rvizcainoa@gmail.com\" target=\"_blank\" rel=\"noreferrer noopener\">rvizcainoa@gmail.com<\/a>&nbsp;\/ Twitter: @_Vizcaino \/ Facebook \/&nbsp;<a href=\"https:\/\/www.facebook.com\/rvizcainoa\" target=\"_blank\" rel=\"noreferrer noopener\">https:\/\/www.facebook.com\/rvizcainoa<\/a>&nbsp;<\/p>\n","protected":false},"excerpt":{"rendered":"<p>\u00bfPor qu\u00e9 presentar\u00a0una reforma constitucional electoral condenada al fracaso?<\/p>\n","protected":false},"author":3,"featured_media":39589,"comment_status":"open","ping_status":"open","sticky":false,"template":"","format":"standard","meta":{"_monsterinsights_skip_tracking":false,"footnotes":""},"categories":[693,35,623,622],"tags":[459],"class_list":["post-49373","post","type-post","status-publish","format-standard","has-post-thumbnail","category-693","category-opinion","category-roberto-vizcaino","category-tras-la-puerta-del-poder","tag-opinion"],"_links":{"self":[{"href":"https:\/\/redsemlac.com\/semmexico\/wp-json\/wp\/v2\/posts\/49373","targetHints":{"allow":["GET"]}}],"collection":[{"href":"https:\/\/redsemlac.com\/semmexico\/wp-json\/wp\/v2\/posts"}],"about":[{"href":"https:\/\/redsemlac.com\/semmexico\/wp-json\/wp\/v2\/types\/post"}],"author":[{"embeddable":true,"href":"https:\/\/redsemlac.com\/semmexico\/wp-json\/wp\/v2\/users\/3"}],"replies":[{"embeddable":true,"href":"https:\/\/redsemlac.com\/semmexico\/wp-json\/wp\/v2\/comments?post=49373"}],"version-history":[{"count":0,"href":"https:\/\/redsemlac.com\/semmexico\/wp-json\/wp\/v2\/posts\/49373\/revisions"}],"wp:featuredmedia":[{"embeddable":true,"href":"https:\/\/redsemlac.com\/semmexico\/wp-json\/wp\/v2\/media\/39589"}],"wp:attachment":[{"href":"https:\/\/redsemlac.com\/semmexico\/wp-json\/wp\/v2\/media?parent=49373"}],"wp:term":[{"taxonomy":"category","embeddable":true,"href":"https:\/\/redsemlac.com\/semmexico\/wp-json\/wp\/v2\/categories?post=49373"},{"taxonomy":"post_tag","embeddable":true,"href":"https:\/\/redsemlac.com\/semmexico\/wp-json\/wp\/v2\/tags?post=49373"}],"curies":[{"name":"wp","href":"https:\/\/api.w.org\/{rel}","templated":true}]}}