{"id":49358,"date":"2022-05-02T09:45:09","date_gmt":"2022-05-02T15:45:09","guid":{"rendered":"https:\/\/redsemlac.com\/semmexico\/?p=49358"},"modified":"2023-07-21T19:03:50","modified_gmt":"2023-07-22T00:03:50","slug":"adios-a-concepcion-villafuerte-la-periodista-ejemplo-de-generaciones","status":"publish","type":"post","link":"https:\/\/redsemlac.com\/semmexico\/adios-a-concepcion-villafuerte-la-periodista-ejemplo-de-generaciones\/","title":{"rendered":"Adi\u00f3s a Concepci\u00f3n Villafuerte, la periodista ejemplo de generaciones"},"content":{"rendered":"\n<ul class=\"wp-block-list\"><li>Descanse en paz a esta periodista insumisa, congruente e incansable<\/li><\/ul>\n\n\n\n<p class=\"wp-block-paragraph\"><a href=\"https:\/\/www.chiapasparalelo.com\/author\/sarellymartinez\/\">Sarelly Mart\u00ednez Mendoza<\/a><\/p>\n\n\n\n<p class=\"wp-block-paragraph\">SemM\u00e9xico\/Chiapas Paralelo, 2 de mayo, 2022.-&nbsp; Hace un mes, Concepci\u00f3n Villafuerte, la directora de&nbsp;<em>La Foja Coleta,<\/em>&nbsp;asisti\u00f3 a la conferencia matutina de Palacio Nacional.<\/p>\n\n\n\n<p class=\"wp-block-paragraph\">Aunque no plante\u00f3 ninguna pregunta, despu\u00e9s de la conferencia del presidente Andr\u00e9s Manuel L\u00f3pez Obrador, se acerc\u00f3 a Jes\u00fas Ram\u00edrez Cuevas, y lo cuestion\u00f3 en clave chiapaneca:<\/p>\n\n\n\n<p class=\"wp-block-paragraph\">\u2013Y diay, \u00bfc\u00f3mo aguant\u00e1s esta chingadera, vos?<\/p>\n\n\n\n<p class=\"wp-block-paragraph\">El vocero presidencial, quien vivi\u00f3 en San Crist\u00f3bal de Las Casas, y fue amigo de la familia Avenda\u00f1o Villafuerte, contest\u00f3 sorprendido:<\/p>\n\n\n\n<p class=\"wp-block-paragraph\">\u2013Pues estamos aqu\u00ed puestos.<\/p>\n\n\n\n<p class=\"wp-block-paragraph\">\u2013Est\u00e1s cabr\u00f3n.<\/p>\n\n\n\n<p class=\"wp-block-paragraph\">\u2013Dispuestos al deber.<\/p>\n\n\n\n<p class=\"wp-block-paragraph\">\u2013No. Esto no es un deber. \u00bfC\u00f3mo va a ser un deber? Aguantar a este se\u00f1or todo el tiempo \u2013le contest\u00f3 la irreverente periodista.<\/p>\n\n\n\n<p class=\"wp-block-paragraph\">Como pudo, Jes\u00fas Ram\u00edrez se escabull\u00f3 de la voz inquisidora, no sin antes decir: \u201cNo le creas a los medios de comunicaci\u00f3n\u201d.<\/p>\n\n\n\n<p class=\"wp-block-paragraph\">As\u00ed era Conchita, que en realidad tuvo un nombre largu\u00edsimo: Mar\u00eda Concepci\u00f3n Esperanza Villafuerte Blanco.<\/p>\n\n\n\n<div class=\"wp-block-image\"><figure class=\"alignleft size-full\"><a href=\"https:\/\/redsemlac.com\/semmexico\/wp-content\/uploads\/2022\/05\/nota-1.jpg\"><img loading=\"lazy\" decoding=\"async\" width=\"300\" height=\"198\" src=\"https:\/\/redsemlac.com\/semmexico\/wp-content\/uploads\/2022\/05\/nota-1.jpg\" alt=\"\" class=\"wp-image-49360\"\/><\/a><figcaption>Do\u00f1a Concepci\u00f3n Villafuerte, cabeza de una familia con mucha historia en el periodismo Chiapaneco<\/figcaption><\/figure><\/div>\n\n\n\n<p class=\"wp-block-paragraph\">Hija de Enrique y Esperanza, creci\u00f3 en la calle doctor Navarro n\u00famero 20, del barrio del Cerrillo, en San Crist\u00f3bal de Las Casas. Ah\u00ed cerca estudi\u00f3 la primaria, en la Escuela Josefa Ortiz de Dom\u00ednguez; despu\u00e9s ingres\u00f3 a un instituto en donde se titul\u00f3 como auxiliar de contabilidad.<\/p>\n\n\n\n<p class=\"wp-block-paragraph\">Su car\u00e1cter fuerte, dec\u00eda, era herencia de su madre, quien al quedar viuda muy joven tuvo que armarse de coraje y rebeld\u00eda para alimentar a sus hijos. Esperanza Blanco se especializ\u00f3 en el lavado de trajes, que entonces, a falta de equipo de limpieza en seco, era una tarea compleja y delicada.<\/p>\n\n\n\n<p class=\"wp-block-paragraph\">En su juventud, Conchita vivi\u00f3 una temporada en la Ciudad de M\u00e9xico y otra m\u00e1s en Tuxtla Guti\u00e9rrez.<\/p>\n\n\n\n<p class=\"wp-block-paragraph\">A los veinte regres\u00f3 a San Crist\u00f3bal. Encontr\u00f3 trabajo como auxiliar de contabilidad en una empresa de transportes. Ah\u00ed conoci\u00f3 a Amado Avenda\u00f1o, quien era empleado de hacienda del municipio.<\/p>\n\n\n\n<p class=\"wp-block-paragraph\">En 1967 se casaron. Ella ten\u00eda 22 a\u00f1os y \u00e9l, 30. Pronto tuvieron hijos. Ella dec\u00eda que en tres a\u00f1os hab\u00edan procreado cuatro, casi sin pausas. Completar la media docena s\u00ed les llev\u00f3 m\u00e1s tiempo. As\u00ed les nacieron Elia, Amado, Mar\u00eda Concepci\u00f3n, Amalia, Ren\u00e9 y Rita.<\/p>\n\n\n\n<p class=\"wp-block-paragraph\">A la par de los hijos lleg\u00f3 otro miembro importante de la familia, el peri\u00f3dico&nbsp;<em>El Tiempo, que informa y orienta<\/em>, fundado el 6 de febrero de 1968.<\/p>\n\n\n\n<p class=\"wp-block-paragraph\">Al convertir su casa en sala de redacci\u00f3n se involucr\u00f3 en el periodismo. Escribi\u00f3 sus primeras notas a fines de esa d\u00e9cada y en la siguiente decidi\u00f3 crear&nbsp;<em>Diario Hoy,&nbsp;<\/em>que es una de las primeras publicaciones dirigida por una mujer en Chiapas, y que ces\u00f3 en 1988, cuando el legendario semanal&nbsp;<em>Tiempo<\/em>&nbsp;se convirti\u00f3 en diario.<\/p>\n\n\n\n<p class=\"wp-block-paragraph\">Cr\u00edtica del sistema pol\u00edtico, de partidos de izquierda, del centro o de la derecha, Concepci\u00f3n Villafuerte Blanco deja un legado como activista y como periodista inconforme, rebelde y propositiva.<\/p>\n\n\n\n<p class=\"wp-block-paragraph\">Se ha despedido del periodismo casi dos meses despu\u00e9s de haber cumplido 76 a\u00f1os. Su fecha de nacimiento qued\u00f3 marcada el 6 de marzo de 1946.<\/p>\n\n\n\n<p class=\"wp-block-paragraph\">\u00a1Descanse en paz a esta periodista insumisa, congruente e incansable!<\/p>\n","protected":false},"excerpt":{"rendered":"<p>Hace un mes, Concepci\u00f3n Villafuerte, la directora de\u00a0La Foja Coleta,\u00a0asisti\u00f3 a la conferencia matutina de Palacio Nacional.<\/p>\n","protected":false},"author":3,"featured_media":49361,"comment_status":"open","ping_status":"open","sticky":false,"template":"","format":"standard","meta":{"_monsterinsights_skip_tracking":false,"footnotes":""},"categories":[693,54],"tags":[],"class_list":["post-49358","post","type-post","status-publish","format-standard","has-post-thumbnail","category-693","category-mujeres"],"_links":{"self":[{"href":"https:\/\/redsemlac.com\/semmexico\/wp-json\/wp\/v2\/posts\/49358","targetHints":{"allow":["GET"]}}],"collection":[{"href":"https:\/\/redsemlac.com\/semmexico\/wp-json\/wp\/v2\/posts"}],"about":[{"href":"https:\/\/redsemlac.com\/semmexico\/wp-json\/wp\/v2\/types\/post"}],"author":[{"embeddable":true,"href":"https:\/\/redsemlac.com\/semmexico\/wp-json\/wp\/v2\/users\/3"}],"replies":[{"embeddable":true,"href":"https:\/\/redsemlac.com\/semmexico\/wp-json\/wp\/v2\/comments?post=49358"}],"version-history":[{"count":0,"href":"https:\/\/redsemlac.com\/semmexico\/wp-json\/wp\/v2\/posts\/49358\/revisions"}],"wp:featuredmedia":[{"embeddable":true,"href":"https:\/\/redsemlac.com\/semmexico\/wp-json\/wp\/v2\/media\/49361"}],"wp:attachment":[{"href":"https:\/\/redsemlac.com\/semmexico\/wp-json\/wp\/v2\/media?parent=49358"}],"wp:term":[{"taxonomy":"category","embeddable":true,"href":"https:\/\/redsemlac.com\/semmexico\/wp-json\/wp\/v2\/categories?post=49358"},{"taxonomy":"post_tag","embeddable":true,"href":"https:\/\/redsemlac.com\/semmexico\/wp-json\/wp\/v2\/tags?post=49358"}],"curies":[{"name":"wp","href":"https:\/\/api.w.org\/{rel}","templated":true}]}}