{"id":49346,"date":"2022-05-01T12:57:56","date_gmt":"2022-05-01T18:57:56","guid":{"rendered":"https:\/\/redsemlac.com\/semmexico\/?p=49346"},"modified":"2023-07-21T19:03:50","modified_gmt":"2023-07-22T00:03:50","slug":"respeto-total-al-trabajo-sexual","status":"publish","type":"post","link":"https:\/\/redsemlac.com\/semmexico\/respeto-total-al-trabajo-sexual\/","title":{"rendered":"\u00a1Respeto total al trabajo sexual!"},"content":{"rendered":"\n<p class=\"wp-block-paragraph\">Lizbeth \u00c1lvarez Mart\u00ednez<\/p>\n\n\n\n<p class=\"wp-block-paragraph\" id=\"block-681f5a27-c684-4411-96b9-d83eacf2e90f\">SemM\u00e9xico, Cd. de M\u00e9xico, 1\u00ba. de Mayo, 2022 .-La Brigada Callejera de Apoyo a la Mujer \u201cElisa Mart\u00ednez\u201d A.C, desde hace m\u00e1s de 30 a\u00f1os ha trabajado por el reconocimiento del trabajo sexual como una labor digna, con el objetivo de que quienes lo ejerzan libremente tengan acceso a derechos laborales.<\/p>\n\n\n\n<p class=\"wp-block-paragraph\" id=\"block-665044dc-a54e-4b2d-8083-d7cc30e28d7e\">Cada acci\u00f3n de la organizaci\u00f3n va encaminada al reconocimiento pleno del que los derechos sexuales, reproductivos, humanos, laborales y pol\u00edticos de las trabajadoras sexuales.<\/p>\n\n\n\n<p class=\"wp-block-paragraph\" id=\"block-2771c59a-2563-4e5b-be52-d01c174e5f68\">Para manifestarse a favor del respeto total al trabajo sexual en el marco del D\u00eda Internacional del Trabajo se dan cita entre las calles Soledad y Corregidora para salir a marchar a favor de sus derechos laborales. Pretenden llegar al Z\u00f3calo capitalino.<\/p>\n\n\n\n<p class=\"wp-block-paragraph\" id=\"block-89cd646c-c13a-4692-bb51-7d62bde61646\">Elvira Madrid, presidente de la Brigada Callejera menciona que la pandemia ha precarizado la situaci\u00f3n de las trabajadoras sexuales independientes, \u201csus<br>ingresos han disminuido hasta en un 70%\u201d. Adem\u00e1s, se duplic\u00f3 el n\u00famero de trabajadoras sexuales en las calles de la Ciudad de M\u00e9xico. Antes del Covid-19 se<br>contabilizaban cerca de 7 mil 700 trabajadoras, la cifra m\u00e1s reciente suma 15 mil 200.<\/p>\n\n\n\n<figure class=\"wp-block-image size-large\"><a href=\"https:\/\/redsemlac.com\/semmexico\/wp-content\/uploads\/2022\/05\/WhatsApp-Image-2022-05-01-at-12.48.02-PM.jpeg\"><img decoding=\"async\" src=\"https:\/\/redsemlac.com\/semmexico\/wp-content\/uploads\/2022\/05\/WhatsApp-Image-2022-05-01-at-12.48.02-PM-1024x768.jpeg\" alt=\"\" class=\"wp-image-49348\"\/><\/a><\/figure>\n","protected":false},"excerpt":{"rendered":"<p>La Brigada Callejera de Apoyo a la Mujer \u201cElisa Mart\u00ednez\u201d A.C, desde hace m\u00e1s de 30 a\u00f1os ha trabajado por el reconocimiento del trabajo sexual como una labor digna, con el objetivo de que quienes lo ejerzan libremente tengan acceso a derechos laborales.<\/p>\n","protected":false},"author":3,"featured_media":49349,"comment_status":"open","ping_status":"open","sticky":false,"template":"","format":"standard","meta":{"_monsterinsights_skip_tracking":false,"footnotes":""},"categories":[693,54],"tags":[],"class_list":["post-49346","post","type-post","status-publish","format-standard","has-post-thumbnail","category-693","category-mujeres"],"_links":{"self":[{"href":"https:\/\/redsemlac.com\/semmexico\/wp-json\/wp\/v2\/posts\/49346","targetHints":{"allow":["GET"]}}],"collection":[{"href":"https:\/\/redsemlac.com\/semmexico\/wp-json\/wp\/v2\/posts"}],"about":[{"href":"https:\/\/redsemlac.com\/semmexico\/wp-json\/wp\/v2\/types\/post"}],"author":[{"embeddable":true,"href":"https:\/\/redsemlac.com\/semmexico\/wp-json\/wp\/v2\/users\/3"}],"replies":[{"embeddable":true,"href":"https:\/\/redsemlac.com\/semmexico\/wp-json\/wp\/v2\/comments?post=49346"}],"version-history":[{"count":0,"href":"https:\/\/redsemlac.com\/semmexico\/wp-json\/wp\/v2\/posts\/49346\/revisions"}],"wp:featuredmedia":[{"embeddable":true,"href":"https:\/\/redsemlac.com\/semmexico\/wp-json\/wp\/v2\/media\/49349"}],"wp:attachment":[{"href":"https:\/\/redsemlac.com\/semmexico\/wp-json\/wp\/v2\/media?parent=49346"}],"wp:term":[{"taxonomy":"category","embeddable":true,"href":"https:\/\/redsemlac.com\/semmexico\/wp-json\/wp\/v2\/categories?post=49346"},{"taxonomy":"post_tag","embeddable":true,"href":"https:\/\/redsemlac.com\/semmexico\/wp-json\/wp\/v2\/tags?post=49346"}],"curies":[{"name":"wp","href":"https:\/\/api.w.org\/{rel}","templated":true}]}}