{"id":49339,"date":"2022-05-01T10:20:36","date_gmt":"2022-05-01T16:20:36","guid":{"rendered":"https:\/\/redsemlac.com\/semmexico\/?p=49339"},"modified":"2023-07-21T19:03:50","modified_gmt":"2023-07-22T00:03:50","slug":"feminicidios-y-violencia-a-las-mujeres-ahora-se-castigara-con-40-anos-de-prision-a-los-culpables","status":"publish","type":"post","link":"https:\/\/redsemlac.com\/semmexico\/feminicidios-y-violencia-a-las-mujeres-ahora-se-castigara-con-40-anos-de-prision-a-los-culpables\/","title":{"rendered":"Feminicidios y Violencia a las mujeres: ahora se castigar\u00e1 con 40 a\u00f1os de prisi\u00f3n a los culpables"},"content":{"rendered":"\n<p class=\"wp-block-paragraph\">Los jueces ya no podr\u00e1n cambiar el tipo de delito<\/p>\n\n\n\n<p class=\"wp-block-paragraph\">Ya van 23,342 Mujeres asesinadas en el actual sexenio<\/p>\n\n\n\n<p class=\"wp-block-paragraph\">Miguel \u00c1ngel Cristiani Gonz\u00e1lez<\/p>\n\n\n\n<p class=\"wp-block-paragraph\">SemM\u00e9xico\/BillieParkerNoticias, 1\u00ba. de mayo, 2022.- Tanto en la C\u00e1mara de Diputados como en la de Senadores, cada una por su lado, realizaron este martes 26 de abril, un minuto de silencio por las miles de mujeres asesinadas y por las que sufren de violencia en nuestro pa\u00eds.<\/p>\n\n\n\n<p class=\"wp-block-paragraph\">Aunque es un tema de urgente necesidad de ser atendido, no en las conferencias ma\u00f1aneras, sino en las instancias de impartici\u00f3n de justicia, finalmente se aprob\u00f3 modificar el C\u00f3digo Penal Federal para castigar el feminicidio o su intento, con hasta cuarenta a\u00f1os de prisi\u00f3n.<\/p>\n\n\n\n<p class=\"wp-block-paragraph\">Pero, adem\u00e1s, se aprob\u00f3 otra cuesti\u00f3n muy importante, que los jueces no puedan modificar la tipificaci\u00f3n del delito de los acusados y detenidos, porque luego resulta que lo cambian por otro m\u00e1s leve y m\u00e1s tardan en curar las lesiones a las mujeres, que ellos en salir en libertad nuevamente.<\/p>\n\n\n\n<p class=\"wp-block-paragraph\">La reforma al C\u00f3digo Nacional de Procedimientos Penales, de la Ley Nacional de Ejecuci\u00f3n Penal y del C\u00f3digo Penal Federal, para castigar el feminicidio en grado de tentativa, fue aprobada con 453 votos a favor y 24 abstenciones por lo que fue turnada al Senado, en donde se espera que tambi\u00e9n sea aprobada.<\/p>\n\n\n\n<p class=\"wp-block-paragraph\">La propuesta establece que el delito de feminicidio en grado de tentativa ameritar\u00e1 prisi\u00f3n preventiva oficiosa, al igual que el feminicidio consumado que ya estaba en el C\u00f3digo Nacional de Procedimientos Penales.<\/p>\n\n\n\n<p class=\"wp-block-paragraph\">En la misma sesi\u00f3n de este martes, la C\u00e1mara de Diputados aprob\u00f3, en lo general y en lo particular, el dictamen que reforma y adiciona diversas disposiciones de la Ley General en Materia de Desaparici\u00f3n Forzada de Personas, Desaparici\u00f3n Cometida por Particulares y del Sistema Nacional de B\u00fasqueda de Personas, a fin de crear el Centro Nacional de Identificaci\u00f3n Humana.<\/p>\n\n\n\n<p class=\"wp-block-paragraph\">Para comprender mejor la magnitud del problema del feminicidio y la violencia contra las mujeres, hay que ver las cifras que fueron reveladas por el Sistema Nacional de Seguridad P\u00fablica, actualizadas ala mes de marzo y esos son n\u00fameros oficiales, porque hay muchos casos m\u00e1s que no son denunciados.<\/p>\n\n\n\n<p class=\"has-medium-font-size wp-block-paragraph\"><strong>Ya van 23,342 Mujeres asesinadas en el sexenio<\/strong><\/p>\n\n\n\n<p class=\"has-medium-font-size wp-block-paragraph\"><strong>61,450 han sido violadas<\/strong><\/p>\n\n\n\n<p class=\"has-medium-font-size wp-block-paragraph\"><strong>Marzo 2022 el mes con m\u00e1s violaciones y con m\u00e1s denuncias de Violencia de G\u00e9nero<\/strong><\/p>\n\n\n\n<p class=\"has-medium-font-size wp-block-paragraph\"><strong>Para marzo 2022 se acumulan 23,342 mujeres asesinadas, representaron el 32% de todos los homicidios del mes.<\/strong><\/p>\n\n\n\n<p class=\"has-medium-font-size wp-block-paragraph\"><strong>3,200 FEMINICIDIOS<\/strong><\/p>\n\n\n\n<p class=\"has-medium-font-size wp-block-paragraph\"><strong>9,286 HOMICIDIOS DOLOSOS DE MUJERES<\/strong><\/p>\n\n\n\n<p class=\"has-medium-font-size wp-block-paragraph\"><strong>10,762 HOMICIDIOS CULPOSOS DE MUJERES<\/strong><\/p>\n\n\n\n<p class=\"has-medium-font-size wp-block-paragraph\"><strong>&nbsp;<\/strong><strong>Con 2,287 violaciones, Marzo2022 es el mes con mayor n\u00famero de violaciones hist\u00f3ricamente<\/strong><\/p>\n\n\n\n<p class=\"has-medium-font-size wp-block-paragraph\"><strong>&nbsp;Con 1,684 denuncias vs Violencia de G\u00e9nero, Marzo2022 es tambi\u00e9n el mes con mayor incidencia hist\u00f3rica<\/strong><\/p>\n\n\n\n<p class=\"has-medium-font-size wp-block-paragraph\"><strong>&nbsp;Con 193 denuncias, tambi\u00e9n la Corrupci\u00f3n de Menores en su mes m\u00e1s alto<\/strong><\/p>\n\n\n\n<p class=\"has-medium-font-size wp-block-paragraph\"><strong>La Violencia Familiar aument\u00f3 33.8% vs Feb22<\/strong><\/p>\n\n\n\n<p class=\"has-medium-font-size wp-block-paragraph\"><strong>la Trata de Personas acumula 1,529 denuncias en el sexenio, 146 s\u00f3lo en el primer trimestre de 2022.<\/strong><\/p>\n\n\n\n<p class=\"wp-block-paragraph\"><strong>Cont\u00e1ctanos en nuestras redes sociales:<\/strong><\/p>\n\n\n\n<p class=\"wp-block-paragraph\"><a href=\"https:\/\/www.canva.com\/design\/DAEN5B9DWgs\/ZCHd2Z8KueYjlg_d59Op3A\/view\">https:\/\/www.canva.com\/design\/DAEN5B9DWgs\/ZCHd2Z8KueYjlg_d59Op3A\/view<\/a><\/p>\n","protected":false},"excerpt":{"rendered":"<p>La reforma al C\u00f3digo Nacional de Procedimientos Penales, de la Ley Nacional de Ejecuci\u00f3n Penal y del C\u00f3digo Penal Federal, para castigar el feminicidio.<\/p>\n","protected":false},"author":3,"featured_media":49340,"comment_status":"open","ping_status":"open","sticky":false,"template":"","format":"standard","meta":{"_monsterinsights_skip_tracking":false,"footnotes":""},"categories":[693,47],"tags":[459],"class_list":["post-49339","post","type-post","status-publish","format-standard","has-post-thumbnail","category-693","category-no-mas-impunidad","tag-opinion"],"_links":{"self":[{"href":"https:\/\/redsemlac.com\/semmexico\/wp-json\/wp\/v2\/posts\/49339","targetHints":{"allow":["GET"]}}],"collection":[{"href":"https:\/\/redsemlac.com\/semmexico\/wp-json\/wp\/v2\/posts"}],"about":[{"href":"https:\/\/redsemlac.com\/semmexico\/wp-json\/wp\/v2\/types\/post"}],"author":[{"embeddable":true,"href":"https:\/\/redsemlac.com\/semmexico\/wp-json\/wp\/v2\/users\/3"}],"replies":[{"embeddable":true,"href":"https:\/\/redsemlac.com\/semmexico\/wp-json\/wp\/v2\/comments?post=49339"}],"version-history":[{"count":0,"href":"https:\/\/redsemlac.com\/semmexico\/wp-json\/wp\/v2\/posts\/49339\/revisions"}],"wp:featuredmedia":[{"embeddable":true,"href":"https:\/\/redsemlac.com\/semmexico\/wp-json\/wp\/v2\/media\/49340"}],"wp:attachment":[{"href":"https:\/\/redsemlac.com\/semmexico\/wp-json\/wp\/v2\/media?parent=49339"}],"wp:term":[{"taxonomy":"category","embeddable":true,"href":"https:\/\/redsemlac.com\/semmexico\/wp-json\/wp\/v2\/categories?post=49339"},{"taxonomy":"post_tag","embeddable":true,"href":"https:\/\/redsemlac.com\/semmexico\/wp-json\/wp\/v2\/tags?post=49339"}],"curies":[{"name":"wp","href":"https:\/\/api.w.org\/{rel}","templated":true}]}}