{"id":49333,"date":"2022-05-01T10:14:37","date_gmt":"2022-05-01T16:14:37","guid":{"rendered":"https:\/\/redsemlac.com\/semmexico\/?p=49333"},"modified":"2023-07-21T19:03:50","modified_gmt":"2023-07-22T00:03:50","slug":"en-2022-se-perderan-52-millones-de-puestos-de-trabajo-en-el-mundo-comision-independiente-de-los-derechos-humanos-de-morelos","status":"publish","type":"post","link":"https:\/\/redsemlac.com\/semmexico\/en-2022-se-perderan-52-millones-de-puestos-de-trabajo-en-el-mundo-comision-independiente-de-los-derechos-humanos-de-morelos\/","title":{"rendered":"En 2022 se perder\u00e1n 52 millones de puestos de trabajo en el mundo: Comisi\u00f3n Independiente de los Derechos Humanos de Morelos"},"content":{"rendered":"\n<p class=\"wp-block-paragraph\">Movilizaci\u00f3n y Defensa de los Derechos Laborales de las y los Trabajadores<\/p>\n\n\n\n<p class=\"wp-block-paragraph\">Jos\u00e9 Mart\u00ednez<\/p>\n\n\n\n<p class=\"wp-block-paragraph\">SemM\u00e9xico, Cuernavaca, Morelos, 1\u00ba. de mayo, 2022.- Este Primero de Mayo de 2022 salimos a las calles de Cuernavaca y de todo el mundo a protestar por las pol\u00edticas neoliberales y privatizadoras que lesionan gravemente los derechos laborales de la clase trabajadora.<\/p>\n\n\n\n<p class=\"wp-block-paragraph\">Sin olvidar nuestras ra\u00edces hist\u00f3ricas en las luchas de los M\u00e1rtires de Cananea, R\u00edo Blanco y Chicago, que con sus vidas lucharon por el establecimiento de la jornada laboral de 8 horas, con 8 horas de descanso y 8 horas de estudio y recreaci\u00f3n, ante la esclavitud asalariada que impusieron los due\u00f1os del capital en todo el mundo y que, a 136 a\u00f1os de ocurrida la masacre en 1886, mantienen su dominaci\u00f3n a trav\u00e9s del sistema capitalista neoliberal y privatizador.<\/p>\n\n\n\n<p class=\"wp-block-paragraph\">En estos dos a\u00f1os hemos vivido una grav\u00edsima crisis capitalista mundial disparada, acelerada y empeorada por la pandemia del COVID-19 y un confinamiento que abarc\u00f3 al planeta entero, evidenciando una enorme y profunda crisis sanitaria, as\u00ed como una grave crisis social.<\/p>\n\n\n\n<p class=\"wp-block-paragraph\">La din\u00e1mica capitalista genera fatalmente crisis econ\u00f3micas c\u00edclicas porque el capitalismo funciona como un poder ajeno al control social y hostil a la vida que, de manera autom\u00e1tica, impulsa el productivismo y el consumismo de manera ilimitada e irracional, buscando incrementar las ganancias, explotando al trabajo humano y a la naturaleza. Los 6 millones de muertes por la pandemia se suman a los 30 millones que mueren por la pobreza y el hambre en todo el mundo.<\/p>\n\n\n\n<p class=\"wp-block-paragraph\">Por un lado, m\u00e1s de 300 millones de personas confinadas en 2020 que limitaron su consumo a lo b\u00e1sico generaron necesariamente una crisis de demanda y la quiebra de comercios y peque\u00f1os negocios de servicios; por otro lado, la falta de insumos, la quiebra de cadenas productivas y la orden de parar la producci\u00f3n, provoc\u00f3 una crisis de oferta y el cierre temporal o definitivo de industrias, con su secuela de desempleados, miseria y hambre. Todo ello provoc\u00f3 una ca\u00edda brutal de la producci\u00f3n, del consumo, del empleo, de las condiciones de vida.<\/p>\n\n\n\n<p class=\"wp-block-paragraph\">En 2020 esta pandemia ocasion\u00f3 21 millones de trabajadores desempleados. En 2021 fueron 26 millones. En 2022 se proyectan 52 millones de puestos de trabajo menos con respecto al cuarto trimestre de 2019. El desempleo estar\u00e1 por arriba de los niveles anteriores a la pandemia y en 2022 se situar\u00e1 en 207 millones de personas desocupadas, en comparaci\u00f3n con los 186 millones de 2019. En M\u00e9xico se registraron 2,1 millones de desocupados al cierre de 2021. Las mujeres fueron las m\u00e1s afectadas: las mujeres desempleadas aumentaron a 894.320.<\/p>\n\n\n\n<p class=\"wp-block-paragraph\">MORELOS<\/p>\n\n\n\n<p class=\"wp-block-paragraph\">En Morelos la pandemia tambi\u00e9n tuvo terribles consecuencias en muertes y confinamiento para tratar de limitar las luchas. A pesar de ello, han estallado huelgas y movilizaciones en diversos sectores.<\/p>\n\n\n\n<p class=\"wp-block-paragraph\">Actualmente se mantienen emplazamientos a huelga del Sindicato de Telefonistas por violaciones al Contrato Colectivo, en defensa de la cl\u00e1usula 149 referente a las jubilaciones, as\u00ed como tambi\u00e9n para cubrir las 1942 vacantes que no han sido cubiertas.&nbsp; Se mantiene la mesa negociadora salarial y contractual hasta el momento. Por otra parte, el STRM promueve una reforma constitucional que defina un nuevo rumbo para el desarrollo de las telecomunicaciones nacionales que fomente la cobertura universal de los nuevos servicios convergentes adem\u00e1s de cerrar la brecha digital de nuestro pa\u00eds.<\/p>\n\n\n\n<p class=\"wp-block-paragraph\">Las y los investigadores del SIIINIFAP igualmente han emplazado a huelga para que se respeten y conformen las comisiones mixtas bipartitas y paritarias que establece la Ley Federal del trabajo y se reconozcan los lineamientos trabajados de forma bipartita para la aprobaci\u00f3n y seguimiento de proyectos de investigaci\u00f3n, as\u00ed como un aumento salarial que supere la inflaci\u00f3n. El SIIINIFAP marcha por el respeto a su CCT y por la defensa de sus agremiados, salarios dignos y presupuesto para investigaci\u00f3n cient\u00edfica en producci\u00f3n de alimentos y cuidado del ambiente.<\/p>\n\n\n\n<p class=\"wp-block-paragraph\">En tanto, que el SITIMTA mantiene, por segunda vez, la lucha para evitar que el IMTA desaparezca y sea sumergido en la estructura burocr\u00e1tica de la CONAGUA y as\u00ed, se preserve el derecho a la sindicaci\u00f3n, a la contrataci\u00f3n colectiva y al recurso de la huelga. Nos oponemos a la extinci\u00f3n del IMTA porque significar\u00eda una p\u00e9rdida econ\u00f3mica, de recursos humanos altamente calificados y de las funciones de investigaci\u00f3n y generaci\u00f3n de tecnolog\u00eda que hoy hace para el manejo sustentable del agua de todo el pa\u00eds. Por la permanencia del IMTA y el respeto a los derechos humanos y laborales de las y los trabajadores. Por el derecho humano al agua y la no privatizaci\u00f3n de \u00e9ste recurso.<\/p>\n\n\n\n<p class=\"wp-block-paragraph\">El SME mantiene su larga lucha de resistencia de m\u00e1s de 12 a\u00f1os hasta lograr que sean recontratados por la CFE y se respeten sus derechos conculcados por el nefasto gobierno panista de Calder\u00f3n cuando desapareci\u00f3 a la CLyFC despidiendo a m\u00e1s de 44 mil trabajadores electricistas. Por la defensa de la libertad sindical y la autonom\u00eda sindical del SME. Por la reinserci\u00f3n laboral en la CFE para toda la digna resistencia electricista.<\/p>\n\n\n\n<p class=\"wp-block-paragraph\">Tambi\u00e9n crece la exigencia de elecciones sindicales democr\u00e1ticas en el SNTE, como lo exige el Movimiento Magisterial de Bases. Por la democratizaci\u00f3n del SNTE, por los derechos de activos y jubilados del magisterio. Por el fortalecimiento de la educaci\u00f3n p\u00fablica y gratuita.<\/p>\n\n\n\n<p class=\"wp-block-paragraph\">El STUNAM llev\u00f3 a cabo elecciones sindicales democr\u00e1ticas y prepara la revisi\u00f3n de contrato en los pr\u00f3ximos meses.<\/p>\n\n\n\n<p class=\"wp-block-paragraph\">Todas estas luchas sindicales enfrentan las pol\u00edticas de austeridad del gobierno que afectan los presupuestos de instituciones y golpean derechos laborales. Por ello es que en \u00e9ste primero de mayo salimos a las calles a exigir que se ponga un alto a las pol\u00edticas neoliberales y privatizadoras, compromiso que asumi\u00f3 un gobierno que lleg\u00f3 con el apoyo de m\u00e1s de 30 millones de personas, la inmensa mayor\u00eda perteneciente al pueblo y a la clase trabajadora.<\/p>\n\n\n\n<p class=\"wp-block-paragraph\">Ante el incremento en las violencias machistas y patriarcales en contra de las mujeres, que ha incrementado el feminicidio y la discriminaci\u00f3n, que repercute en violaci\u00f3n a los derechos laborales de las mujeres trabajadoras, elevamos nuestra voz de protesta y exigimos la aplicaci\u00f3n de todas las medidas de Alerta de Violencia de G\u00e9nero para garantizar el acceso de las mujeres a una vida libre de violencia. De igual manera exigimos un alto a las desapariciones, la inseguridad y la militarizaci\u00f3n, por lo que seguimos apoyando a las madres y padres de los 43 de Ayotzinapa hasta lograr que haya verdad y justicia, al igual que en las casi 100 mil personas desaparecidas en todo el pa\u00eds. En homenaje a la compa\u00f1era Rosario Ibarra de Piedra continuaremos su lucha, porque no hay democracia con desaparecidos y porque vivos se los llevaron, vivos los queremos.<\/p>\n\n\n\n<p class=\"wp-block-paragraph\">Por el respeto a los contratos colectivos de todos los sindicatos. Alto al cierre de centros de trabajo y despido arbitrario de trabajadores. Soluci\u00f3n a los conflictos laborales, como la huelga de m\u00e1s de dos a\u00f1os que sostienen mayoritariamente mujeres periodistas del SUTNOTIMEX.<\/p>\n\n\n\n<p class=\"wp-block-paragraph\">Estas luchas requieren de la m\u00e1s amplia unidad y solidaridad, fortaleciendo la autonom\u00eda sindical de la clase trabajadora, para lograr construir una alternativa anticapitalista que nos permita construir un mundo donde la igualdad, libertad, justicia, verdad y fraternidad nos permita eliminar todos los odios que al mundo envenenan y nos permita recuperar la dignidad que todas y todos merecemos.<\/p>\n\n\n\n<p class=\"wp-block-paragraph\">Pacto Morelos por la Soberan\u00eda Alimentaria y Energ\u00e9tica y los Derechos de las y los Trabajadores.<\/p>\n","protected":false},"excerpt":{"rendered":"<p>Este Primero de Mayo de 2022 salimos a las calles de Cuernavaca y de todo el mundo a protestar por las pol\u00edticas neoliberales y privatizadoras que lesionan gravemente los derechos laborales de la clase trabajadora.<\/p>\n","protected":false},"author":3,"featured_media":49335,"comment_status":"open","ping_status":"open","sticky":false,"template":"","format":"standard","meta":{"_monsterinsights_skip_tracking":false,"footnotes":""},"categories":[693,65],"tags":[],"class_list":["post-49333","post","type-post","status-publish","format-standard","has-post-thumbnail","category-693","category-efemerides"],"_links":{"self":[{"href":"https:\/\/redsemlac.com\/semmexico\/wp-json\/wp\/v2\/posts\/49333","targetHints":{"allow":["GET"]}}],"collection":[{"href":"https:\/\/redsemlac.com\/semmexico\/wp-json\/wp\/v2\/posts"}],"about":[{"href":"https:\/\/redsemlac.com\/semmexico\/wp-json\/wp\/v2\/types\/post"}],"author":[{"embeddable":true,"href":"https:\/\/redsemlac.com\/semmexico\/wp-json\/wp\/v2\/users\/3"}],"replies":[{"embeddable":true,"href":"https:\/\/redsemlac.com\/semmexico\/wp-json\/wp\/v2\/comments?post=49333"}],"version-history":[{"count":0,"href":"https:\/\/redsemlac.com\/semmexico\/wp-json\/wp\/v2\/posts\/49333\/revisions"}],"wp:featuredmedia":[{"embeddable":true,"href":"https:\/\/redsemlac.com\/semmexico\/wp-json\/wp\/v2\/media\/49335"}],"wp:attachment":[{"href":"https:\/\/redsemlac.com\/semmexico\/wp-json\/wp\/v2\/media?parent=49333"}],"wp:term":[{"taxonomy":"category","embeddable":true,"href":"https:\/\/redsemlac.com\/semmexico\/wp-json\/wp\/v2\/categories?post=49333"},{"taxonomy":"post_tag","embeddable":true,"href":"https:\/\/redsemlac.com\/semmexico\/wp-json\/wp\/v2\/tags?post=49333"}],"curies":[{"name":"wp","href":"https:\/\/api.w.org\/{rel}","templated":true}]}}