{"id":49326,"date":"2022-04-30T12:55:16","date_gmt":"2022-04-30T18:55:16","guid":{"rendered":"https:\/\/redsemlac.com\/semmexico\/?p=49326"},"modified":"2023-07-21T19:03:51","modified_gmt":"2023-07-22T00:03:51","slug":"ganando-espacios-sin-sororidad-ni-empatia","status":"publish","type":"post","link":"https:\/\/redsemlac.com\/semmexico\/ganando-espacios-sin-sororidad-ni-empatia\/","title":{"rendered":"Ganando Espacios| Sin sororidad ni empat\u00eda"},"content":{"rendered":"\n<p class=\"wp-block-paragraph\">Noem\u00ed Mu\u00f1oz Cant\u00fa<\/p>\n\n\n\n<p class=\"wp-block-paragraph\">\u00bfQu\u00e9 es la sororidad?<\/p>\n\n\n\n<p class=\"wp-block-paragraph\">SemM\u00e9xico, Toluca, Estado de M\u00e9xico, 30 de abril, 2022.- Se define como hermandad, como lucha compartida ante el sistema patriarcal. De hecho, este neologismo se desprende de la idea de fraternidad, al ser frater hermano, soror (hermana) se usa para hablar de este poder que tienen las mujeres de defenderse y ser hermanas en todas las circunstancias.<\/p>\n\n\n\n<p class=\"wp-block-paragraph\">Marcela Lagarde, antrop\u00f3loga y feminista, asegura que \u201cla cosa no es c\u00f3mo nos queremos; la clave est\u00e1 en que nos respetemos, algo dif\u00edcil porque no estamos educadas en el respeto a las mujeres\u201d.<\/p>\n\n\n\n<p class=\"wp-block-paragraph\">\u00bfY la empat\u00eda? Esta es definida como una de las competencias b\u00e1sicas de la inteligencia emocional, la cual permite ponerse en el lugar del otro y comprender su mundo interior.<\/p>\n\n\n\n<p class=\"wp-block-paragraph\">\u00bfD\u00f3nde han quedado estos t\u00e9rminos ante los feminicidios, ante el horror que estamos viviendo?<\/p>\n\n\n\n<p class=\"wp-block-paragraph\">Cuando pas\u00f3 la desaparici\u00f3n de Debhani, la sociedad se volc\u00f3 contra las amigas, que si la abandonaron en medio de la noche, que si la dejaron a su suerte. Las tundieron en las redes hasta que desaparecieron, pero quienes las conocen han ido m\u00e1s lejos, las han orillado a conseguir un abogado para defender la postura de que ellas la ayudaron hasta que pudieron, pero que ante su agresividad y su estado et\u00edlico era imposible controlarla.<\/p>\n\n\n\n<p class=\"wp-block-paragraph\">En el noticiero donde se presentaron Ivonne y Sarah\u00ed argumentaron que Debhani quer\u00eda ir de fiesta y todo se descontrol\u00f3.<\/p>\n\n\n\n<p class=\"wp-block-paragraph\">Al escucharlas, al verlas pens\u00e9 que no se puede ser sorora o emp\u00e1tica con alguien a quien no respetamos. Independientemente de si conocemos a esa persona. Ellas hicieron lo que hacen todas las personas, alguien se pone borracho e impertinente y te alejas, porque no tienes la paciencia ni el cari\u00f1o, mucho menos la preocupaci\u00f3n de que se haga da\u00f1o. Aunque creo que lo adecuado era haberle hablado a alg\u00fan familiar para que fuera por ella y no dejarla sola en medio de la nada.<\/p>\n\n\n\n<p class=\"wp-block-paragraph\">\u00bfQu\u00e9 era lo mejor? No ser mujer, no estar sola en la carretera, no divertirte sin l\u00edmites.<\/p>\n\n\n\n<p class=\"wp-block-paragraph\">Sobre todo, debemos ser conscientes que nadie va a ayudar al otro u otra a \u201cllegar bien\u201d a casa.<\/p>\n\n\n\n<p class=\"wp-block-paragraph\">La confianza est\u00e1 rota. No solo con Ivonne y Sarah\u00ed, quienes quedar\u00e1n marcadas como las que propiciaron esta tragedia. Queda claro que cada uno de nosotros tenemos que tener en claro que no podemos confiar en nadie. Si eres mujer, si eres hombre, ni\u00f1o, animalito, no puedes confiar en las intenciones del otro, lo cual es muy triste. Quisiera de verdad que no fuera as\u00ed.<\/p>\n\n\n\n<p class=\"wp-block-paragraph\">La descomposici\u00f3n es tal que \u201cla comunidad\u201d ha quedado rota. No podemos esperar que el otro se arriesgue por nosotros.<\/p>\n\n\n\n<p class=\"wp-block-paragraph\">Tenemos 229 mujeres muertas, por violencia, no de COVID. Me parece interesante que se centren en este caso, cuando hay tantas desaparecidas. Simplemente en la b\u00fasqueda de Debhani encontraron a otras cinco chicas que estaban desaparecidas.<\/p>\n\n\n\n<p class=\"wp-block-paragraph\">Somos ese pa\u00eds que no cree ya en nada. Las autoridades hace mucho que perdieron nuestro voto de confianza y con esto nos queda claro que no han buscado, porque al hacerlo ah\u00ed est\u00e1n los cuerpos, pudri\u00e9ndose en la intemperie, mientras en los ojos de sus familiares se hacen zurcos de desolaci\u00f3n.<\/p>\n\n\n\n<p class=\"wp-block-paragraph\">Somos ese pa\u00eds que prefiere salir a picar piedra, a abrir fosas para saber si nuestros desaparecidos est\u00e1n ah\u00ed, porque sabemos con certeza que ellos no mover\u00e1n un dedo, a menos que se vuelva medi\u00e1tico y aun as\u00ed no dir\u00e1n la verdad.<\/p>\n\n\n\n<p class=\"wp-block-paragraph\">La trata de personas, los feminicidios, el tr\u00e1fico de \u00f3rganos son redes que est\u00e1n m\u00e1s all\u00e1 de nuestra comprensi\u00f3n. Nada las para. Sabemos que esto ocurre porque forzosamente las autoridades y los criminales est\u00e1n coludidos, no se necesita ser un genio.<\/p>\n\n\n\n<p class=\"wp-block-paragraph\">As\u00ed que, viviendo en este entorno, con todo lo que sabemos, \u00bfqu\u00e9 vamos a hacer? Hostigar, criticar a las amigas, rezar porque no sea de nuestra familia, de nuestro c\u00edrculo de amigos.<\/p>\n\n\n\n<p class=\"wp-block-paragraph\">O tenemos que instaurar un toque de queda para proteger a las mujeres, ni\u00f1as, ni\u00f1os, hombres.<\/p>\n\n\n\n<p class=\"wp-block-paragraph\">Me queda claro que no hay empat\u00eda ni sororidad porque hay miedo, mucho miedo. As\u00ed que necesitamos resolver, no seguir se\u00f1alando.<\/p>\n\n\n\n<p class=\"wp-block-paragraph\">Finalmente, Debhani, Yolanda, Julieta, no tuvieron una oportunidad, ni ayuda. Las desapariciones siguen, no nos distraigamos, necesitamos hacer algo.<\/p>\n\n\n\n<p class=\"wp-block-paragraph\">Empiezo por m\u00ed, si alguna vez te sientes en peligro, ll\u00e1mame, yo voy por ti.<\/p>\n","protected":false},"excerpt":{"rendered":"<p>Marcela Lagarde, antrop\u00f3loga y feminista, asegura que \u201cla cosa no es c\u00f3mo nos queremos; la clave est\u00e1 en que nos respetemos, algo dif\u00edcil porque no estamos educadas en el respeto a las mujeres\u201d.<\/p>\n","protected":false},"author":3,"featured_media":45255,"comment_status":"open","ping_status":"open","sticky":false,"template":"","format":"standard","meta":{"_monsterinsights_skip_tracking":false,"footnotes":""},"categories":[693,639,640,35],"tags":[],"class_list":["post-49326","post","type-post","status-publish","format-standard","has-post-thumbnail","category-693","category-ganando-espacios","category-noemi-munoz-cantu","category-opinion"],"_links":{"self":[{"href":"https:\/\/redsemlac.com\/semmexico\/wp-json\/wp\/v2\/posts\/49326","targetHints":{"allow":["GET"]}}],"collection":[{"href":"https:\/\/redsemlac.com\/semmexico\/wp-json\/wp\/v2\/posts"}],"about":[{"href":"https:\/\/redsemlac.com\/semmexico\/wp-json\/wp\/v2\/types\/post"}],"author":[{"embeddable":true,"href":"https:\/\/redsemlac.com\/semmexico\/wp-json\/wp\/v2\/users\/3"}],"replies":[{"embeddable":true,"href":"https:\/\/redsemlac.com\/semmexico\/wp-json\/wp\/v2\/comments?post=49326"}],"version-history":[{"count":0,"href":"https:\/\/redsemlac.com\/semmexico\/wp-json\/wp\/v2\/posts\/49326\/revisions"}],"wp:featuredmedia":[{"embeddable":true,"href":"https:\/\/redsemlac.com\/semmexico\/wp-json\/wp\/v2\/media\/45255"}],"wp:attachment":[{"href":"https:\/\/redsemlac.com\/semmexico\/wp-json\/wp\/v2\/media?parent=49326"}],"wp:term":[{"taxonomy":"category","embeddable":true,"href":"https:\/\/redsemlac.com\/semmexico\/wp-json\/wp\/v2\/categories?post=49326"},{"taxonomy":"post_tag","embeddable":true,"href":"https:\/\/redsemlac.com\/semmexico\/wp-json\/wp\/v2\/tags?post=49326"}],"curies":[{"name":"wp","href":"https:\/\/api.w.org\/{rel}","templated":true}]}}