{"id":49314,"date":"2022-04-30T12:25:37","date_gmt":"2022-04-30T18:25:37","guid":{"rendered":"https:\/\/redsemlac.com\/semmexico\/?p=49314"},"modified":"2023-07-21T19:03:51","modified_gmt":"2023-07-22T00:03:51","slug":"el-museo-de-arte-carrillo-gil-comparte-revision-del-trabajo-de-lola-alvarez-bravo-de-1930-a-1955","status":"publish","type":"post","link":"https:\/\/redsemlac.com\/semmexico\/el-museo-de-arte-carrillo-gil-comparte-revision-del-trabajo-de-lola-alvarez-bravo-de-1930-a-1955\/","title":{"rendered":"<strong>El Museo de Arte&nbsp;<em>Carrillo Gil<\/em>&nbsp;comparte revisi\u00f3n del trabajo de Lola \u00c1lvarez Bravo de 1930 a 1955&nbsp;<\/strong>"},"content":{"rendered":"\n<p class=\"wp-block-paragraph\">La muestra est\u00e1 integrada por m\u00e1s de 70 fotograf\u00edas de la artista mexicana vinculadas con documentos, libros y revistas de la \u00e9poca<\/p>\n\n\n\n<p class=\"wp-block-paragraph\">Miguel Cinta Robles presentar\u00e1 proyecto que explora una catalogaci\u00f3n de diversos objetos a partir de su lado sensible y tambi\u00e9n se presenta obra de la joven Margarita Robles\u00a0<\/p>\n\n\n\n<p class=\"wp-block-paragraph\">Las representaciones de mujeres ind\u00edgenas de Lola \u00c1lvarez tienen una selecci\u00f3n tem\u00e1tica particular enfatizan la explotaci\u00f3n y la indolencia frente a la insostenible iniquidad e injusticia contra las mujeres ind\u00edgenas que segu\u00edan sometidas en pleno siglo XX y su consiguiente dolor y sufrimiento, que tristemente parece prolongarse en los albores del XXI.&nbsp;<\/p>\n\n\n\n<p class=\"wp-block-paragraph\">El cuerpo de la mujer mexicana, cubierto por su caracter\u00edstico rebozo, le sirve a Lola en ocasiones para simbolizar el sufrimiento y el dolor ps\u00edquico extremo frente a la situaci\u00f3n l\u00edmite de la muerte\u2026. alude a la fe y a la religiosidad profunda en la que la gente del pueblo, y muy particularmente las mujeres, suele encontrar refugio espiritual frente al insoportable sufrimiento caracter\u00edstico de la vida cotidiana\u2026Lola que con elocuencia denuncian el dolor y la soledad de las mujeres frente a su ignominiosa situaci\u00f3n social.<\/p>\n\n\n\n<p class=\"wp-block-paragraph\">Del texto La representaci\u00f3n de la experiencia femenina en Tina Modotti y Lola \u00c1lvarez Bravo, de Dina Comisarenco Mirk*<\/p>\n\n\n\n<p class=\"wp-block-paragraph\">Libertad L\u00f3pez<\/p>\n\n\n\n<p class=\"wp-block-paragraph\">SemM\u00e9xico, Cd. de M\u00e9xico, 30 de abril, 2022.-El Museo de Arte&nbsp;<em>Carrillo Gil<\/em>&nbsp;(MACG), recinto de la Red de Museos del Instituto Nacional de Bellas Artes y Literatura (Inbal), albergar\u00e1 la exposici\u00f3n&nbsp;<em>La otra Lola: documentaci\u00f3n, persuasi\u00f3n y experimentaci\u00f3n fotogr\u00e1fica 1930-1955<\/em>, integrada por m\u00e1s de 70 fotograf\u00edas de Lola \u00c1lvarez Bravo vinculadas con documentos, libros y revistas de la \u00e9poca, adem\u00e1s del proyecto&nbsp;<em>MACG Presenta: Colecci\u00f3n Margarita Robles<\/em>, de Miguel Cinta Robles, en el marco de la estrategia&nbsp;<strong>#VolverAVerte<\/strong>&nbsp;de la Secretar\u00eda de Cultura del Gobierno de M\u00e9xico.&nbsp;&nbsp;<\/p>\n\n\n\n<p class=\"wp-block-paragraph\"><em>La otra Lola<\/em>,\u00a0bajo la curadur\u00eda de Deborah Dorotinsky, &#8211;investigadora del Instituto de Investigaciones Est\u00e9ticas de la Universidad Nacional Aut\u00f3noma de M\u00e9xico (UNAM)&#8211;, re\u00fane una selecci\u00f3n del trabajo de la creadora bajo tres l\u00edneas discursivas.\u00a0\u00a0<\/p>\n\n\n\n<div class=\"wp-block-image\"><figure class=\"aligncenter size-large\"><a href=\"https:\/\/redsemlac.com\/semmexico\/wp-content\/uploads\/2022\/04\/arte-lola-alvarez-02.jpg\"><img decoding=\"async\" src=\"https:\/\/redsemlac.com\/semmexico\/wp-content\/uploads\/2022\/04\/arte-lola-alvarez-02-1024x614.jpg\" alt=\"\" class=\"wp-image-49316\"\/><\/a><\/figure><\/div>\n\n\n\n<p class=\"wp-block-paragraph\">\u00c9stas son:\u00a0<em>Documentaci\u00f3n<\/em>, con fotograf\u00edas que dan testimonio de la vida rural, el desarrollo industrial y los proyectos de modernizaci\u00f3n del pa\u00eds;\u00a0<em>Persuasi\u00f3n<\/em>, la cual evidencia la manera en la que su mirada domin\u00f3 una forma de convencer a las y los mexicanos sobre los logros industriales, comerciales, arquitect\u00f3nicos, culturales y sociales durante las administraciones de L\u00e1zaro C\u00e1rdenas, Manuel \u00c1vila Camacho y Miguel Alem\u00e1n Vald\u00e9s, y<em>\u00a0Experimentaci\u00f3n<\/em>, en la que \u201cconvirti\u00f3 a los objetos y escenas m\u00e1s cotidianas en im\u00e1genes excepcionales\u201d, comenta la curadora de la muestra.\u00a0\u00a0<\/p>\n\n\n\n<div class=\"wp-block-image\"><figure class=\"aligncenter size-large\"><a href=\"https:\/\/redsemlac.com\/semmexico\/wp-content\/uploads\/2022\/04\/arte-lola-alvarez-03.jpg\"><img decoding=\"async\" src=\"https:\/\/redsemlac.com\/semmexico\/wp-content\/uploads\/2022\/04\/arte-lola-alvarez-03-1024x768.jpg\" alt=\"\" class=\"wp-image-49317\"\/><\/a><\/figure><\/div>\n\n\n\n<figure class=\"wp-block-gallery has-nested-images columns-default is-cropped wp-block-gallery-1 is-layout-flex wp-block-gallery-is-layout-flex\">\n<figure class=\"wp-block-image size-large\"><a href=\"https:\/\/redsemlac.com\/semmexico\/wp-content\/uploads\/2022\/04\/arte-lola-alvarez-04.jpg\"><img decoding=\"async\" data-id=\"49319\" src=\"https:\/\/redsemlac.com\/semmexico\/wp-content\/uploads\/2022\/04\/arte-lola-alvarez-04-771x1024.jpg\" alt=\"\" class=\"wp-image-49319\"\/><\/a><\/figure>\n\n\n\n<figure class=\"wp-block-image size-large\"><a href=\"https:\/\/redsemlac.com\/semmexico\/wp-content\/uploads\/2022\/04\/arte-lola-alvarez-05.jpg\"><img decoding=\"async\" data-id=\"49318\" src=\"https:\/\/redsemlac.com\/semmexico\/wp-content\/uploads\/2022\/04\/arte-lola-alvarez-05-673x1024.jpg\" alt=\"\" class=\"wp-image-49318\"\/><\/a><\/figure>\n<\/figure>\n\n\n\n<p class=\"wp-block-paragraph\">La exhibici\u00f3n, que \u201carticula el trabajo art\u00edstico de Lola con sus otras facetas para dar cuenta de su visi\u00f3n de M\u00e9xico en la alternancia entre la vida rural, el desarrollo industrial y la modernizaci\u00f3n\u201d &#8211;a decir de Dorotinsky&#8211;, incluye piezas de \u00e9poca, as\u00ed como un conjunto impreso \u2013que pertenece a Fundaci\u00f3n Cultural Televisa&#8211; supervisado por la artista en 1992 para su retrospectiva en el extinto Centro Cultural Arte Contempor\u00e1neo, que establecen un di\u00e1logo con fotograf\u00edas documentales rescatadas en impresiones&nbsp;<em>vintage<\/em>&nbsp;o en revistas de la \u00e9poca resguardadas actualmente en colecciones particulares y p\u00fablicas.&nbsp;&nbsp;<\/p>\n\n\n\n<p class=\"wp-block-paragraph\">Entre estas publicaciones se encuentra&nbsp;<em>El maestro rural<\/em>, editada por la Secretar\u00eda de Educaci\u00f3n P\u00fablica (SEP) y en la cual Lola public\u00f3 sus dos primeros fotomontajes e ilustr\u00f3, por lo menos entre 1935 y 1938, una gran cantidad de fotorreportajes.&nbsp;&nbsp;<\/p>\n\n\n\n<p class=\"wp-block-paragraph\">La muestra, que estar\u00e1 abierta hasta el 11 de septiembre, le otorga al trabajo de \u00c1lvarez Bravo el lugar y la importancia que merece en la historia de la construcci\u00f3n visual del pa\u00eds. Tambi\u00e9n podr\u00e1n ser apreciadas copias de exhibici\u00f3n de los negativos resguardados en el Center for Creative Photography de la University of Arizona, recinto al cual la creadora traslad\u00f3 su archivo fotogr\u00e1fico hacia 1992, as\u00ed como entrevistas que realiz\u00f3 con el historiador y cr\u00edtico Olivier Debroise, resguardadas en el Centro de Documentaci\u00f3n Arkheia del Museo Universitario Arte Contempor\u00e1neo (MUAC).&nbsp;<\/p>\n\n\n\n<p class=\"wp-block-paragraph\">\u00bfQui\u00e9n fue Lola?<\/p>\n\n\n\n<p class=\"wp-block-paragraph\">Considerada la primera fot\u00f3grafa mexicana,&nbsp;<strong>Lola \u00c1lvarez Bravo<\/strong>&nbsp;(Dolores Mart\u00ednez de Anda) se desempe\u00f1\u00f3 como reportera gr\u00e1fica, fot\u00f3grafa comercial y documental, retratista profesional y artista pl\u00e1stica. Las im\u00e1genes de mujeres son especialmente reconocidas y conocidas.<\/p>\n\n\n\n<p class=\"wp-block-paragraph\">Naci\u00f3 en Lagos de Moreno, Jalisco en 1907 y muri\u00f3 en 1993. Lleg\u00f3 a la ciudad de M\u00e9xico en 1916, donde se form\u00f3 como fot\u00f3grafa. En 1924 se cas\u00f3 con Manuel \u00c1lvarez Bravo y juntos se fueron a radicar a Oaxaca, hasta finales de los a\u00f1os 20.<\/p>\n\n\n\n<figure class=\"wp-block-gallery has-nested-images columns-default is-cropped wp-block-gallery-2 is-layout-flex wp-block-gallery-is-layout-flex\">\n<figure class=\"wp-block-image size-large\"><a href=\"https:\/\/redsemlac.com\/semmexico\/wp-content\/uploads\/2022\/04\/arte-lola-alvarez-06.png\"><img loading=\"lazy\" decoding=\"async\" width=\"729\" height=\"444\" data-id=\"49321\" src=\"https:\/\/redsemlac.com\/semmexico\/wp-content\/uploads\/2022\/04\/arte-lola-alvarez-06.png\" alt=\"\" class=\"wp-image-49321\"\/><\/a><\/figure>\n\n\n\n<figure class=\"wp-block-image size-large\"><a href=\"https:\/\/redsemlac.com\/semmexico\/wp-content\/uploads\/2022\/04\/arte-lola-alvarez-07.jpg\"><img loading=\"lazy\" decoding=\"async\" width=\"920\" height=\"407\" data-id=\"49320\" src=\"https:\/\/redsemlac.com\/semmexico\/wp-content\/uploads\/2022\/04\/arte-lola-alvarez-07.jpg\" alt=\"\" class=\"wp-image-49320\"\/><\/a><\/figure>\n<\/figure>\n\n\n\n<p class=\"wp-block-paragraph\">Es reconocida como una figura central en la fotograf\u00eda mexicana, inici\u00f3 formalmente su carrera como fot\u00f3grafa a mediados de los a\u00f1os 30, o en la revista El maestro rural, editada por la SEP. En 1933 conoce a Paul Strand y a Mar\u00eda Izquierdo, colaborando con la Liga de Escritores y Artistas Revolucionarios (LEAR) en 1934. Un a\u00f1o despu\u00e9s particip\u00f3 en una exposici\u00f3n organizada por Mar\u00eda Izquierdo que agrup\u00f3 a varias pintoras de la Secci\u00f3n de Artes Pl\u00e1sticas de Bellas Artes.<\/p>\n\n\n\n<p class=\"wp-block-paragraph\">Tambi\u00e9n colabor\u00f3 con artistas como Diego Rivera, Frida Kahlo, Rufino Tamayo y David Alfaro Siqueiros.<\/p>\n\n\n\n<p class=\"wp-block-paragraph\">Fue reportera gr\u00e1fica, fot\u00f3grafa comercial y documental, retratista profesional y artista pl\u00e1stica, abarc\u00f3 gran diversidad de tem\u00e1ticas influenciada por fot\u00f3grafos como Edward Weston, Tina Modotti y Manuel \u00c1lvarez Bravo. Trabaj\u00f3 en las revistas Vea, Voz, Avance, Futuro, Espacio y Novedades. En 1951 abri\u00f3 la Galer\u00eda de Arte Contempor\u00e1neo y se encarg\u00f3 de la organizaci\u00f3n de varias exposiciones itinerantes.<\/p>\n\n\n\n<p class=\"wp-block-paragraph\">Trabaj\u00f3 para el Instituto de Investigaciones Est\u00e9ticas de la UNAM, para diversas secretar\u00edas de Estado y fue jefa del Departamento fotogr\u00e1fico del INBA hasta finales de los a\u00f1os 60. Reconocida con diversas distinciones y premios, present\u00f3 su primera exposici\u00f3n individual en 1964 y a partir de entonces, sus fotograf\u00edas han sido publicadas y expuestas en M\u00e9xico y Estados Unidos. Dej\u00f3 de ejercer su profesi\u00f3n en 1989.<\/p>\n\n\n\n<div class=\"wp-block-image\"><figure class=\"aligncenter size-full\"><a href=\"https:\/\/redsemlac.com\/semmexico\/wp-content\/uploads\/2022\/04\/arte-lola-alvarez-08.jpg\"><img loading=\"lazy\" decoding=\"async\" width=\"800\" height=\"629\" src=\"https:\/\/redsemlac.com\/semmexico\/wp-content\/uploads\/2022\/04\/arte-lola-alvarez-08.jpg\" alt=\"\" class=\"wp-image-49322\"\/><\/a><\/figure><\/div>\n\n\n\n<p class=\"wp-block-paragraph\"><strong><em>MACG Presenta: Colecci\u00f3n Margarita Robles&nbsp;<\/em><\/strong><\/p>\n\n\n\n<p class=\"wp-block-paragraph\">Por otro lado, en el tercer piso del recinto de la Red de Museos del Inbal, el programa curatorial&nbsp;<em>MACG Presenta<\/em>&nbsp;&#8211;dedicado a proyectos in\u00e9ditos realizados por artistas menores de 30 a\u00f1os&#8211; exhibir\u00e1&nbsp;<em>Colecci\u00f3n Margarita Robles<\/em>, de Miguel Cinta Robles (Oaxaca, 1997), un conjunto de objetos recolectados en diversas caminatas por cerros, tanto de su estado natal como de la Ciudad de M\u00e9xico y de otras partes del pa\u00eds. La selecci\u00f3n y su acomodo fueron pensados para evocar el lado sensible de los mismos, que va m\u00e1s all\u00e1 de la taxonom\u00eda cient\u00edfica con la que se organizan las colecciones bot\u00e1nicas.&nbsp;&nbsp;<\/p>\n\n\n\n<p class=\"wp-block-paragraph\"><em>MACG Presenta: Colecci\u00f3n Margarita Robles<\/em>&nbsp;es adem\u00e1s una muestra de cari\u00f1o a los cerros, que se contrapone al extractivismo tan com\u00fan en la pr\u00e1ctica cient\u00edfica, y genera una relaci\u00f3n de respeto, permiso y cuidado hacia las monta\u00f1as y la recolecci\u00f3n de objetos en las mismas. La exposici\u00f3n estar\u00e1 abierta hasta el 21 de agosto.&nbsp;&nbsp;<\/p>\n\n\n\n<p class=\"wp-block-paragraph\">Asimismo, contin\u00faan en exhibici\u00f3n las muestras&nbsp;<em>Mirar con nuestros ojos de monta\u00f1a<\/em>, de Marcela Armas, en el tercer piso del recinto, y la segunda parte de&nbsp;<em>Alegor\u00edas del mal gobierno<\/em>, curada por el cineasta Jesse Lerner, en el primer piso.&nbsp;&nbsp;<\/p>\n\n\n\n<p class=\"wp-block-paragraph\">En la valla que circunda al museo y al vest\u00edbulo de ingreso, sigue hasta el 12 de junio&nbsp;<em>\u00a1Pop sin az\u00facar! El valle encantado<\/em>, de Israel Urmeer, y en la planta baja, hasta el 29 de mayo, el proyecto&nbsp;<em>El c\u00e1ntaro roto<\/em>, de la poeta Carmen Boullosa, concebido para la librer\u00eda, as\u00ed como&nbsp;<em>Tlacuilo MACG<\/em>, proyecto de Pedro Reyes alojado en el centro de documentaci\u00f3n.&nbsp;&nbsp;<\/p>\n\n\n\n<p class=\"wp-block-paragraph\">El s\u00e1bado 30 de abril, el museo abrir\u00e1 de las 11:00 a las 17:00 horas. Como parte del programa inaugural, a las 12:00 se efectuar\u00e1 una conversaci\u00f3n con Deborah Dorotinsky, actividad presencial con aforo limitado que ser\u00e1 transmitida simult\u00e1neamente por Facebook Live; y en vivo a trav\u00e9s de Instagram a las 14:00 con Miguel Cinta Robles, en el marco de la estrategia \u201cContigo en la distancia\u201d.&nbsp;&nbsp;<\/p>\n\n\n\n<p class=\"wp-block-paragraph\">Habr\u00e1 un estricto apego a las medidas de protecci\u00f3n para trabajadores y asistentes, las cuales consisten en la instalaci\u00f3n de un filtro con tapete desinfectante, aplicaci\u00f3n de gel antibacterial, revisi\u00f3n de la temperatura que no rebase los 37.5\u00baC, uso obligatorio de cubreboca al momento del acceso y durante la visita, y respeto a la sana distancia. El cambio de programaci\u00f3n est\u00e1 sujeto a las condiciones sanitarias establecidas por las autoridades de las secretar\u00edas de Salud y de Cultura del Gobierno de M\u00e9xico.&nbsp;&nbsp;<\/p>\n\n\n\n<p class=\"wp-block-paragraph\"><strong>Redes sociales&nbsp;&nbsp;<\/strong><\/p>\n\n\n\n<p class=\"wp-block-paragraph\">Se pueden seguir las redes sociales del INBAL en Instagram (@INBAMX), Facebook (\/INBAmx) y Twitter (@bellasartesinba).&nbsp;&nbsp;<\/p>\n\n\n\n<p class=\"wp-block-paragraph\">Sigue las redes sociales de la Secretar\u00eda de Cultura en Twitter (@cultura_mx), Facebook (\/SecretariaCulturaMX) e Instagram (@culturamx).&nbsp;<\/p>\n\n\n\n<p class=\"wp-block-paragraph\">* <a href=\"http:\/\/www.scielo.org.mx\/scielo.php?script=sci_arttext&amp;pid=S1405-94362008000200008\">http:\/\/www.scielo.org.mx\/scielo.php?script=sci_arttext&amp;pid=S1405-94362008000200008<\/a><\/p>\n\n\n\n<div class=\"wp-block-image\"><figure class=\"aligncenter size-large\"><a href=\"https:\/\/redsemlac.com\/semmexico\/wp-content\/uploads\/2022\/04\/arte-lola-alvarez-09.jpg\"><img decoding=\"async\" src=\"https:\/\/redsemlac.com\/semmexico\/wp-content\/uploads\/2022\/04\/arte-lola-alvarez-09-1024x768.jpg\" alt=\"\" class=\"wp-image-49323\"\/><\/a><\/figure><\/div>\n\n\n\n<div class=\"wp-block-image\"><figure class=\"aligncenter size-large\"><a href=\"https:\/\/redsemlac.com\/semmexico\/wp-content\/uploads\/2022\/04\/arte-lola-alvarez-10.jpg\"><img decoding=\"async\" src=\"https:\/\/redsemlac.com\/semmexico\/wp-content\/uploads\/2022\/04\/arte-lola-alvarez-10-1024x768.jpg\" alt=\"\" class=\"wp-image-49324\"\/><\/a><\/figure><\/div>\n","protected":false},"excerpt":{"rendered":"<p>Las representaciones de mujeres ind\u00edgenas de Lola \u00c1lvarez tienen una selecci\u00f3n tem\u00e1tica particular enfatizan la explotaci\u00f3n y la indolencia frente a la insostenible iniquidad e injusticia contra las mujeres ind\u00edgenas que segu\u00edan sometidas en pleno siglo XX y su consiguiente dolor y sufrimiento, que tristemente parece prolongarse en los albores del XXI.\u00a0<\/p>\n","protected":false},"author":3,"featured_media":49315,"comment_status":"open","ping_status":"open","sticky":false,"template":"","format":"standard","meta":{"_monsterinsights_skip_tracking":false,"footnotes":""},"categories":[693,45,46],"tags":[],"class_list":["post-49314","post","type-post","status-publish","format-standard","has-post-thumbnail","category-693","category-cultura","category-cultura-cultura"],"_links":{"self":[{"href":"https:\/\/redsemlac.com\/semmexico\/wp-json\/wp\/v2\/posts\/49314","targetHints":{"allow":["GET"]}}],"collection":[{"href":"https:\/\/redsemlac.com\/semmexico\/wp-json\/wp\/v2\/posts"}],"about":[{"href":"https:\/\/redsemlac.com\/semmexico\/wp-json\/wp\/v2\/types\/post"}],"author":[{"embeddable":true,"href":"https:\/\/redsemlac.com\/semmexico\/wp-json\/wp\/v2\/users\/3"}],"replies":[{"embeddable":true,"href":"https:\/\/redsemlac.com\/semmexico\/wp-json\/wp\/v2\/comments?post=49314"}],"version-history":[{"count":0,"href":"https:\/\/redsemlac.com\/semmexico\/wp-json\/wp\/v2\/posts\/49314\/revisions"}],"wp:featuredmedia":[{"embeddable":true,"href":"https:\/\/redsemlac.com\/semmexico\/wp-json\/wp\/v2\/media\/49315"}],"wp:attachment":[{"href":"https:\/\/redsemlac.com\/semmexico\/wp-json\/wp\/v2\/media?parent=49314"}],"wp:term":[{"taxonomy":"category","embeddable":true,"href":"https:\/\/redsemlac.com\/semmexico\/wp-json\/wp\/v2\/categories?post=49314"},{"taxonomy":"post_tag","embeddable":true,"href":"https:\/\/redsemlac.com\/semmexico\/wp-json\/wp\/v2\/tags?post=49314"}],"curies":[{"name":"wp","href":"https:\/\/api.w.org\/{rel}","templated":true}]}}