{"id":49299,"date":"2022-04-30T11:44:14","date_gmt":"2022-04-30T17:44:14","guid":{"rendered":"https:\/\/redsemlac.com\/semmexico\/?p=49299"},"modified":"2023-07-21T19:03:51","modified_gmt":"2023-07-22T00:03:51","slug":"denuncia-contra-acusado-de-abuso-sexual-recopila-firmas-en-cuba","status":"publish","type":"post","link":"https:\/\/redsemlac.com\/semmexico\/denuncia-contra-acusado-de-abuso-sexual-recopila-firmas-en-cuba\/","title":{"rendered":"Denuncia contra acusado de abuso sexual recopila firmas en Cuba"},"content":{"rendered":"\n<p class=\"wp-block-paragraph\">A m\u00e1s de cuatro meses de las primeras revelaciones se carece de informaci\u00f3n p\u00fablica sobre el caso del trovador Fernando B\u00e9cquer.<\/p>\n\n\n\n<p class=\"wp-block-paragraph\">Redacci\u00f3n<\/p>\n\n\n\n<p class=\"wp-block-paragraph\">SemM\u00e9xico\/IPS, La Habana 30 de abril, 2022.- \u00a1Basta, Fernando B\u00e9cquer! \u00a1Estamos hartas de que nos sigas violentando! As\u00ed inicia la&nbsp;<a href=\"https:\/\/www.ipscuba.net\/archivo\/declaracion-de-las-sobrevivientes-de-fernando-becquer\/\" target=\"_blank\" rel=\"noreferrer noopener\">declaraci\u00f3n<\/a>&nbsp;que circula por las redes sociales desde el pasado s\u00e1bado 23 de abril, a varios meses de que cinco mujeres hicieran p\u00fablica su denuncia de actos sistem\u00e1ticos de abuso sexual practicados por el trovador cubano.<\/p>\n\n\n\n<p class=\"wp-block-paragraph\">M\u00e1s de 140 personas, organizaciones y proyectos, hab\u00edan firmado hasta ese momento el texto que, en formato de misiva a B\u00e9cquer, se acompa\u00f1a de la direcci\u00f3n de correo disponible para la adhesi\u00f3n (metoofernandobecquer@gmail.com) y el mensaje \u201csi\u00e9ntanse invitad@s a leer, no presionad@s a firmar\u201d.<\/p>\n\n\n\n<p class=\"wp-block-paragraph\">\u201cHoy denunciamos que las sobrevivientes somos revictimizadas por ti, quien nos abus\u00f3. Mientras, sigues ostentando la impunidad y el poder de ser hombre, religioso y con el amparo y la legitimaci\u00f3n que te da un escenario\u201d, asegura el documento que apuesta por&nbsp;\u201cla condena social\u201d sin renunciar a la reparaci\u00f3n y la justicia por la v\u00eda legal.<\/p>\n\n\n\n<p class=\"wp-block-paragraph\">\u201cCuando atacas a una hermana abusada, nos est\u00e1s atacando a todas nuevamente. Cuando vomitas una frase machista, sigues aumentando el dolor que nos causaste y que hasta hoy tenemos que soportar. No aguantamos m\u00e1s, Fernando. Estamos hartas de tu impunidad\u201d, a\u00f1ade.<\/p>\n\n\n\n<p class=\"wp-block-paragraph\">El listado de firmas est\u00e1 encabezado por Paula Andrea Ram\u00edrez Ram\u00edrez, \u201cabusada por Fernando B\u00e9cquer, en Colombia, a\u00f1o 2006\u201d y otras ocho mujeres que aseguran haber sido tambi\u00e9n v\u00edctimas en Cuba. Junto a ellas, aparecen seis colectivos de varios pa\u00edses y m\u00e1s de 130 personas, en su mayor\u00eda mujeres.<\/p>\n\n\n\n<p class=\"wp-block-paragraph\">De los medios a la fiscal\u00eda<\/p>\n\n\n\n<p class=\"wp-block-paragraph\">La historia trascendi\u00f3 el 8 de diciembre con la publicaci\u00f3n en la revista El estornudo de&nbsp;<a href=\"https:\/\/s3.eu-central-1.amazonaws.com\/qurium\/revistaelestornudo.com\/fernando-becquer-cinco-denuncias-de-abusos-sexuales.html?fbclid=IwAR1epxiVKwTUSqR61PcXgmhLoTIt6r7EAQElmsCNWFh_r_NX_ZsScf4vUGU\" target=\"_blank\" rel=\"noreferrer noopener\">Cinco denuncias de abusos sexuales contra Fernando B\u00e9cquer<\/a>. A las primeras denunciantes se sumaron otras mujeres que, a trav\u00e9s de las redes sociales, compartieron sus historias con detalles comunes como el uso de la religi\u00f3n en los actos abusivos.<\/p>\n\n\n\n<p class=\"wp-block-paragraph\">Tres d\u00edas despu\u00e9s, la escritora cubana&nbsp;<a href=\"https:\/\/www.facebook.com\/elaine.vilarmadruga\" target=\"_blank\" rel=\"noreferrer noopener\">Elaine Vilar<\/a>&nbsp;se convirti\u00f3 en la primera sobreviviente en hacer efectiva su denuncia ante la Polic\u00eda Nacional Revolucionaria (PNR). &nbsp;A ella le siguieron otras, en n\u00famero no revelado oficialmente, as\u00ed como al menos una denuncia realizada desde otro pa\u00eds de Am\u00e9rica Latina.<\/p>\n\n\n\n<p class=\"wp-block-paragraph\">Tambi\u00e9n el Centro Nacional de Educaci\u00f3n Sexual y la Federaci\u00f3n de Mujeres Cubanas (FMC) emitieron declaraciones p\u00fablicas, mientras el medio digital&nbsp;<em>Cubadebate<\/em>&nbsp;y la revista&nbsp;<em>Alma Mater<\/em>&nbsp;publicaban extensos reportajes sobre el caso. Pero, tras el momento inicial, se carece de informaci\u00f3n oficial sobre el estado del proceso.<\/p>\n\n\n\n<p class=\"wp-block-paragraph\">Seg\u00fan fuentes cercanas al caso, a finales de febrero el expediente estaba casi listo para pasar a fiscal\u00eda. \u201cProceso legal en investigaci\u00f3n y, por lo tanto, abierto. Confirmado por la PNR y la FMC\u2026 Ning\u00fan testimonio se ha desestimado hasta ahora por falta de congruencia\u201d, public\u00f3 Vilar en Facebook.<\/p>\n\n\n\n<p class=\"wp-block-paragraph\">La escritora acudi\u00f3 a la organizaci\u00f3n femenina y a la polic\u00eda para responder al trovador&nbsp;<a href=\"https:\/\/www.facebook.com\/profile.php?id=100009059403724\" target=\"_blank\" rel=\"noreferrer noopener\">Ray Fern\u00e1ndez<\/a>, amigo y defensor de B\u00e9cquer, quien afirm\u00f3 en sus redes que el caso por abuso sexual hab\u00eda sido desestimado \u201cpor incongruencia en los testimonios de las demandantes\u201d.<\/p>\n\n\n\n<p class=\"has-medium-font-size wp-block-paragraph\"><strong>Aumenta el malestar<\/strong><\/p>\n\n\n\n<p class=\"wp-block-paragraph\">A la alerta se sum\u00f3 la feminista&nbsp;<a href=\"https:\/\/www.facebook.com\/snake.25?__tn__=-UC*F\" target=\"_blank\" rel=\"noreferrer noopener\">Laura Vargas<\/a>. \u201cCamina impune por las calles de La Habana y adem\u00e1s la TV Cubana no tiene ni la decencia de al menos no hacerle espacio\u201d, alert\u00f3 el 24 de marzo al compartir en Facebook la foto de un televisor con la imagen de un videoclip del trovador y el identificador del canal&nbsp;<a href=\"https:\/\/www.facebook.com\/CubavisionElCanalDeTodos\/?__tn__=kK*F\" target=\"_blank\" rel=\"noreferrer noopener\">Cubavisi\u00f3n<\/a>.<\/p>\n\n\n\n<p class=\"wp-block-paragraph\">Y, por \u00faltimo, la indignaci\u00f3n creci\u00f3 ante la proliferaci\u00f3n de publicaciones sobre el legado del m\u00fasico cubano&nbsp;<a href=\"https:\/\/www.ecured.cu\/Jos%C3%A9_Luis_Cort%C3%A9s\" target=\"_blank\" rel=\"noreferrer noopener\">Jos\u00e9 Luis Cort\u00e9s<\/a>&nbsp;\u201cEl Tosco\u201d, fallecido el 18 de abril a los 70 a\u00f1os. Cort\u00e9s hab\u00eda sido&nbsp;<a href=\"https:\/\/ipscuba.com\/cultura\/denuncia-por-violencia-machista-hace-viral-el-tema-en-cuba\/\" target=\"_blank\" rel=\"noreferrer noopener\">denunciado en 2019 por la cantante Dianelys Alfonso<\/a>, la \u201cDiosa de Cuba\u201d, por presuntos abusos verbales, f\u00edsicos y sexuales.<\/p>\n\n\n\n<p class=\"wp-block-paragraph\">La revelaci\u00f3n de Alfonso gener\u00f3 en su momento las cr\u00edticas de los seguidores de \u201cEl Tosco\u201d, pero tambi\u00e9n un fuerte movimiento de apoyo que&nbsp;<a href=\"https:\/\/ipscuba.com\/genero\/carta-abierta-de-feministas-cubanas-respalda-a-mujeres-victimas\/\" target=\"_blank\" rel=\"noreferrer noopener\">recopil\u00f3 cientos de firmas<\/a>&nbsp;y condujo al surgimiento de la plataforma independiente&nbsp;<a href=\"https:\/\/www.facebook.com\/hashtag\/yositecreo?__eep__=6&amp;__cft__%5b0%5d=AZV1Qe78nR-CUh29SluUOzzI8c_2w6vLAadifW1HGf04TI9TpH_OXp4v6y70RIfMQUJiQedGA7lBMIkZDUM0IYac_brt26XSTvs_PQAV-8ZgtO7awFw6xbKzHe7MGCbuMYwHi3VFj3aa3cXkSrrK19x2wYzlIr5QdHSYD4O82pdffQ&amp;__tn__=*NK-y-R\" target=\"_blank\" rel=\"noreferrer noopener\">#YoS\u00edTeCreo<\/a>, una de las impulsoras ahora de la declaraci\u00f3n sobre el caso B\u00e9cquer.<\/p>\n\n\n\n<p class=\"wp-block-paragraph\">Mientras la p\u00e1gina&nbsp;<a href=\"https:\/\/www.facebook.com\/elbecquerdecuba-100189658550363\/\" target=\"_blank\" rel=\"noreferrer noopener\">Elbecquerdecuba<\/a>, en un claro gesto de solidaridad ped\u00eda respeto por \u201cEl Tosco\u201d, el escritor&nbsp;<a href=\"https:\/\/www.facebook.com\/norge.mendoza\" target=\"_blank\" rel=\"noreferrer noopener\">Norge Espinosa<\/a>&nbsp;recordaba su \u201cdif\u00edcil\u201d historial en el trato a las mujeres. Espero se imponga \u201cuna imagen n\u00edtida de su personalidad, que lo retrate de modo cabal y sin hagiograf\u00edas\u201d, a\u00f1adi\u00f3. &nbsp;<\/p>\n","protected":false},"excerpt":{"rendered":"<p>El listado de firmas est\u00e1 encabezado por Paula Andrea Ram\u00edrez Ram\u00edrez, \u201cabusada por Fernando B\u00e9cquer, en Colombia, a\u00f1o 2006\u201d<\/p>\n","protected":false},"author":3,"featured_media":49300,"comment_status":"open","ping_status":"open","sticky":false,"template":"","format":"standard","meta":{"_monsterinsights_skip_tracking":false,"footnotes":""},"categories":[693,53],"tags":[],"class_list":["post-49299","post","type-post","status-publish","format-standard","has-post-thumbnail","category-693","category-internacional"],"_links":{"self":[{"href":"https:\/\/redsemlac.com\/semmexico\/wp-json\/wp\/v2\/posts\/49299","targetHints":{"allow":["GET"]}}],"collection":[{"href":"https:\/\/redsemlac.com\/semmexico\/wp-json\/wp\/v2\/posts"}],"about":[{"href":"https:\/\/redsemlac.com\/semmexico\/wp-json\/wp\/v2\/types\/post"}],"author":[{"embeddable":true,"href":"https:\/\/redsemlac.com\/semmexico\/wp-json\/wp\/v2\/users\/3"}],"replies":[{"embeddable":true,"href":"https:\/\/redsemlac.com\/semmexico\/wp-json\/wp\/v2\/comments?post=49299"}],"version-history":[{"count":0,"href":"https:\/\/redsemlac.com\/semmexico\/wp-json\/wp\/v2\/posts\/49299\/revisions"}],"wp:featuredmedia":[{"embeddable":true,"href":"https:\/\/redsemlac.com\/semmexico\/wp-json\/wp\/v2\/media\/49300"}],"wp:attachment":[{"href":"https:\/\/redsemlac.com\/semmexico\/wp-json\/wp\/v2\/media?parent=49299"}],"wp:term":[{"taxonomy":"category","embeddable":true,"href":"https:\/\/redsemlac.com\/semmexico\/wp-json\/wp\/v2\/categories?post=49299"},{"taxonomy":"post_tag","embeddable":true,"href":"https:\/\/redsemlac.com\/semmexico\/wp-json\/wp\/v2\/tags?post=49299"}],"curies":[{"name":"wp","href":"https:\/\/api.w.org\/{rel}","templated":true}]}}