{"id":49294,"date":"2022-04-30T11:34:02","date_gmt":"2022-04-30T17:34:02","guid":{"rendered":"https:\/\/redsemlac.com\/semmexico\/?p=49294"},"modified":"2023-07-21T19:03:51","modified_gmt":"2023-07-22T00:03:51","slug":"por-que-muchos-hombres-no-cuidan","status":"publish","type":"post","link":"https:\/\/redsemlac.com\/semmexico\/por-que-muchos-hombres-no-cuidan\/","title":{"rendered":"\u00bfPor qu\u00e9 muchos hombres no cuidan?"},"content":{"rendered":"\n<p class=\"wp-block-paragraph\"><strong>La Plataforma por Permisos Iguales e Intransferibles de Nacimiento y Adopci\u00f3n (PPiiNA) ha organizado una jornada para debatir sobre corresponsabilidad<\/strong><\/p>\n\n\n\n<p class=\"wp-block-paragraph\"><a href=\"https:\/\/amecopress.net\/Gloria-Lopez\">Gloria L\u00f3pez<\/a><\/p>\n\n\n\n<p class=\"wp-block-paragraph\">SemM\u00e9xico\/AmecoPress, Madrid, Espa\u00f1a, 30 de abril 2022.-<em>\u00a0\u00bfPor qu\u00e9 muchos hombres no cuidan?, \u00bfhabr\u00e1 en ellos una incapacidad gen\u00e9tica para cuidar? Pues no. Los hombres pueden cuidar, aunque muchos no lo hagan. Y para que esto cambie, se necesitan, entre otras cosas, pol\u00edticas p\u00fablicas que fomenten la corresponsabilidad. Para profundizar en esta tem\u00e1tica la Plataforma por Permisos Iguales e Intransferibles de Nacimiento y Adopci\u00f3n (PPiiNA) ha organizado una jornada en la que expertas y organizaciones que trabajan por la corresponsabilidad para lograr la igualdad real han debatido y aportado propuestas.<\/em><\/p>\n\n\n\n<div class=\"wp-block-image\"><figure class=\"aligncenter size-full\"><a href=\"https:\/\/redsemlac.com\/semmexico\/wp-content\/uploads\/2022\/04\/int-no-cuidan-02.jpg\"><img loading=\"lazy\" decoding=\"async\" width=\"750\" height=\"225\" src=\"https:\/\/redsemlac.com\/semmexico\/wp-content\/uploads\/2022\/04\/int-no-cuidan-02.jpg\" alt=\"\" class=\"wp-image-49296\"\/><\/a><\/figure><\/div>\n\n\n\n<p class=\"wp-block-paragraph\">El encuentro, celebrado en la sala Clara Campoamor del Congreso de los Diputados, ha sido presentado por Sof\u00eda Fern\u00e1ndez Casta\u00f1\u00f3n, diputada y portavoz en la Comisi\u00f3n de Igualdad del Congreso del grupo UP, quien ha puesto en valor el \u201ccambio de paradigma en el modelo social y productivo\u201d que implica la propuesta de la PPiiNA, que todav\u00eda no ha sido recogida en el marco legislativo en su totalidad.<\/p>\n\n\n\n<p class=\"wp-block-paragraph\">Efectivamente, la reforma de los permisos por nacimiento o adopci\u00f3n deber\u00eda haber servido para que los padres se corresponsabilizaran en el cuidado de sus hijos e hijas, es decir, que les dedicaran el mismo tiempo y con el mismo nivel de responsabilidad que las madres. Pero finalmente, el RDL 6\/2019 incluy\u00f3 \u201ctrampas escondidas en la letra peque\u00f1a\u201d, seg\u00fan ha denunciado reiteradamente la PPiiNA. Como resultado de esas trampas, m\u00e1s del 75% de los padres se toman todo el permiso simult\u00e1neamente con la madre (y no en periodos diferenciados, como piden las organizaciones). De este modo, para la inmensa mayor\u00eda de los y las beb\u00e9s, el permiso sigue durando solo 16 semanas, sus madres siguen vi\u00e9ndose obligadas a prolongar esas 16 semanas con excedencias o reducciones de jornada y, como consecuencia, la mayor\u00eda de los padres siguen siendo \u201cayudantes en el cuidado\u201d.<\/p>\n\n\n\n<p class=\"wp-block-paragraph\">Tanto Miguel Lorente Acosta, exdelegado del Gobierno contra la Violencia de G\u00e9nero, como Mar\u00eda Pazos Mor\u00e1n, activista de la PPiiNA, han destacado en sus ponencias que esta profunda desigualdad en el cuidado, no tiene ning\u00fan fundamento biol\u00f3gico, sino que responde al significado y contexto en el que se ejercen y al modo de entender la masculinidad.<\/p>\n\n\n\n<p class=\"wp-block-paragraph\">Seg\u00fan Lorente, muchos hombres no cuidan por razones pr\u00e1cticas y por razones identitarias. Entre esos motivos instrumentales, si los hombres cuidan, encuentran un conflicto de tiempo y lugar con lo que se les reconoce como hombres, y a la vez, \u201cpermiten que las mujeres dejaran de ser mujeres\u201d seg\u00fan los roles establecidos. Tambi\u00e9n \u201cahorran emociones\u201d, en palabras de Lu\u00eds Garc\u00eda Montero. En cuanto a la identidad, los cuidados son \u201cincompatibles con la hombr\u00eda\u201d. Si un hombre cuida se convierte en un \u201cmal ejemplo: si uno cambia, todos pueden cambiar\u201d.<\/p>\n\n\n\n<p class=\"wp-block-paragraph\">En cuanto a las estrategias para que los hombres cuiden m\u00e1s, el profesor de medicina legal apuesta por modificar el concepto de cuidados \u2013cuidar es pensar y pensarse de otro modo-, transformar las identidades y cambiar la cultura androc\u00e9ntrica en la que vivimos. Para hacerlo, contamos con la educaci\u00f3n, la concienciaci\u00f3n y la legislaci\u00f3n.<\/p>\n\n\n\n<p class=\"wp-block-paragraph\">\u201cLas mujeres pueden soportar e incluso agradecer que los hombres cuiden\u201d, ha asegurado Mar\u00eda Pazos, criticando que a veces se responsabilice a las mujeres de que ellos no hagan aquello que son capaces de hacer. Adem\u00e1s, a pesar de la creciente apolog\u00eda de apegos biol\u00f3gicos, el o la beb\u00e9 \u201cdesarrolla un v\u00ednculo de apego con quienes le cuidan\u201d, tambi\u00e9n \u201clos hombres desarrollan el v\u00ednculo de apego y est\u00e1n contentos por ello.\u201d<\/p>\n\n\n\n<div class=\"wp-block-image\"><figure class=\"aligncenter size-full\"><a href=\"https:\/\/redsemlac.com\/semmexico\/wp-content\/uploads\/2022\/04\/int-no-cuidan-03.jpg\"><img loading=\"lazy\" decoding=\"async\" width=\"750\" height=\"408\" src=\"https:\/\/redsemlac.com\/semmexico\/wp-content\/uploads\/2022\/04\/int-no-cuidan-03.jpg\" alt=\"\" class=\"wp-image-49297\"\/><\/a><\/figure><\/div>\n\n\n\n<p class=\"wp-block-paragraph\">Seg\u00fan la activista, la infancia es \u201cla puerta de entrada de los hombres en el cuidado\u201d, porque, adem\u00e1s, \u201clos ni\u00f1os son esponjas\u201d y si ven que su padre cuida, incorporar\u00e1n un nuevo modelo de masculinidad. \u201cLos permisos igualitarios son un paso emblem\u00e1tico para el cambio, aunque no sea el \u00fanico\u201d. Y con sociedades corresponsables en los cuidados, las mujeres dejar\u00e1n de estar penalizadas en el mercado laboral.<\/p>\n\n\n\n<p class=\"wp-block-paragraph\">La segunda mesa de la jornada ha contado con la participaci\u00f3n de organizaciones sociales feministas: COMPI, Club de Malas Madres, Red de Hombres por la Igualdad de Granada, F\u00f3rum de Pol\u00edtica Feminista y Partido de Feministas al Congreso.<\/p>\n\n\n\n<p class=\"wp-block-paragraph\"><strong>Foto: AmecoPress.<\/strong><\/p>\n","protected":false},"excerpt":{"rendered":"<p>\u00bfPor qu\u00e9 muchos hombres no cuidan?, \u00bfhabr\u00e1 en ellos una incapacidad gen\u00e9tica para cuidar? Pues no. Los hombres pueden cuidar, aunque muchos no lo hagan.<\/p>\n","protected":false},"author":3,"featured_media":49295,"comment_status":"open","ping_status":"open","sticky":false,"template":"","format":"standard","meta":{"_monsterinsights_skip_tracking":false,"footnotes":""},"categories":[693,53],"tags":[],"class_list":["post-49294","post","type-post","status-publish","format-standard","has-post-thumbnail","category-693","category-internacional"],"_links":{"self":[{"href":"https:\/\/redsemlac.com\/semmexico\/wp-json\/wp\/v2\/posts\/49294","targetHints":{"allow":["GET"]}}],"collection":[{"href":"https:\/\/redsemlac.com\/semmexico\/wp-json\/wp\/v2\/posts"}],"about":[{"href":"https:\/\/redsemlac.com\/semmexico\/wp-json\/wp\/v2\/types\/post"}],"author":[{"embeddable":true,"href":"https:\/\/redsemlac.com\/semmexico\/wp-json\/wp\/v2\/users\/3"}],"replies":[{"embeddable":true,"href":"https:\/\/redsemlac.com\/semmexico\/wp-json\/wp\/v2\/comments?post=49294"}],"version-history":[{"count":0,"href":"https:\/\/redsemlac.com\/semmexico\/wp-json\/wp\/v2\/posts\/49294\/revisions"}],"wp:featuredmedia":[{"embeddable":true,"href":"https:\/\/redsemlac.com\/semmexico\/wp-json\/wp\/v2\/media\/49295"}],"wp:attachment":[{"href":"https:\/\/redsemlac.com\/semmexico\/wp-json\/wp\/v2\/media?parent=49294"}],"wp:term":[{"taxonomy":"category","embeddable":true,"href":"https:\/\/redsemlac.com\/semmexico\/wp-json\/wp\/v2\/categories?post=49294"},{"taxonomy":"post_tag","embeddable":true,"href":"https:\/\/redsemlac.com\/semmexico\/wp-json\/wp\/v2\/tags?post=49294"}],"curies":[{"name":"wp","href":"https:\/\/api.w.org\/{rel}","templated":true}]}}