{"id":49290,"date":"2022-04-30T11:26:14","date_gmt":"2022-04-30T17:26:14","guid":{"rendered":"https:\/\/redsemlac.com\/semmexico\/?p=49290"},"modified":"2023-07-21T19:03:51","modified_gmt":"2023-07-22T00:03:51","slug":"un-hito-en-el-periodismo-de-chiapas-la-sancion-a-agencia-55-por-no-retirar-publicacion-ofensiva-contra-karla-burguete-torrestiana","status":"publish","type":"post","link":"https:\/\/redsemlac.com\/semmexico\/un-hito-en-el-periodismo-de-chiapas-la-sancion-a-agencia-55-por-no-retirar-publicacion-ofensiva-contra-karla-burguete-torrestiana\/","title":{"rendered":"<strong>Un hito en el periodismo de Chiapas la sanci\u00f3n a Agencia 55 por no retirar publicaci\u00f3n ofensiva contra Karla Burguete Torrestiana<\/strong>"},"content":{"rendered":"\n<p class=\"wp-block-paragraph\">Micaela M\u00e1rquez<\/p>\n\n\n\n<p class=\"wp-block-paragraph\">SemM\u00e9xico, Cd. de M\u00e9xico, 30 de abril 2022.- Sin omitir la validez de la libertad de expresi\u00f3n la Red Chiapas por la Paridad Efectiva (REPARE) considera oportuno y un hito en la historia del periodismo en el estado la sanci\u00f3n impuesta por el Instituto Electoral y de Participaci\u00f3n de Chiapas (IEPC-Chiapas) a la Agencia 55 por no retirar la publicaci\u00f3n ofensiva contra Karla Burguete Torrestiana.<\/p>\n\n\n\n<p class=\"wp-block-paragraph\">Esta sanci\u00f3n es la primera emitida por ejercicio de violencia pol\u00edtica contra una mujer en raz\u00f3n de g\u00e9nero, un delito electoral, contra el medio informativo Agencia 55 por incumplir la medida cautelar que le fuera impuesta a principios del mes de abril.&nbsp;<\/p>\n\n\n\n<p class=\"wp-block-paragraph\">REPARE considera igualmente que la sanci\u00f3n del IEPC-Chiapas a un medio informativo previene futuros actos delictivos y promueve la validez de la cultura de la denuncia.<\/p>\n\n\n\n<p class=\"wp-block-paragraph\">A principios de abril, el Tribunal Electoral del Estado de Chiapas (TEECH) concedi\u00f3 raz\u00f3n a la denuncia interpuesta por Burguete Torrestiana por acto de violencia pol\u00edtica contra su persona, orden\u00e1ndole a la Agencia 55 el retiro de la publicaci\u00f3n ofensiva, lo que ha sido incumplida por lo que se le sancion\u00f3.<\/p>\n\n\n\n<p class=\"wp-block-paragraph\">Los medios informativos deben proteger a las mujeres en el \u00e1mbito pol\u00edtico-electoral para el pleno usufructo de tales derechos y cumplir con los par\u00e1metros de salvaguardar los derechos de terceras personas u otros bienes tutelados, se\u00f1ala el pronunciamiento.<\/p>\n\n\n\n<p class=\"wp-block-paragraph\">Asimismo, especifica que las leyes promulgadas para sancionar la violencia pol\u00edtica contra las mujeres en raz\u00f3n de g\u00e9nero establecen restricciones a la actividad informativa sin omitir la validez de la libertad de expresi\u00f3n.<\/p>\n\n\n\n<p class=\"wp-block-paragraph\">Esta es constitucionalmente aceptada siempre y cuando no se utilice para el acto de violencia pol\u00edtica contra una mujer, argumento presentado para demandar la sanci\u00f3n.<\/p>\n\n\n\n<p class=\"wp-block-paragraph\">La libertad de expresi\u00f3n, pilar de la democracia, no es absoluto.<\/p>\n","protected":false},"excerpt":{"rendered":"<p>La Red Chiapas por la Paridad Efectiva considera oportuno y un hito en la historia del periodismo en el estado la sanci\u00f3n impuesta por el Instituto Electoral a la Agencia 55 por no retirar la publicaci\u00f3n ofensiva contra Karla Burguete Torrestiana.<\/p>\n","protected":false},"author":3,"featured_media":49292,"comment_status":"open","ping_status":"open","sticky":false,"template":"","format":"standard","meta":{"_monsterinsights_skip_tracking":false,"footnotes":""},"categories":[693,54],"tags":[],"class_list":["post-49290","post","type-post","status-publish","format-standard","has-post-thumbnail","category-693","category-mujeres"],"_links":{"self":[{"href":"https:\/\/redsemlac.com\/semmexico\/wp-json\/wp\/v2\/posts\/49290","targetHints":{"allow":["GET"]}}],"collection":[{"href":"https:\/\/redsemlac.com\/semmexico\/wp-json\/wp\/v2\/posts"}],"about":[{"href":"https:\/\/redsemlac.com\/semmexico\/wp-json\/wp\/v2\/types\/post"}],"author":[{"embeddable":true,"href":"https:\/\/redsemlac.com\/semmexico\/wp-json\/wp\/v2\/users\/3"}],"replies":[{"embeddable":true,"href":"https:\/\/redsemlac.com\/semmexico\/wp-json\/wp\/v2\/comments?post=49290"}],"version-history":[{"count":0,"href":"https:\/\/redsemlac.com\/semmexico\/wp-json\/wp\/v2\/posts\/49290\/revisions"}],"wp:featuredmedia":[{"embeddable":true,"href":"https:\/\/redsemlac.com\/semmexico\/wp-json\/wp\/v2\/media\/49292"}],"wp:attachment":[{"href":"https:\/\/redsemlac.com\/semmexico\/wp-json\/wp\/v2\/media?parent=49290"}],"wp:term":[{"taxonomy":"category","embeddable":true,"href":"https:\/\/redsemlac.com\/semmexico\/wp-json\/wp\/v2\/categories?post=49290"},{"taxonomy":"post_tag","embeddable":true,"href":"https:\/\/redsemlac.com\/semmexico\/wp-json\/wp\/v2\/tags?post=49290"}],"curies":[{"name":"wp","href":"https:\/\/api.w.org\/{rel}","templated":true}]}}