{"id":49263,"date":"2022-04-30T12:51:00","date_gmt":"2022-04-30T18:51:00","guid":{"rendered":"https:\/\/redsemlac.com\/semmexico\/?p=49263"},"modified":"2023-07-21T19:03:51","modified_gmt":"2023-07-22T00:03:51","slug":"lucy-gonzalez-tuvo-un-gran-protagonismo-en-la-organizacion-de-las-obreras-principalmente-en-las-fabricas-de-textiles","status":"publish","type":"post","link":"https:\/\/redsemlac.com\/semmexico\/lucy-gonzalez-tuvo-un-gran-protagonismo-en-la-organizacion-de-las-obreras-principalmente-en-las-fabricas-de-textiles\/","title":{"rendered":"Lucy Gonz\u00e1lez tuvo un gran protagonismo en la organizaci\u00f3n de las obreras, principalmente en las f\u00e1bricas de textiles"},"content":{"rendered":"\n<ul class=\"wp-block-list\"><li><strong>La mexicana viuda de uno de los m\u00e1rtires de Chicago<\/strong><\/li><\/ul>\n\n\n\n<p class=\"wp-block-paragraph\">SemM\u00e9xico\/ViejoTopo, 30 de abril, 2022.- Recordada por su gran oratoria, la mexicana Lucy Gonz\u00e1lez ser\u00e1 recordada por ser viuda de Albert Parsons, uno de los cinco m\u00e1rtires de Chicago, pero tuvo por s\u00ed misma un gran protagonismo en la organizaci\u00f3n de las obreras, principalmente en las f\u00e1bricas de textiles. A\u00fan en 1920 la polic\u00eda de Chicago la consideraba \u00abm\u00e1s peligrosa que mil insurrectos\u00bb.<\/p>\n\n\n\n<p class=\"wp-block-paragraph\">Naci\u00f3 esclava en 1853, en un poblado de Texas, territorio que cinco a\u00f1os antes hab\u00eda pertenecido a M\u00e9xico. Fue hija de una negra mexicana y un indio de Alabama. Qued\u00f3 hu\u00e9rfana a los tres a\u00f1os. Apenas pudo trabajar, ya que la enviaron a los campos de algod\u00f3n.<\/p>\n\n\n\n<p class=\"wp-block-paragraph\">Se cas\u00f3 a los 19 a\u00f1os con Albert Parsons, joven veterano de la Guerra de Secesi\u00f3n (1860- 1864). Casi eran una pareja ilegal: las \u00abmezclas\u00bb raciales estaban pr\u00e1cticamente prohibidas en los estados sure\u00f1os. La vida social no era&nbsp;f\u00e1cil, y menos siendo de los pocos activistas por los derechos de los negros en tierras de racistas. Las amenazas constantes que recib\u00edan les obligaron a partir hacia Chicago, en 1873.<\/p>\n\n\n\n<div class=\"wp-block-image\"><figure class=\"alignleft size-full is-resized\"><a href=\"https:\/\/redsemlac.com\/semmexico\/wp-content\/uploads\/2022\/04\/OBRERAS-2.jpg\"><img loading=\"lazy\" decoding=\"async\" src=\"https:\/\/redsemlac.com\/semmexico\/wp-content\/uploads\/2022\/04\/OBRERAS-2.jpg\" alt=\"\" class=\"wp-image-49266\" width=\"343\" height=\"349\"\/><\/a><\/figure><\/div>\n\n\n\n<p class=\"wp-block-paragraph\">A\u00fan no&nbsp;hab\u00edan desempacado los pocos b\u00e1rtulos que pose\u00edan y ya participaban de la vida pol\u00edtica. Para poder comer, Lucy se dedic\u00f3 a elaborar ropa femenina en casa, y \u00e9l trabaj\u00f3 en una imprenta. Ella empez\u00f3 a escribir, de forma gratuita, en el peri\u00f3dico&nbsp;<em>The Socialist<\/em>. Luego ayudaron a fundar&nbsp;<em>The Alarm<\/em>, vocero de la Asociaci\u00f3n Internacional de Trabajadores. Ella escrib\u00eda sobre el desempleo, el racismo o la funci\u00f3n de las mujeres en la pol\u00edtica.<\/p>\n\n\n\n<p class=\"wp-block-paragraph\">Lucy tuvo un gran protagonismo en la organizaci\u00f3n de las obreras, principalmente en las f\u00e1bricas de textiles. Eran las m\u00e1s explotadas. Ni sus dos embarazos fueron impedimento: casi sali\u00f3 de reuniones en las factor\u00edas, a los partos. Con el apoyo de Albert se dedic\u00f3 a colaborar en la creaci\u00f3n de la Uni\u00f3n de Mujeres Trabajadoras de Chicago, organizaci\u00f3n que fue reconocida en 1882 por la Orden de los Nobles Caballeros del Trabajo, una especie de federaci\u00f3n. Un gran triunfo: hasta ese momento no se aceptaba la militancia femenina.<\/p>\n\n\n\n<p class=\"wp-block-paragraph\">Siempre contaba con Albert. Y Albert con ella. De \u00e9l no s\u00f3lo ten\u00eda el apoyo pol\u00edtico, sino que compart\u00edan la atenci\u00f3n a los hijos y al hogar.<\/p>\n\n\n\n<p class=\"wp-block-paragraph\">Fue en ese momento cuando la lucha por la jornada de 8 horas se convirti\u00f3 en la principal reivindicaci\u00f3n nacional. Hasta entonces todos los trabajadores, incluidas ni\u00f1as y mujeres, deb\u00edan trabajar 15 o 18 horas para ganar apenas con qu\u00e9 comer. El presidente estadounidense Andrew Johnson hab\u00eda promulgado una Ley que establec\u00eda la jornada de ocho horas, pero en casi ning\u00fan estado se quiso aplicar. Los trabajadores llamaron a una huelga para el primero de mayo de 1886. La reacci\u00f3n de la prensa fue virulenta. El 29 de abril el&nbsp;<em>Indianapolis Journal<\/em>&nbsp;hablaba de \u00ablas fogosas arengas de truhanes y demagogos que viven de los impuestos de hombres honestos\u00bb.<\/p>\n\n\n\n<div class=\"wp-block-image\"><figure class=\"aligncenter size-full\"><a href=\"https:\/\/redsemlac.com\/semmexico\/wp-content\/uploads\/2022\/04\/OBRERAS-3.jpg\"><img loading=\"lazy\" decoding=\"async\" width=\"558\" height=\"418\" src=\"https:\/\/redsemlac.com\/semmexico\/wp-content\/uploads\/2022\/04\/OBRERAS-3.jpg\" alt=\"\" class=\"wp-image-49265\"\/><\/a><figcaption>Albert Parsons, uno de los m\u00e1rtires de Chicago, junto a su mujer Lucy Gonz\u00e1lez.<\/figcaption><\/figure><\/div>\n\n\n\n<p class=\"wp-block-paragraph\">Como en otras ocasiones, Lucy y Albert marcharon junto a sus hijos. Los Parsons hab\u00edan estado tensos y expectantes porque el&nbsp;<em>Chicago Mail<\/em>, en su editorial, hab\u00eda tratado a Albert y a otro compa\u00f1ero de lucha de \u00abrufianes peligrosos en libertad\u00bb. Y exig\u00eda en sus p\u00e1ginas: \u00abSe\u00f1\u00e1lenlos hoy. Mant\u00e9nganlos a la vista. Ind\u00edquenlos como personalmente responsables de cualquier dificultad que ocurra\u00bb.<\/p>\n\n\n\n<p class=\"wp-block-paragraph\">En Chicago, donde las condiciones de los trabajadores eran peor que en otras ciudades, las huelgas y las movilizaciones continuaron. Para el d\u00eda 4 se convoc\u00f3 a un acto en el Haymarket Square. Albert fue uno de los oradores.<\/p>\n\n\n\n<p class=\"wp-block-paragraph\">El acto termin\u00f3 en total orden. Hab\u00edan participado unas 20 mil personas. Empez\u00f3 a llover y los manifestantes se fueron marchando. Los Parsons decidieron tomar chocolate en el Sal\u00f3n Zept\u2019s cuando quedaban unos 200 manifestantes. Fue entonces cuando un grueso contingente de polic\u00edas carg\u00f3 contra todos ellos. Una bomba de fabricaci\u00f3n casera explot\u00f3 matando a un oficial, y los uniformados abrieron fuego. Nunca se inform\u00f3 sobre la cantidad exacta de muertos. Se declar\u00f3 el estado de sitio y el toque de queda. En los d\u00edas siguientes se detuvo a cientos de obreros. Algunos fueron torturados.<\/p>\n\n\n\n<p class=\"wp-block-paragraph\">De la bomba fueron acusadas 31 personas, de las cuales 8 quedaron incriminadas. El 21 de junio empez\u00f3 el juicio. Despu\u00e9s de discutir la situaci\u00f3n con Lucy, Albert apareci\u00f3 ante la Corte exclamando: \u00abNuestras Honorabilidades, he venido para que se me procese junto a todos mis inocentes compa\u00f1eros\u00bb. El juicio fue una burla a la justicia y a las normas procesales. La prensa se lanz\u00f3 en una campa\u00f1a condenatoria. Fue un juicio pol\u00edtico porque no se pod\u00eda comprobar nada. Fue un linchamiento. El Jurado declar\u00f3 culpables a los ocho acusados: De ellos, tres fueron condenados a prisi\u00f3n y cinco a la horca. Parsons estuvo entre los condenados a muerte.<\/p>\n\n\n\n<div class=\"wp-block-image\"><figure class=\"aligncenter size-full is-resized\"><a href=\"https:\/\/redsemlac.com\/semmexico\/wp-content\/uploads\/2022\/04\/OBRERAS-4.jpg\"><img loading=\"lazy\" decoding=\"async\" src=\"https:\/\/redsemlac.com\/semmexico\/wp-content\/uploads\/2022\/04\/OBRERAS-4.jpg\" alt=\"\" class=\"wp-image-49273\" width=\"748\" height=\"657\"\/><\/a><\/figure><\/div>\n\n\n\n<p class=\"wp-block-paragraph\"><img loading=\"lazy\" decoding=\"async\" width=\"625\" height=\"549\" src=\"\" alt=\"Los derechos de los trabajadores: \u00bfun tema para arque\u00f3logos? m\u00e1rtires de Chicago\">En la sala hizo presencia el periodista Jos\u00e9 Mart\u00ed, futuro ap\u00f3stol de la independencia de Cuba. El 21 de octubre, el diario argentino&nbsp;<em>La Naci\u00f3n<\/em>&nbsp;le public\u00f3 un art\u00edculo. En \u00e9l describ\u00eda la actitud de Lucy cuando se dictaba sentencia: \u00abAll\u00ed estaba la mulata de Parsons, implacable e inteligente como \u00e9l, que no pesta\u00f1ea en los mayores aprietos, que habla con feroz energ\u00eda en las juntas p\u00fablicas, que no se desmaya como las dem\u00e1s, que no mueve un m\u00fasculo del rostro cuando oye la sentencia fiera [\u2026] Ella aprieta el rostro contra su pu\u00f1o cerrado. No mira; no responde; se le nota en el pu\u00f1o un temblor creciente\u2026\u00bb.<\/p>\n\n\n\n<p class=\"wp-block-paragraph\">Lucy, acompa\u00f1ada de sus hijos, empez\u00f3 a recorrer el pa\u00eds durante casi un a\u00f1o. Explicaba el caso. Hablaba de noche y viajaba de d\u00eda. Escribi\u00f3 centenares de cartas a sindicatos y distintas autoridades, tanto de Estados Unidos como de todo el mundo. La solidaridad que naci\u00f3 fue inmensa. Pero, aun as\u00ed, el 11 de noviembre de 1887 se cumpli\u00f3 la sentencia. A\u00f1os m\u00e1s tarde, Lucy recordar\u00eda la ma\u00f1ana en que llev\u00f3 a sus hijos hasta donde ten\u00edan a los condenados. Ella pidi\u00f3 que dejaran a los ni\u00f1os dar a su padre el \u00faltimo adi\u00f3s, pero la respuesta fue retenerlos. \u00abNos quedamos encerrados en la estaci\u00f3n de polic\u00eda, mientras que el infernal delito se consumaba\u00bb, escrib\u00eda.<\/p>\n\n\n\n<p class=\"wp-block-paragraph\">Poco antes de que lo ahorcaran, Albert le escribi\u00f3 a Lucy: \u00abT\u00fa eres una mujer del pueblo y al pueblo te lego\u2026\u00bb. El 1 de Mayo, como D\u00eda Internacional de los Trabajadores y Trabajadoras, fue acordado en el Congreso Obrero Socialista, celebrado en Par\u00eds en 1889. Era el homenaje a los cinco m\u00e1rtires de Chicago. Al a\u00f1o siguiente se conmemor\u00f3 por primera vez. Lucy particip\u00f3 en la manifestaci\u00f3n realizada en Chicago. Ya era conocida como \u00abla Viuda Mexicana de los m\u00e1rtires de Chicago\u00bb. Y los patrones ya aplicaban&nbsp;la jornada de 8 horas. El sacrificio no hab\u00eda sido en vano.<\/p>\n\n\n\n<p class=\"wp-block-paragraph\">Tras el ahorcamiento de su esposo, Lucy sigui\u00f3 recorriendo el pa\u00eds, organizando a las trabajadoras y escribiendo en peri\u00f3dicos sindicales. En junio de 1905 estuvo presente en la constituci\u00f3n de la organizaci\u00f3n Trabajadores Industriales del Mundo, en Chicago. Solo 12 mujeres participaron, y ella fue la \u00fanica que se atrevi\u00f3 a tomar la palabra. \u00abNosotras, las mujeres de este pa\u00eds, no tenemos derecho a ning\u00fan voto. La \u00fanica manera de estar representadas es tomar a un hombre para representarnos [\u2026] y yo me sentir\u00eda rara al pedirle a un hombre que me represente [\u2026] Somos esclavas de los esclavos\u2026\u00bb. Finaliz\u00f3 su discurso expresando: \u00ab\u00a1No hay poder humano que pueda detener a los hombres y mujeres que est\u00e1n decididos a ser libres!\u00bb.<\/p>\n\n\n\n<p class=\"wp-block-paragraph\">Siempre tuvo enfrentamientos con las feministas. Poco las soportaba. Catalogaba al feminismo como algo t\u00edpico de la clase media. Sosten\u00eda que serv\u00eda m\u00e1s para confrontar a mujeres contra hombres. Repet\u00eda que la liberaci\u00f3n de las mujeres llegar\u00eda con la emancipaci\u00f3n de la clase obrera de la explotaci\u00f3n capitalista.<\/p>\n\n\n\n<p class=\"wp-block-paragraph\">Con 80 a\u00f1os de edad, Lucy continuaba dictando discursos en la Plaza Bughouse de Chicago. Segu\u00eda asesorando, formando. En febrero de 1941, a sus 88 a\u00f1os, hizo la \u00faltima aparici\u00f3n p\u00fablica. Al a\u00f1o siguiente, el 7 de marzo, ya ciega, la muerte la sorprendi\u00f3 al incendiarse su casa. Aun muerta la polic\u00eda la segu\u00eda considerando una amenaza: sus miles de documentos y libros fueron confiscados.<\/p>\n\n\n\n<p class=\"wp-block-paragraph\">\u2014<\/p>\n\n\n\n<p class=\"wp-block-paragraph\">Este texto (modificado para su publicaci\u00f3n un Primero de Mayo) forma parte del libro&nbsp;<a href=\"http:\/\/tienda.elviejotopo.com\/home\/1216-latinas-de-falda-y-pantalon-9788416288304.html\"><em>Latinas de falda y pantal\u00f3n<\/em><\/a>, de&nbsp;Hernando Calvo Ospina. Un recopilatorio de&nbsp;33 breves historias de mujeres que cambiaron el curso de la historia.<\/p>\n\n\n\n<p class=\"wp-block-paragraph\">Aparte de este pasaje relacionado con las revueltas del 1 de mayo de 1886 en Chicago, proponemos algunas lecturas para este D\u00eda del Trabajador. Lecturas sobre trabajo, globalizaci\u00f3n, condiciones laborales, luchas sindicales y explotaci\u00f3n.&nbsp;<strong>Libros para repensar el Primero de Mayo y reivindicar la lucha de aquellos que, como los m\u00e1rtires de Chicago, no descansan en su \u00edmpetu por conseguir mejores condiciones.<\/strong><\/p>\n\n\n\n<p class=\"wp-block-paragraph\"><a href=\"http:\/\/tienda.elviejotopo.com\/economia\/1085-globalizacion-y-trabajo-la-nueva-gran-transformacion-9788496831568.html\" target=\"_blank\" rel=\"noreferrer noopener\"><\/a><a href=\"http:\/\/tienda.elviejotopo.com\/economia\/1085-globalizacion-y-trabajo-la-nueva-gran-transformacion-9788496831568.html\"><strong>Globalizaci\u00f3n y trabajo, de Ronaldo Munck<\/strong><\/a><\/p>\n\n\n\n<div class=\"wp-block-image\"><figure class=\"alignleft size-full\"><a href=\"https:\/\/redsemlac.com\/semmexico\/wp-content\/uploads\/2022\/04\/OBRERAS-5.jpg\"><img loading=\"lazy\" decoding=\"async\" width=\"201\" height=\"300\" src=\"https:\/\/redsemlac.com\/semmexico\/wp-content\/uploads\/2022\/04\/OBRERAS-5.jpg\" alt=\"\" class=\"wp-image-49267\"\/><\/a><\/figure><\/div>\n\n\n\n<p class=\"wp-block-paragraph\">Hoy est\u00e1 de moda que se nos considere fundamentalmente como consumidores, pero el mundo de la producci\u00f3n y los servicios todav\u00eda nos necesita como trabajadores. Mientras la globalizaci\u00f3n, al menos durante las dos \u00faltimas d\u00e9cadas, ha estado marcada por la b\u00fasqueda de trabajo barato en las regiones del Sur por parte de las empresas transnacionales, los soci\u00f3logos y los medios de comunicaci\u00f3n han prestado poca atenci\u00f3n a los cambios que aqu\u00e9lla ha provocado en el mundo del trabajo. Este libro es el primero en que se analiza de forma comprehensiva la respuesta del trabajo a la globalizaci\u00f3n, y en \u00e9l se muestra un panorama cr\u00edtico de esos cambios que afrontan los trabajadores y los sindicatos de todo el mundo.<\/p>\n\n\n\n<p class=\"wp-block-paragraph\"><\/p>\n\n\n\n<p class=\"wp-block-paragraph\"><a href=\"http:\/\/tienda.elviejotopo.com\/teoria-politica\/1041-la-lucha-de-clases-una-historia-politica-y-filosofica-9788494209789.html\"><strong>La lucha de clases, de Domenico Losurdo<\/strong><\/a><\/p>\n\n\n\n<div class=\"wp-block-image\"><figure class=\"alignleft size-full\"><a href=\"https:\/\/redsemlac.com\/semmexico\/wp-content\/uploads\/2022\/04\/OBRERAS-6.jpg\"><img loading=\"lazy\" decoding=\"async\" width=\"195\" height=\"300\" src=\"https:\/\/redsemlac.com\/semmexico\/wp-content\/uploads\/2022\/04\/OBRERAS-6.jpg\" alt=\"\" class=\"wp-image-49268\"\/><\/a><\/figure><\/div>\n\n\n\n<p class=\"wp-block-paragraph\"><a href=\"http:\/\/tienda.elviejotopo.com\/teoria-politica\/1041-la-lucha-de-clases-una-historia-politica-y-filosofica-9788494209789.html\" target=\"_blank\" rel=\"noreferrer noopener\"><\/a>La crisis econ\u00f3mica se ha cebado en los trabajadores, y cada vez se oye hablar m\u00e1s de la necesidad del retorno de la lucha de clases. \u00bfPero estamos seguros de que esta hab\u00eda desaparecido? Porque la lucha de clases no es s\u00f3lo un conflicto entre la clase propietaria y los trabajadores que dependen de ella. Tambi\u00e9n lo es \u201cla explotaci\u00f3n de una naci\u00f3n por otra\u201d, como denunci\u00f3 Marx, y \u201cla opresi\u00f3n de la mujer por el macho\u201d, como escribi\u00f3 Engels. As\u00ed pues, estamos en presencia de tres diferentes formas de lucha de clases, dirigidas a cambiar radicalmente la divisi\u00f3n del trabajo y las relaciones de explotaci\u00f3n y opresi\u00f3n que existen a nivel internacional, o en un solo pa\u00eds, o en el seno de la familia. La teor\u00eda de la lucha de clases es hoy m\u00e1s necesaria que nunca, a condici\u00f3n de que no derive en un populismo f\u00e1cil que lo reduzca todo a un choque entre \u201chumildes\u201d y \u201cpoderosos\u201d, haciendo caso omiso de la multiplicidad de las formas del conflicto social.<\/p>\n\n\n\n<p class=\"wp-block-paragraph\"><a href=\"http:\/\/tienda.elviejotopo.com\/catalogo\/939-trabajadores-precarios-trabajadores-sin-derechos-9788492616190.html\" target=\"_blank\" rel=\"noreferrer noopener\"><\/a><a href=\"http:\/\/tienda.elviejotopo.com\/catalogo\/939-trabajadores-precarios-trabajadores-sin-derechos-9788492616190.html\"><strong>Trabajadores precarios trabajadores sin derechos, de Daniel Lacalle<\/strong><\/a><\/p>\n\n\n\n<div class=\"wp-block-image\"><figure class=\"alignleft size-full is-resized\"><a href=\"https:\/\/redsemlac.com\/semmexico\/wp-content\/uploads\/2022\/04\/OBRERAS-7.jpg\"><img loading=\"lazy\" decoding=\"async\" src=\"https:\/\/redsemlac.com\/semmexico\/wp-content\/uploads\/2022\/04\/OBRERAS-7.jpg\" alt=\"\" class=\"wp-image-49269\" width=\"201\" height=\"300\"\/><\/a><\/figure><\/div>\n\n\n\n<p class=\"wp-block-paragraph\"><em>Trabajadores precarios, trabajadores sin derechos<\/em>&nbsp;es una aproximaci\u00f3n a la situaci\u00f3n de los trabajadores que viven y trabajan en Espa\u00f1a, a comienzos del siglo XXI, situaci\u00f3n que se caracteriza por su precariedad laboral y social, a veces al borde o dentro de la pobreza y la exclusi\u00f3n, junto con el recorte e incluso la negaci\u00f3n de los derechos reconocidos en nuestro ordenamiento legislativo&nbsp;a lo que se a\u00f1ade en multitud de ocasiones la pr\u00e1ctica imposibilidad del ejercicio de esos derechos debido a la asimetr\u00eda de la relaci\u00f3n empleador \/ asalariado, o subcontratado, t\u00edpica del capitalismo y exacerbada en la actualidad con el impulso al individualismo observable en nuestra sociedad.<\/p>\n\n\n\n<p class=\"wp-block-paragraph\"><\/p>\n\n\n\n<p class=\"wp-block-paragraph\"><\/p>\n\n\n\n<p class=\"wp-block-paragraph\"><a href=\"http:\/\/tienda.elviejotopo.com\/trabajo\/1089-flexibles-y-precarios-la-opresion-del-trabajo-en-el-nuevo-capitalismo-europeo-9788496356290.html\"><strong>Flexibles y precarios, de Joaqu\u00edn Arriola y Luciano Vasapollo<\/strong><\/a><\/p>\n\n\n\n<div class=\"wp-block-image\"><figure class=\"alignleft size-full\"><a href=\"https:\/\/redsemlac.com\/semmexico\/wp-content\/uploads\/2022\/04\/OBRERAS-8.jpg\"><img loading=\"lazy\" decoding=\"async\" width=\"192\" height=\"300\" src=\"https:\/\/redsemlac.com\/semmexico\/wp-content\/uploads\/2022\/04\/OBRERAS-8.jpg\" alt=\"\" class=\"wp-image-49270\"\/><\/a><\/figure><\/div>\n\n\n\n<p class=\"wp-block-paragraph\"><a href=\"http:\/\/tienda.elviejotopo.com\/trabajo\/1089-flexibles-y-precarios-la-opresion-del-trabajo-en-el-nuevo-capitalismo-europeo-9788496356290.html\" target=\"_blank\" rel=\"noreferrer noopener\"><\/a>Hoy, el derrumbe del modelo fordista ha llevado al nacimiento de nuevos modelos de la llamada acumulaci\u00f3n flexible. A pesar de que el proceso que ha caracterizado el desarrollo de los \u00faltimos veinte a\u00f1os ha estado marcado por un fuerte aumento de la productividad, el \u00abfactor trabajo\u00bb no ha obtenido ning\u00fan tipo de beneficio en t\u00e9rminos de redistribuci\u00f3n real de tales incrementos de productividad.&nbsp;En realidad, no se ha producido un aumento ocupacional, ni aumento de los salarios reales, ni reducciones significativas en el horario de trabajo, que actualmente se mantiene no muy lejos del habitual a finales de los a\u00f1os 50 del siglo XX. Flexibilidad y precariedad son las banderas que, en aras de la competitividad, enarbola la denominada \u00abNew Economy\u00bb, bajo cuya m\u00e1scara se oculta un crecimiento destructivo sin ning\u00fan aporte al desarrollo social ni mejora del bienestar. Pero los trabajadores no tienen por qu\u00e9 asistir pasivamente al recorte constante de sus ingresos directos e indirectos. Pueden tomarse medidas que permitan recuperar parte de los ingentes beneficios producidos por esos extraordinarios incrementos de productividad. Aqu\u00ed, Arriola y Vasapollo sugieren algunas.<\/p>\n\n\n\n<p class=\"wp-block-paragraph\"><a href=\"http:\/\/tienda.elviejotopo.com\/economia\/1055-la-explotacion-trabajo-y-capital-en-espana-1954-11-9788496356924.html\" target=\"_blank\" rel=\"noreferrer noopener\"><\/a><a href=\"http:\/\/tienda.elviejotopo.com\/economia\/1055-la-explotacion-trabajo-y-capital-en-espana-1954-11-9788496356924.html\"><strong>La explotaci\u00f3n, de Diego Guerrero<\/strong><\/a><\/p>\n\n\n\n<div class=\"wp-block-image\"><figure class=\"alignleft size-full\"><a href=\"https:\/\/redsemlac.com\/semmexico\/wp-content\/uploads\/2022\/04\/OBRERAS-9.jpg\"><img loading=\"lazy\" decoding=\"async\" width=\"201\" height=\"300\" src=\"https:\/\/redsemlac.com\/semmexico\/wp-content\/uploads\/2022\/04\/OBRERAS-9.jpg\" alt=\"\" class=\"wp-image-49271\"\/><\/a><\/figure><\/div>\n\n\n\n<p class=\"wp-block-paragraph\">La explotaci\u00f3n de los trabajadores sigue siendo, hoy como ayer, la esencia misma del modo de producci\u00f3n capitalista. Sin embargo, la invasiva ideolog\u00eda neoliberal ha conseguido que ya no se hable de explotaci\u00f3n en los pa\u00edses con un contexto social m\u00e1s avanzado, como si no existiera la realidad de la explotaci\u00f3n en los pa\u00edses del capitalismo desarrollado.&nbsp;Se habla, s\u00ed, de la explotaci\u00f3n de los ni\u00f1os en Asia, que realizan jornadas agotadoras con sueldos de hambre. Pero en nuestro contexto, como no aparece en la TV, se dir\u00eda que la explotaci\u00f3n no existe. De hecho, como demuestra este libro, sucede todo lo contrario: mientras m\u00e1s desarrollada est\u00e1 la productividad del trabajo colectivo de una sociedad, mayor grado de explotaci\u00f3n experimentan sus trabajadores. Porque la explotaci\u00f3n tiene que ver con la evoluci\u00f3n del salario relativo y no con el salario real. Y, adem\u00e1s, porque si es verdad que los salarios reales tienden a crecer a largo plazo, ni lo hacen siempre ni hay seguridad de que lo vayan a hacer siempre.<\/p>\n\n\n\n<p class=\"wp-block-paragraph\"><a href=\"http:\/\/tienda.elviejotopo.com\/trabajo\/1065-la-clase-obrera-en-espana-continuidades-transformaciones-cambios-9788496356627.html\"><strong>La clase obrera en Espa\u00f1a, de Daniel Lacalle<\/strong><\/a><\/p>\n\n\n\n<div class=\"wp-block-image\"><figure class=\"alignleft size-full\"><a href=\"https:\/\/redsemlac.com\/semmexico\/wp-content\/uploads\/2022\/04\/OBRERAS-10.jpg\"><img loading=\"lazy\" decoding=\"async\" width=\"192\" height=\"300\" src=\"https:\/\/redsemlac.com\/semmexico\/wp-content\/uploads\/2022\/04\/OBRERAS-10.jpg\" alt=\"\" class=\"wp-image-49272\"\/><\/a><\/figure><\/div>\n\n\n\n<p class=\"wp-block-paragraph\"><a href=\"http:\/\/tienda.elviejotopo.com\/trabajo\/1065-la-clase-obrera-en-espana-continuidades-transformaciones-cambios-9788496356627.html\" target=\"_blank\" rel=\"noreferrer noopener\"><\/a>La clase obrera en Espa\u00f1a ha sufrido una radical transformaci\u00f3n interna en los \u00faltimos 40 a\u00f1os, los que van desde el final de la dictadura franquista e inicios de la transici\u00f3n hasta nuestros d\u00edas. El conjunto de los asalariados ha pasado de estar caracterizado por el obrero \u00abfordista\u00bb a estar masivamente representado por el trabajador precario. Entre 7 y 8 trabajadores de cada diez, no todos asalariados por cuenta ajena, est\u00e1n en condiciones de precariedad de uno u otro tipo. Dividido en cuatro bloques, el autor analiza las que para \u00e9l han sido las claves esenciales que explican esta transformaci\u00f3n.<\/p>\n","protected":false},"excerpt":{"rendered":"<p>La mexicana viuda de uno de los m\u00e1rtires de Chicago<\/p>\n","protected":false},"author":3,"featured_media":49274,"comment_status":"open","ping_status":"open","sticky":false,"template":"","format":"standard","meta":{"_monsterinsights_skip_tracking":false,"footnotes":""},"categories":[693,64],"tags":[],"class_list":["post-49263","post","type-post","status-publish","format-standard","has-post-thumbnail","category-693","category-para-saber"],"_links":{"self":[{"href":"https:\/\/redsemlac.com\/semmexico\/wp-json\/wp\/v2\/posts\/49263","targetHints":{"allow":["GET"]}}],"collection":[{"href":"https:\/\/redsemlac.com\/semmexico\/wp-json\/wp\/v2\/posts"}],"about":[{"href":"https:\/\/redsemlac.com\/semmexico\/wp-json\/wp\/v2\/types\/post"}],"author":[{"embeddable":true,"href":"https:\/\/redsemlac.com\/semmexico\/wp-json\/wp\/v2\/users\/3"}],"replies":[{"embeddable":true,"href":"https:\/\/redsemlac.com\/semmexico\/wp-json\/wp\/v2\/comments?post=49263"}],"version-history":[{"count":0,"href":"https:\/\/redsemlac.com\/semmexico\/wp-json\/wp\/v2\/posts\/49263\/revisions"}],"wp:featuredmedia":[{"embeddable":true,"href":"https:\/\/redsemlac.com\/semmexico\/wp-json\/wp\/v2\/media\/49274"}],"wp:attachment":[{"href":"https:\/\/redsemlac.com\/semmexico\/wp-json\/wp\/v2\/media?parent=49263"}],"wp:term":[{"taxonomy":"category","embeddable":true,"href":"https:\/\/redsemlac.com\/semmexico\/wp-json\/wp\/v2\/categories?post=49263"},{"taxonomy":"post_tag","embeddable":true,"href":"https:\/\/redsemlac.com\/semmexico\/wp-json\/wp\/v2\/tags?post=49263"}],"curies":[{"name":"wp","href":"https:\/\/api.w.org\/{rel}","templated":true}]}}