{"id":49256,"date":"2022-04-29T16:57:57","date_gmt":"2022-04-29T22:57:57","guid":{"rendered":"https:\/\/redsemlac.com\/semmexico\/?p=49256"},"modified":"2023-07-21T19:03:52","modified_gmt":"2023-07-22T00:03:52","slug":"lizbeth-jimenez-camara-cuatro-anos-sin-justicia","status":"publish","type":"post","link":"https:\/\/redsemlac.com\/semmexico\/lizbeth-jimenez-camara-cuatro-anos-sin-justicia\/","title":{"rendered":"Lizbeth Jim\u00e9nez C\u00e1mara cuatro a\u00f1os sin justicia"},"content":{"rendered":"\n<ul class=\"wp-block-list\"><li><strong>El presunto responsable dijo que se hab\u00eda suicidado, su madre no quita el dedo del rengl\u00f3n: fue un suicidio<\/strong><\/li><\/ul>\n\n\n\n<ul class=\"wp-block-list\"><li><strong>En la fiscal\u00eda persiste la promesa de que har\u00e1n las investigaciones, como lo establece la sentencia Mariana Lima<\/strong><\/li><\/ul>\n\n\n\n<p class=\"wp-block-paragraph\"><strong>Soledad Jarqu\u00edn Edgar<\/strong><\/p>\n\n\n\n<p class=\"wp-block-paragraph\">SemM\u00e9xico, Oaxaca, 29 de abril, 2022.- Lizbeth Jim\u00e9nez C\u00e1mara, cumple hoy cuatro a\u00f1os de su muerte, una no esclarecida, pasada por suicidio casi a ciegas, sin investigaci\u00f3n de fondo, mientras su madre Luz del Carmen C\u00e1mara Hern\u00e1ndez no quita el dedo del rengl\u00f3n: mi hija fue asesinada.<\/p>\n\n\n\n<p class=\"wp-block-paragraph\">Hoy a cuatro a\u00f1os de distancia una ventana de esperanza se abre para la familia de Lizbeth y esperan que finalmente el supuesto suicidio se investigue como feminicidio.<\/p>\n\n\n\n<p class=\"wp-block-paragraph\">Aquel 29 de abril de 2018 era domingo. Lizbeth sali\u00f3 de su casa para ir a la pr\u00e1ctica de la charrer\u00eda, su pasi\u00f3n. Volvi\u00f3 a La Junta una agencia municipal de Huajuapan de Le\u00f3n donde viv\u00eda con su pareja Guillermo Jos\u00e9 M.C.<\/p>\n\n\n\n<p class=\"wp-block-paragraph\">Casi al mismo tiempo en San Juan Bautista Suchitepec, una poblaci\u00f3n ubicada a poco m\u00e1s de una hora de camino, su madre la esperaba, dijo que ir\u00eda a comer con su familia, no lleg\u00f3.<\/p>\n\n\n\n<p class=\"wp-block-paragraph\">La noticia de su muerte lleg\u00f3 horas m\u00e1s tarde, una amiga de Lizbeth se comunic\u00f3 con su familia y les dijo que ella se hab\u00eda quitado la vida. Durante su angustiante trayecto hacia la casa donde ella viv\u00eda, la idea del suicidio de su hija rond\u00f3, incr\u00e9dula, en los pensamientos de Luz del Carmen C\u00e1mara.<\/p>\n\n\n\n<p class=\"wp-block-paragraph\">Cuando lleg\u00f3, el cuerpo ya hab\u00eda sido trasladado al pante\u00f3n municipal para la autopsia de ley. Insisti\u00f3 en verla y se lo permitieron. Ah\u00ed fue donde ella se dio cuenta de que algo no estaba bien. Su hija ten\u00eda huellas de golpes en su cuerpo y quemaduras. Antes que nada, pidi\u00f3 a una m\u00e9dica que hiciera un reconocimiento y que le tomara fotograf\u00edas.<\/p>\n\n\n\n<p class=\"wp-block-paragraph\">Fue junto con otra familiar a la casa de su hija y de su concubino, Guillermo Jos\u00e9, observ\u00f3 la casa, le dijeron cu\u00e1l era la marquesina desde la cual, supuestamente, ella se hab\u00eda colgado. De nueva cuenta supo que no era cierto, la distancia no era suficiente para que ella perdiera la vida, el cuerpo de Lizbeth hubiera topado con el piso.<\/p>\n\n\n\n<p class=\"wp-block-paragraph\">Su dolor la llev\u00f3 a esclarecer la mente con rapidez y para actuar: Jos\u00e9 Guillermo no le dio la noticia, no le dio la cara. Los golpes no eran resultado de un suicidio y las quemaduras tampoco, como tampoco coincid\u00eda la distancia de la marquesina donde ella, dec\u00edan, hab\u00eda puesto la rienda de su caballo para colgarse.<\/p>\n\n\n\n<p class=\"wp-block-paragraph\">Pero las autoridades no la oyeron. Cuatro a\u00f1os despu\u00e9s todo sigue igual. El dolor, la angustia, el temor y las complicaciones econ\u00f3micas la asedian, lo que complica el proceso judicial para ella, una que termin\u00f3 hasta hoy en un caso de suicidio que insiste en no creer frente a lo que vio.<\/p>\n\n\n\n<p class=\"wp-block-paragraph\">Al momento de su muerte Lizbeth ten\u00eda apenas 19 a\u00f1os y su pareja Guillermo Jos\u00e9, de ocupaci\u00f3n taxista ya ten\u00eda casi 50 a\u00f1os de edad y aquel domingo dijo al ministerio p\u00fabico que la hab\u00eda encontrado colgada, muerta. A \u00e9l le dieron el cr\u00e9dito de sus dichos sin realizar ninguna investigaci\u00f3n. El expediente 1411\/2018 se abri\u00f3 y ha permanecido como un suicidio.<\/p>\n\n\n\n<p class=\"wp-block-paragraph\"><strong>Luz de esperanza para Luz del Carmen y su hija<\/strong><\/p>\n\n\n\n<p class=\"wp-block-paragraph\">Fue hasta hace un par de meses cuando una puerta se entre abri\u00f3, explica a SemM\u00e9xico el asesor jur\u00eddico Roberto Pacifuentes Pacheco, quien ha dado acompa\u00f1amiento legal a la familia de Lizbeth Jim\u00e9nez C\u00e1mara, como resultado de los cambios de funcionarios en la vice Fiscal\u00eda de Huajuapan.<\/p>\n\n\n\n<p class=\"wp-block-paragraph\">Esto derivado de un dictamen de reclasificaci\u00f3n de lesiones elaborado por el Instituto de Estudios Periciales desde febrero del 2020 y que entregaron en agosto de ese a\u00f1o a la Vice Fiscal\u00eda y en el que se consideran las lesiones que presentaba el cuerpo de Lizbeth y que antes no hab\u00edan sido considerados.<\/p>\n\n\n\n<p class=\"wp-block-paragraph\">En ese dictamen se confirma que la causa de muerte fue asfixia por ahorcamiento, pero no confirma que se trat\u00f3 de un suicidio como lo aceptaron sin investigaci\u00f3n los agentes del Ministerio P\u00fablico que llevaban el caso, lo que abre la posibilidad de nuevas l\u00edneas de investigaci\u00f3n.<\/p>\n\n\n\n<p class=\"wp-block-paragraph\">Adem\u00e1s, explic\u00f3 hay otras pruebas que no fueron tomadas en cuenta, de las cuales existe la promesa de las autoridades de investigar, as\u00ed como la posibilidad de que sea investigado como debi\u00f3 suceder desde el principio, con el protocolo de atenci\u00f3n a v\u00edctimas de feminicidio.<\/p>\n\n\n\n<p class=\"wp-block-paragraph\">Pacifuentes Pacheco dijo que tambi\u00e9n se va a presentar una queja ante la Defensor\u00eda de los Derechos Humanos del Pueblo de Oaxaca por las omisiones de los agentes investigadores en su actuaci\u00f3n inicial de 2018 y la pasividad en que han mantenido el caso.<\/p>\n\n\n\n<h2 class=\"wp-block-heading\" id=\"denuncia-ante-el-tribunal-feminista\"><strong>Denuncia ante el Tribunal Feminista<\/strong><\/h2>\n\n\n\n<p class=\"wp-block-paragraph\">Al finalizar noviembre de 2021, organizado por Consorcio para el Di\u00e1logo Parlamentario y la Equidad Oaxaca, el Observatorio Ciudadano Nacional del Feminicidio y Madres contra el Feminicidio y la Impunidad se realiz\u00f3 el Tribunal Feminista contra el Feminicidio en la ciudad de Oaxaca, en aquella ocasi\u00f3n las juezas ciudadanas, todas expertas reconocidas en violencia contra las mujeres, incluso que han llevado exitosamente casos en el \u00e1mbito internacional, concluyeron, entre otras cosas:<\/p>\n\n\n\n<p class=\"wp-block-paragraph\">En la necesidad de reabrir la carpeta de investigaci\u00f3n como feminicidio y se agoten todas las diligencias establecidas por la Suprema Corte de Justicia de la Naci\u00f3n en el caso Mariana Lima. Para ello, ante la preocupaci\u00f3n por la falta de personal especializado que tenga la capacidad y capacitaci\u00f3n necesaria, se deber\u00e1 solicitar colaboraci\u00f3n con especialistas y organizaciones de la sociedad civil para que coadyuven en la investigaci\u00f3n.<\/p>\n\n\n\n<p class=\"wp-block-paragraph\">As\u00ed como se investigue la actuaci\u00f3n de los peritos, polic\u00edas y fiscales que durante cuatro a\u00f1os no actuaron conforme al Protocolo para la Investigaci\u00f3n del Delito de Feminicidio y se realice un plan de investigaci\u00f3n que permita la incorporaci\u00f3n de la perspectiva de g\u00e9nero en las diligencias, peritajes y dem\u00e1s actos de investigaci\u00f3n durante la etapa complementaria, a fin de que se acredite el delito de feminicidio y se garantice una reparaci\u00f3n integral a las v\u00edctimas.<\/p>\n\n\n\n<h2 class=\"wp-block-heading\" id=\"una-historia-parecida\"><strong>Una historia parecida<\/strong><\/h2>\n\n\n\n<p class=\"wp-block-paragraph\">El 28 de junio de 2010, Mariana Lina Buend\u00eda fue v\u00edctima de feminicidio por parte de su esposo, Julio Cesar H. B., quien era comandante de la Polic\u00eda Judicial en el municipio de Chimalhuac\u00e1n, Estado de M\u00e9xico. Sin embargo, como en el caso de Lizbeth Jim\u00e9nez C\u00e1mara, se dijo que se trat\u00f3 de un suicidio.<\/p>\n\n\n\n<p class=\"wp-block-paragraph\">Su madre Irinea Buend\u00eda Cortes (como lo hizo Luz del Carmen C\u00e1mara, madre de Lizbeth) entendi\u00f3 y comprob\u00f3 que no se hab\u00eda suicidado sino que se hab\u00eda cometido un feminicidio. Un largo litigio ha enfrentado Irinea Buend\u00eda quien con el acompa\u00f1amiento del Observatorio Ciudadano Nacional del Feminicidio (OCNF), lograron que en 2015 la sentencia 554\/2013 de la Suprema Corte de Justicia de la Naci\u00f3n (SCJN), en la que el tribunal orden\u00f3 que el caso -que hab\u00eda sido cerrado calificando la muerte de&nbsp;Mariana&nbsp;Lima&nbsp;como suicidio- se reabriera para que&nbsp;fuera investigado como feminicidio, se\u00f1ala el OCNF.<\/p>\n\n\n\n<p class=\"wp-block-paragraph\">La sentencia lograda por Irinea Buend\u00eda y su familia, as\u00ed como por su representantes legales, marca un precedente hist\u00f3rico para el caso de&nbsp;Mariana Lima&nbsp;y para las mujeres v\u00edctimas de la violencia feminicida en M\u00e9xico.<\/p>\n\n\n\n<p class=\"wp-block-paragraph\">El m\u00e1ximo Tribunal&nbsp;dict\u00f3 lineamientos espec\u00edficos para la investigaci\u00f3n en los casos de asesinatos de mujeres destacando principalmente tres disposiciones:&nbsp;<\/p>\n\n\n\n<p class=\"wp-block-paragraph\">1)&nbsp;Todas las muertes violentas de mujeres deben ser investigadas como feminicidio, con perspectiva de g\u00e9nero y con base en los est\u00e1ndares internacionales m\u00e1s altos.<\/p>\n\n\n\n<p class=\"wp-block-paragraph\">2)&nbsp;En todos los casos es necesario recolectar y salvaguardar la evidencia para determinar si la v\u00edctima sufri\u00f3 de violencia sexual o si \u00e9sta viv\u00eda en un contexto de violencia.<\/p>\n\n\n\n<p class=\"wp-block-paragraph\">&nbsp;3) La inacci\u00f3n y la indiferencia del Estado ante los casos llevan a la re-victimizaci\u00f3n y discriminaci\u00f3n, por lo que los responsables deben ser sancionados. &nbsp;<\/p>\n\n\n\n<p class=\"wp-block-paragraph\">Hoy, la familia de Lizbeth Jim\u00e9nez C\u00e1mara esperan que las autoridades vuelvan sus ojos a la sentencia de la SCJN y se investiguen los hechos como feminicidio, a pesar del tiempo transcurrido y se corrija la mala actuaci\u00f3n realizada entonces.<\/p>\n\n\n\n<h2 class=\"wp-block-heading\" id=\"consulta-la-sentencia-mariana-lima-en\"><strong>Consulta la sentencia Mariana Lima en:&nbsp;<\/strong><\/h2>\n\n\n\n<p class=\"wp-block-paragraph\"><a href=\"http:\/\/alertadegeneroedomex.com\/descargas\/documentos\/feminicidio\/Sentencia%20Caso%20Mariana%20Lima.pdf\" target=\"_blank\" rel=\"noreferrer noopener\">http:\/\/alertadegeneroedomex.com\/descargas\/documentos\/feminicidio\/Sentencia%20Caso%20Mariana%20Lima.pdf<\/a><\/p>\n\n\n\n<p class=\"has-medium-font-size wp-block-paragraph\"><strong>Esta madrugada<\/strong><\/p>\n\n\n\n<p class=\"wp-block-paragraph\">Guillermo M.C. ex pareja de Lizbeth Jim\u00e9nez C\u00e1mara, taxista del siti\u00f3 Moctezuma fue asesinado con disparos de arma de fuego en una agencia municipal de Huajuapan de Le\u00f3n, inform\u00f3 la agencia Igavec Noticias.<\/p>\n\n\n\n<p class=\"wp-block-paragraph\">De acuerdo con los primeros datos, los hechos ocurrieron en las primeras horas de este s\u00e1bado, en la agencia de Santa Maria Xochiltlapilco. Las autoridades iniciaron las investigaciones.<\/p>\n","protected":false},"excerpt":{"rendered":"<p>En la fiscal\u00eda persiste la promesa de que har\u00e1n las investigaciones, como lo establece la sentencia Mariana Lima<\/p>\n","protected":false},"author":3,"featured_media":49257,"comment_status":"open","ping_status":"open","sticky":false,"template":"","format":"standard","meta":{"_monsterinsights_skip_tracking":false,"footnotes":""},"categories":[693,47,48],"tags":[142],"class_list":["post-49256","post","type-post","status-publish","format-standard","has-post-thumbnail","category-693","category-no-mas-impunidad","category-no-mas-impunidad-no-mas-impunidad","tag-violencia"],"_links":{"self":[{"href":"https:\/\/redsemlac.com\/semmexico\/wp-json\/wp\/v2\/posts\/49256","targetHints":{"allow":["GET"]}}],"collection":[{"href":"https:\/\/redsemlac.com\/semmexico\/wp-json\/wp\/v2\/posts"}],"about":[{"href":"https:\/\/redsemlac.com\/semmexico\/wp-json\/wp\/v2\/types\/post"}],"author":[{"embeddable":true,"href":"https:\/\/redsemlac.com\/semmexico\/wp-json\/wp\/v2\/users\/3"}],"replies":[{"embeddable":true,"href":"https:\/\/redsemlac.com\/semmexico\/wp-json\/wp\/v2\/comments?post=49256"}],"version-history":[{"count":0,"href":"https:\/\/redsemlac.com\/semmexico\/wp-json\/wp\/v2\/posts\/49256\/revisions"}],"wp:featuredmedia":[{"embeddable":true,"href":"https:\/\/redsemlac.com\/semmexico\/wp-json\/wp\/v2\/media\/49257"}],"wp:attachment":[{"href":"https:\/\/redsemlac.com\/semmexico\/wp-json\/wp\/v2\/media?parent=49256"}],"wp:term":[{"taxonomy":"category","embeddable":true,"href":"https:\/\/redsemlac.com\/semmexico\/wp-json\/wp\/v2\/categories?post=49256"},{"taxonomy":"post_tag","embeddable":true,"href":"https:\/\/redsemlac.com\/semmexico\/wp-json\/wp\/v2\/tags?post=49256"}],"curies":[{"name":"wp","href":"https:\/\/api.w.org\/{rel}","templated":true}]}}