{"id":4925,"date":"2018-11-26T18:50:55","date_gmt":"2018-11-26T18:50:55","guid":{"rendered":"https:\/\/redsemlac.com\/semmexico\/?p=4925"},"modified":"2023-07-21T14:34:46","modified_gmt":"2023-07-21T19:34:46","slug":"cuestionan-iniciativa-para-personal-administrativo-de-confianza-labore-los-sabados","status":"publish","type":"post","link":"https:\/\/redsemlac.com\/semmexico\/cuestionan-iniciativa-para-personal-administrativo-de-confianza-labore-los-sabados\/","title":{"rendered":"Cuestionan iniciativa para personal administrativo de confianza labore los s\u00e1bados"},"content":{"rendered":"\n<p class=\"wp-block-paragraph\"><a href=\"https:\/\/www.semmexico.com\/gallery-post.php?id=6474#\">Redacci\u00f3n<\/a><\/p>\n\n\n\n<p class=\"wp-block-paragraph\">SemM\u00e9xico, Ciudad de M\u00e9xico, 26 noviembre 2018.- Amalia Garc\u00eda Medina, ex secretaria del Trabajo en la CDMX&nbsp;se\u00f1al\u00f3 que se deben buscar otros instrumentos para mejorar la productividad y respetar la conquista de tiempo libre de las mujeres, que adem\u00e1s del trabajo asalariado cumplen con trabajo en el hogar.<\/p>\n\n\n\n<p class=\"wp-block-paragraph\">Lo anterior al referirse a una&nbsp;iniciativa de Ley que se prev\u00e9 ser\u00e1 presentada en la C\u00e1mara de Diputados para que personal de confianza trabajen los s\u00e1bados, al respecto la diputada Dulce Mar\u00eda Sauri Riancho, apunt\u00f3 que es preocupante que en aras de una austeridad se vulneren derechos ya conquistados.&nbsp;<\/p>\n\n\n\n<p class=\"wp-block-paragraph\">La ex gobernadora de Zacatecas, Amalia Garc\u00eda Medina, se\u00f1al\u00f3 esta situaci\u00f3n como muy grave, pues&nbsp;el tiempo es un bien com\u00fan, un bien p\u00fablico que debe protegerse. \u201cM\u00e1s horas (de trabajo) no garantizan mayor productividad.<\/p>\n\n\n\n<p class=\"wp-block-paragraph\">La tambi\u00e9n ex Secretaria de Trabajo en el gobierno capitalino, hasta hace unos meses, se\u00f1al\u00f3 que deben buscarse otros instrumentos para mejorar la productividad y se debe respetar la conquista de tiempo libre de las mujeres, que adem\u00e1s del trabajo asalariado cumplen con trabajo en el hogar.&nbsp;<\/p>\n\n\n\n<p class=\"wp-block-paragraph\">Incluso destac\u00f3 que la Organizaci\u00f3n Internacional del Trabajo pondera el tiempo del trabajo y los periodos de descanso, ya que protegen la salud f\u00edsica y mental de los trabajadores.<\/p>\n\n\n\n<p class=\"wp-block-paragraph\">Dulce Mar\u00eda Sauri, tambi\u00e9n vicepresidenta de la mesa directiva de la C\u00e1mara de Diputados, se\u00f1al\u00f3 que la iniciativa establece que&nbsp;las y los funcionarios de la administraci\u00f3n p\u00fablica federal tendr\u00e1n jornadas de lunes a s\u00e1bado.<\/p>\n\n\n\n<p class=\"wp-block-paragraph\">Tanto Amalia Garc\u00eda como Dulce Mar\u00eda Sauri advirtieron que las conquistas no son de una vez y para siempre pero una sociedad atenta, activa, defiende los derechos y esta para que se oiga su voz.<\/p>\n\n\n\n<p class=\"wp-block-paragraph\">Amalia Garc\u00eda mencion\u00f3 lo que paso en Brasil con el presidente Bolsonaro que ya desapareci\u00f3 los ministerios de las mujeres, de los derechos humanos, todo lo que significa un avance a la sociedad.<\/p>\n\n\n\n<p class=\"wp-block-paragraph\">Las declaraciones de las dos pol\u00edticas se dieron en el marco del conversatorio \u00bfDemocracia Paritaria? En d\u00f3nde estamos&#8230; organizado por Adriana Ortiz Ortega con el apoyo del Instituto Universitario y de Investigaci\u00f3n Ortega y Gasset, y la colaboraci\u00f3n de Cristina Renaud, directora del Suplemento feminista \u201cEntre Todas\u201d que publica El Pa\u00eds en su edici\u00f3n M\u00e9xico.<\/p>\n\n\n\n<p class=\"wp-block-paragraph\">SEM\/em\/sj<br><\/p>\n","protected":false},"excerpt":{"rendered":"<p>Redacci\u00f3n SemM\u00e9xico, Ciudad de M\u00e9xico, 26 noviembre 2018.- Amalia Garc\u00eda Medina, ex secretaria del Trabajo en la CDMX&nbsp;se\u00f1al\u00f3 que se deben buscar otros instrumentos para mejorar la productividad y respetar la conquista de tiempo libre de las mujeres, que adem\u00e1s del trabajo asalariado cumplen con trabajo en el hogar. Lo anterior al referirse a una&nbsp;iniciativa [&hellip;]<\/p>\n","protected":false},"author":3,"featured_media":4926,"comment_status":"open","ping_status":"open","sticky":false,"template":"","format":"standard","meta":{"_monsterinsights_skip_tracking":false,"footnotes":""},"categories":[689,50],"tags":[],"class_list":["post-4925","post","type-post","status-publish","format-standard","has-post-thumbnail","category-689","category-congreso"],"_links":{"self":[{"href":"https:\/\/redsemlac.com\/semmexico\/wp-json\/wp\/v2\/posts\/4925","targetHints":{"allow":["GET"]}}],"collection":[{"href":"https:\/\/redsemlac.com\/semmexico\/wp-json\/wp\/v2\/posts"}],"about":[{"href":"https:\/\/redsemlac.com\/semmexico\/wp-json\/wp\/v2\/types\/post"}],"author":[{"embeddable":true,"href":"https:\/\/redsemlac.com\/semmexico\/wp-json\/wp\/v2\/users\/3"}],"replies":[{"embeddable":true,"href":"https:\/\/redsemlac.com\/semmexico\/wp-json\/wp\/v2\/comments?post=4925"}],"version-history":[{"count":0,"href":"https:\/\/redsemlac.com\/semmexico\/wp-json\/wp\/v2\/posts\/4925\/revisions"}],"wp:featuredmedia":[{"embeddable":true,"href":"https:\/\/redsemlac.com\/semmexico\/wp-json\/wp\/v2\/media\/4926"}],"wp:attachment":[{"href":"https:\/\/redsemlac.com\/semmexico\/wp-json\/wp\/v2\/media?parent=4925"}],"wp:term":[{"taxonomy":"category","embeddable":true,"href":"https:\/\/redsemlac.com\/semmexico\/wp-json\/wp\/v2\/categories?post=4925"},{"taxonomy":"post_tag","embeddable":true,"href":"https:\/\/redsemlac.com\/semmexico\/wp-json\/wp\/v2\/tags?post=4925"}],"curies":[{"name":"wp","href":"https:\/\/api.w.org\/{rel}","templated":true}]}}