{"id":49200,"date":"2022-04-29T14:03:56","date_gmt":"2022-04-29T20:03:56","guid":{"rendered":"https:\/\/redsemlac.com\/semmexico\/?p=49200"},"modified":"2023-07-21T19:03:52","modified_gmt":"2023-07-22T00:03:52","slug":"las-diplomaticas-mexicanas-nos-llevan-a-pensar-en-una-historia-de-mexico-con-vision-feminista-ebrard-casaubon","status":"publish","type":"post","link":"https:\/\/redsemlac.com\/semmexico\/las-diplomaticas-mexicanas-nos-llevan-a-pensar-en-una-historia-de-mexico-con-vision-feminista-ebrard-casaubon\/","title":{"rendered":"Las Diplom\u00e1ticas Mexicanas nos llevan a pensar en una historia de M\u00e9xico con visi\u00f3n feminista: Ebrard Casaubon"},"content":{"rendered":"\n<ul class=\"wp-block-list\"><li><strong>Las mujeres han luchado por sus derechos tambi\u00e9n en la diplomacia: Patricia Galeana Herrera<\/strong><\/li><\/ul>\n\n\n\n<p class=\"wp-block-paragraph\"><strong>Elda Montiel<\/strong><\/p>\n\n\n\n<p class=\"wp-block-paragraph\">SemM\u00e9xico, Cd. de M\u00e9xico, 28 de abril 2022.- La desigualdad de g\u00e9nero ha sido hist\u00f3rica y universal, gracias al feminismo se inici\u00f3 el estudio de la historia con perspectiva de g\u00e9nero en la d\u00e9cada de los sesenta del siglo pasado afirm\u00f3 la embajadora Patricia Galeana Herrera.<\/p>\n\n\n\n<p class=\"wp-block-paragraph\">Agreg\u00f3 que a trav\u00e9s de los siglos la historia de las mujeres ha sido ignorada por la cultura patriarcal desde la prehistoria, ya que el poder es masculino.<\/p>\n\n\n\n<div class=\"wp-block-image\"><figure class=\"alignleft size-full is-resized\"><a href=\"https:\/\/redsemlac.com\/semmexico\/wp-content\/uploads\/2022\/04\/diplomaticas-1.jpg\"><img loading=\"lazy\" decoding=\"async\" src=\"https:\/\/redsemlac.com\/semmexico\/wp-content\/uploads\/2022\/04\/diplomaticas-1.jpg\" alt=\"\" class=\"wp-image-49202\" width=\"243\" height=\"424\"\/><\/a><\/figure><\/div>\n\n\n\n<p class=\"wp-block-paragraph\">La importancia del libro \u201cDiplom\u00e1ticas Mexicanas\u201d, que coordin\u00f3 y particip\u00f3 como coautora la doctora Patricia Galeana Herrera, la resalt\u00f3 el secretario de Relaciones Exteriores, Marcelo Ebrard Casaubon, al expresar que la historia de las mujeres en la pol\u00edtica exterior mexicana es una muestra de lo podr\u00eda ser una historia de M\u00e9xico con una visi\u00f3n femenina de la historia de M\u00e9xico.&nbsp;<\/p>\n\n\n\n<p class=\"wp-block-paragraph\">La doctora Patricia Galeana agradeci\u00f3 la presencia del canciller y por sus convicciones feministas de larga data por su compromiso con una pol\u00edtica exterior feminista.<\/p>\n\n\n\n<p class=\"wp-block-paragraph\">El secretario Marcelo Ebrard coment\u00f3 respecto a la paridad en la Secretar\u00eda de Relaciones Exteriores, que no es solo promover mujeres en los cargos, va m\u00e1s all\u00e1 de involucrarse en la lucha por la igualdad de g\u00e9nero, es la igualdad sustantiva de la sociedad.<\/p>\n\n\n\n<p class=\"wp-block-paragraph\">Abundo \u201cc\u00f3mo podr\u00edamos organizar una sociedad sin libertad, sin derechos, igualitaria si no es con un compromiso feminista\u201d.<\/p>\n\n\n\n<p class=\"wp-block-paragraph\">\u00bfC\u00f3mo se podr\u00eda hacer? \u00bfC\u00f3mo se podr\u00eda organizar?&nbsp; Hay que tener una acci\u00f3n afirmativa, consistente, permanente, expansiva para lograr un objetivo mayor que nos involucre a todas y a todos.<\/p>\n\n\n\n<p class=\"wp-block-paragraph\">En primer lugar, reconocer lo que es justo, la igualdad, la protecci\u00f3n de los derechos a las mujeres, y en segundo lugar construir una sociedad diferente que nos lleve a la igualdad sustantiva, dijo Ebrard Casaubon.<\/p>\n\n\n\n<p class=\"wp-block-paragraph\">La doctora Patricia Galeana Herrera expreso que las mujeres han tenido que luchar por cada uno de sus derechos en todos los \u00e1mbitos y el diplom\u00e1tico no ha sido la excepci\u00f3n.<\/p>\n\n\n\n<figure class=\"wp-block-image size-large\"><a href=\"https:\/\/redsemlac.com\/semmexico\/wp-content\/uploads\/2022\/04\/diplomaticas-2.jpg\"><img decoding=\"async\" src=\"https:\/\/redsemlac.com\/semmexico\/wp-content\/uploads\/2022\/04\/diplomaticas-2-1024x1024.jpg\" alt=\"\" class=\"wp-image-49203\"\/><\/a><\/figure>\n\n\n\n<p class=\"wp-block-paragraph\">Refiri\u00f3 que los gobiernos no daban su benepl\u00e1cito a representantes mujeres, se consideraba que le restaba importancia a la representaci\u00f3n, adem\u00e1s de ser socialmente inaceptable.<\/p>\n\n\n\n<p class=\"wp-block-paragraph\">A pesar de que M\u00e9xico fue el primer pa\u00eds de Am\u00e9rica Latina en aceptar a una mujer embajadora, Alexandra Kollontai, representante de la Uni\u00f3n Sovi\u00e9tica en 1926 mientras que Guatemala rechazo a Gabriela Mistral en 1939.<\/p>\n\n\n\n<p class=\"wp-block-paragraph\">M\u00e9xico al ser uno de los \u00faltimos 6 pa\u00edses en otorgar la ciudadan\u00eda plena a las mujeres, hasta 1953, despu\u00e9s de la Convenci\u00f3n de Derechos Pol\u00edticos de la Organizaci\u00f3n de las Naciones Unidas en 1952, tuvo un impacto negativo no solo para la poblaci\u00f3n femenina mexicana sino para la democracia.<\/p>\n\n\n\n<p class=\"wp-block-paragraph\">Respecto a la participaci\u00f3n de las mujeres en el Servicio Exterior Mexicano este se dio hasta 1967, ya que la Ley Consular del Servicio Exterior Mexicano de 1923 especifico que s\u00f3lo pod\u00edan ser empleadas y no funcionarias.<\/p>\n\n\n\n<p class=\"wp-block-paragraph\">La embajadora Patricia Galeana Herrera explico que, en la tarea de hacer la historia de las diplom\u00e1ticas mexicanas, desde la primera mujer que tuvo un nombramiento diplom\u00e1tico en 1920, Hermila Galindo, redactora de la Doctrina Carranza y la Uni\u00f3n Indolatina hasta la primera Secretaria de Relaciones Exteriores Rosario Green, se tuvieron varios obst\u00e1culos.<\/p>\n\n\n\n<p class=\"wp-block-paragraph\">Por la pandemia del COVID 19, dos autoras se enfermaron y lamentablemente falleci\u00f3 la historiadora Leticia L\u00f3pez Orozco que se encontraba elaborando la semblanza de Cordelia Urueta, canciller de Tercera en el \u00e1rea consular en 1939 y gran artista pl\u00e1stica.<\/p>\n\n\n\n<p class=\"wp-block-paragraph\">Desde la perspectiva de g\u00e9nero se estudi\u00f3 la vida y la trayectoria de mujeres emblem\u00e1ticas como Hermila Galindo Acosta, conocida como la primera constitucionalista; Palma Guillen y S\u00e1nchez, primera mexicana en ocupar un cargo diplom\u00e1tico en 1936.<\/p>\n\n\n\n<div class=\"wp-block-image\"><figure class=\"alignleft size-full is-resized\"><a href=\"https:\/\/redsemlac.com\/semmexico\/wp-content\/uploads\/2022\/04\/diplomaticas-3.jpg\"><img loading=\"lazy\" decoding=\"async\" src=\"https:\/\/redsemlac.com\/semmexico\/wp-content\/uploads\/2022\/04\/diplomaticas-3.jpg\" alt=\"\" class=\"wp-image-49204\" width=\"369\" height=\"276\"\/><\/a><\/figure><\/div>\n\n\n\n<p class=\"wp-block-paragraph\">Cordelia Urueta Sierra, Amalia Gonz\u00e1lez Caballero de Castillo Led\u00f3n, la figura diplom\u00e1tica que fund\u00f3 la Comisi\u00f3n Interamericana de Mujeres; Paula Alegr\u00eda Garza Paloma Ojeda Ravah, Graciela de la Lama y G\u00f3mez, Mar\u00eda Lavalle Urbina, Rosario Castellanos, Rosario Green son las protagonistas de la pol\u00edtica exterior mexicana.<\/p>\n\n\n\n<p class=\"wp-block-paragraph\">Se convoc\u00f3 a integrantes del Servicio Exterior Mexicano, de la academia, del ambiente cultural, especialistas en el tema o testigos presenciales, Sergio Garc\u00eda Ram\u00edrez, Elena Poniatowska, los embajadores Jos\u00e9 Pi\u00f1a y Carlos Pujarte, las historiadoras Enriqueta Tu\u00f1\u00f3n y Leticia L\u00f3pez Orozco, y la embajadora Olga Pellicer.<\/p>\n\n\n\n<p class=\"wp-block-paragraph\">La doctora Patricia Galeana elaboro la historia de las dos primera mujeres diplom\u00e1ticas Hermila Galindo nombrada Comisionada Cultural por el presidente Venustiano Carranza y Palma Guillen, primera Ministra Plenipotenciaria y miembro de la delegaci\u00f3n permanente de M\u00e9xico ante Naciones Unidas, cuando se escribieron paginas gloriosas de la pol\u00edtica exterior mexicana en defensa de Austria ante la invasi\u00f3n nazi (1938) y de Finlandia ante la Uni\u00f3n Sovi\u00e9tica (1939).<\/p>\n\n\n\n<p class=\"wp-block-paragraph\">Precis\u00f3 que se encuentran dos tipos de texto los testimoniales y los acad\u00e9micos, los primeros constituyen fuentes de primera mano y los segundos gracias al archivo Hist\u00f3rico Genaro Estrada.&nbsp;<\/p>\n\n\n\n<p class=\"wp-block-paragraph\">En el Instituto Mat\u00edas Romero donde se llev\u00f3 a cabo la presentaci\u00f3n el tema del aumento de la participaci\u00f3n de las mujeres en el Servicio Exterior Mexicano fue mencionado por la presidenta del Senado, Olga S\u00e1nchez Cordero al se\u00f1alar que hay 17 embajadoras activas y 31 por ciento de mujeres que trabajan en la canciller\u00eda.<\/p>\n\n\n\n<p class=\"wp-block-paragraph\">Tambi\u00e9n el director del Instituto Mat\u00edas Romero, Alejandro Alday se\u00f1alo que cada vez es m\u00e1s marcada la presencia de las mujeres en el reclutamiento de diplom\u00e1ticas.<\/p>\n\n\n\n<p class=\"wp-block-paragraph\">La economista Alicia Gir\u00f3n Gonz\u00e1lez, coautora del libro, dijo que la administraci\u00f3n del Secretario Marcelo Ebrard ha llevado del discurso al hecho la pol\u00edtica exterior feminista con la Subsecretaria de Relaciones Exteriores y la Subsecretaria de Multilaterales y Derechos Humanos y distinguidas diplom\u00e1ticas y representantes en el Servicio Exterior Mexicano.<\/p>\n\n\n\n<p class=\"wp-block-paragraph\">Respecto al libro expres\u00f3 que las diez diplom\u00e1ticas abrieron brecha y que tiene un significado especial porque es un recorrido por m\u00e1s de un siglo de historia mexicana con perspectiva de g\u00e9nero. La inclusi\u00f3n de las mujeres en la toma de decisiones en diversos foros internacionales donde M\u00e9xico participo o fue anfitri\u00f3n.<\/p>\n\n\n\n<p class=\"wp-block-paragraph\">La tambi\u00e9n coordinadora del Programa Universitario de Estudios sobre Asia y \u00c1frica elaboro la historia de Graciela de la Lama quien fue embajadora en Egipto y fue formadora de generaciones de j\u00f3venes especialistas en el tema.<\/p>\n\n\n\n<p class=\"wp-block-paragraph\">Al respecto la abogada Isabel Erreguerena Citeri como joven feminista destaco el trabajo impecable de investigaci\u00f3n a cargo de la doctora Patricia Galeana en tiempos de pandemia y la selecci\u00f3n de autores como las y los diplom\u00e1ticos que brindan testimonios que lo hacen entra\u00f1able.<\/p>\n\n\n\n<p class=\"wp-block-paragraph\">Destac\u00f3 que la historia de las diplom\u00e1ticas cruza la historia del feminismo mexicano.<\/p>\n\n\n\n<p class=\"wp-block-paragraph\">Muestran, dijo, un retrato \u00edntimo de las diplom\u00e1ticas que marca un hito en la historia del Servicio Exterior Mexicano por su papel destacado en organismos multilaterales y en organismos internacionales. As\u00ed como sus discursos serios y profundos, como el de Rosario Green en 1971 donde preguntaba al presidente Luis Echeverria que se iba a hacer con los temas de trabajos dom\u00e9sticos y cuidados.<\/p>\n\n\n\n<p class=\"wp-block-paragraph\">Refiri\u00f3 que actualmente como la doctora Leticia Bonifaz es representante ante la CEDAW, Mar\u00eda Lavalle Urbina y Amalia Castillo, fueron parte de la Comisi\u00f3n Interamericana de Mujeres y la Comisi\u00f3n del Estatuto de la Mujer. Paula Alegr\u00eda participo en la creaci\u00f3n de la UNESCO.<\/p>\n\n\n\n<p class=\"wp-block-paragraph\">Durante la presentaci\u00f3n estuvieron presentes \u201cmujeres de \u00e9xito que rompen el techo de cristal\u201d como dijo la conductora, ya que hab\u00eda personal del servicio exterior mexicano y legisladoras.&nbsp; &nbsp;<\/p>\n","protected":false},"excerpt":{"rendered":"<p>Las mujeres han luchado por sus derechos tambi\u00e9n en la diplomacia: Patricia Galeana Herrera<\/p>\n","protected":false},"author":3,"featured_media":49201,"comment_status":"open","ping_status":"open","sticky":false,"template":"","format":"standard","meta":{"_monsterinsights_skip_tracking":false,"footnotes":""},"categories":[693,45,46],"tags":[],"class_list":["post-49200","post","type-post","status-publish","format-standard","has-post-thumbnail","category-693","category-cultura","category-cultura-cultura"],"_links":{"self":[{"href":"https:\/\/redsemlac.com\/semmexico\/wp-json\/wp\/v2\/posts\/49200","targetHints":{"allow":["GET"]}}],"collection":[{"href":"https:\/\/redsemlac.com\/semmexico\/wp-json\/wp\/v2\/posts"}],"about":[{"href":"https:\/\/redsemlac.com\/semmexico\/wp-json\/wp\/v2\/types\/post"}],"author":[{"embeddable":true,"href":"https:\/\/redsemlac.com\/semmexico\/wp-json\/wp\/v2\/users\/3"}],"replies":[{"embeddable":true,"href":"https:\/\/redsemlac.com\/semmexico\/wp-json\/wp\/v2\/comments?post=49200"}],"version-history":[{"count":0,"href":"https:\/\/redsemlac.com\/semmexico\/wp-json\/wp\/v2\/posts\/49200\/revisions"}],"wp:featuredmedia":[{"embeddable":true,"href":"https:\/\/redsemlac.com\/semmexico\/wp-json\/wp\/v2\/media\/49201"}],"wp:attachment":[{"href":"https:\/\/redsemlac.com\/semmexico\/wp-json\/wp\/v2\/media?parent=49200"}],"wp:term":[{"taxonomy":"category","embeddable":true,"href":"https:\/\/redsemlac.com\/semmexico\/wp-json\/wp\/v2\/categories?post=49200"},{"taxonomy":"post_tag","embeddable":true,"href":"https:\/\/redsemlac.com\/semmexico\/wp-json\/wp\/v2\/tags?post=49200"}],"curies":[{"name":"wp","href":"https:\/\/api.w.org\/{rel}","templated":true}]}}