{"id":49196,"date":"2022-04-29T13:58:34","date_gmt":"2022-04-29T19:58:34","guid":{"rendered":"https:\/\/redsemlac.com\/semmexico\/?p=49196"},"modified":"2023-07-21T19:03:52","modified_gmt":"2023-07-22T00:03:52","slug":"hortensia-galeana-sanchez-primera-directora-del-instituto-de-matematicas-unam","status":"publish","type":"post","link":"https:\/\/redsemlac.com\/semmexico\/hortensia-galeana-sanchez-primera-directora-del-instituto-de-matematicas-unam\/","title":{"rendered":"Hortensia Galeana S\u00e1nchez, primera directora del Instituto de Matem\u00e1ticas UNAM"},"content":{"rendered":"\n<ul class=\"wp-block-list\"><li><strong>Tuvieron que pasar 80 a\u00f1os para lograr esta designaci\u00f3n<\/strong><\/li><li><strong>La doctora es matem\u00e1tica desde 1978<a href=\"https:\/\/www.facebook.com\/sharer.php?u=https%3A%2F%2Fbillieparkernoticias.com%2Fhortensia-galeana-sanchez-primera-directora-del-instituto-de-matematicas-unam%2F\"><\/a><\/strong><\/li><\/ul>\n\n\n\n<p class=\"wp-block-paragraph\"><strong>Redacci\u00f3n<\/strong><\/p>\n\n\n\n<p class=\"wp-block-paragraph\">SemM\u00e9xico\/BillieParkerNoticias, Cd. de M\u00e9xico 29 de abril, 2022.- Hortensia Galeana S\u00e1nchez fue designada por la Junta de Gobierno de la UNAM como la nueva directora del Instituto de Matem\u00e1ticas (IM), para el periodo 2022-2026, con lo cual se convierte en la primera mujer en estar al frente de esa entidad universitaria en sus casi 80 a\u00f1os de existencia.<\/p>\n\n\n\n<p class=\"wp-block-paragraph\">Al darle posesi\u00f3n del cargo, el coordinador de la Investigaci\u00f3n Cient\u00edfica, William Lee Alard\u00edn, recalc\u00f3 que el Instituto es una entidad sin la cual no se puede entender el desarrollo de las matem\u00e1ticas, no s\u00f3lo en la Universidad Nacional sino en el pa\u00eds, por su trayectoria.<\/p>\n\n\n\n<p class=\"wp-block-paragraph\">Es responsabilidad de su comunidad que el impacto que tiene y el cual ha ido en aumento contin\u00fae en las \u00e1reas de investigaci\u00f3n, formaci\u00f3n de recursos humanos, difusi\u00f3n y vinculaci\u00f3n. \u201cQue as\u00ed sea, requiere del trabajo y compromiso de todos, sin excepci\u00f3n, de manera articulada y continua, para aprovechar las capacidades individuales y colectivas\u201d.<\/p>\n\n\n\n<p class=\"wp-block-paragraph\">El coordinador resalt\u00f3 la importancia de trabajar para fomentar la interacci\u00f3n y tener una buena comunicaci\u00f3n al interior del IM, entre todos los sectores y sedes, para beneficio de la propia entidad y de la Universidad. Ese es un asunto de todos y pasa por una vigorosa actividad acad\u00e9mica, la vida colegiada, el flujo de informaci\u00f3n y la rendici\u00f3n de cuentas, as\u00ed como la b\u00fasqueda de nuevos proyectos en los que se pueda participar de manera transversal y en la vinculaci\u00f3n para la soluci\u00f3n de problemas nacionales.<\/p>\n\n\n\n<p class=\"wp-block-paragraph\">Lee recalc\u00f3 la relevancia de consolidar la sede de Matem\u00e1ticas en Oaxaca, mantener y fomentar la actividad acad\u00e9mica y los intercambios externos de alto nivel en todas las \u00e1reas de inter\u00e9s del personal, continuar con la renovaci\u00f3n de la planta acad\u00e9mica, mejorar la actividad de difusi\u00f3n y comunicaci\u00f3n de la ciencia hacia el p\u00fablico en general, y ver que los esfuerzos de vinculaci\u00f3n, que son cada vez m\u00e1s importantes, se concreten y permitan dar un mayor beneficio al Instituto e incrementar su proyecci\u00f3n hacia el exterior.<\/p>\n\n\n\n<p class=\"wp-block-paragraph\">Finalmente, luego de recordar que el IM contar\u00e1 con el apoyo de las autoridades universitarias para llevar a cabo sus proyectos, el coordinador dijo que los relevos en las direcciones son oportunidades para plantear qu\u00e9 se quiere hacer en los pr\u00f3ximos a\u00f1os, construyendo sobre lo que ya se tiene, \u201cque es mucho y no hay que desaprovechar. Los invito a sumar esfuerzos en torno a la directora y asumir las tareas con responsabilidad\u201d.<\/p>\n\n\n\n<p class=\"wp-block-paragraph\">Al dirigirse a la comunidad del Instituto, Hortensia Galeana S\u00e1nchez expres\u00f3 que en recientes d\u00edas ha podido constatar el gran inter\u00e9s que tienen en poner todo su vigor, imaginaci\u00f3n, creatividad y el m\u00e1s puro esp\u00edritu universitario para que esa instancia siga creciendo y desarroll\u00e1ndose exitosamente, como lo ha hecho hasta ahora.<\/p>\n\n\n\n<p class=\"wp-block-paragraph\">\u201cLos invito a usar las grandes virtudes que tiene nuestra comunidad para avanzar unidos, impulsando a los que van adelante para que lleguen m\u00e1s lejos, y apoyando al resto, y as\u00ed llegar como un s\u00f3lo cuerpo y un s\u00f3lo esp\u00edritu lo m\u00e1s lejos posible, sin que nadie se quede atr\u00e1s\u201d, mencion\u00f3.<\/p>\n\n\n\n<p class=\"wp-block-paragraph\">Finalmente, en el auditorio Alfonso N\u00e1poles G\u00e1ndara reconoci\u00f3 la labor de Jos\u00e9 Antonio Seade Kuri, director saliente, por su extraordinaria gesti\u00f3n. \u201cSu pasi\u00f3n y entrega estos ocho a\u00f1os han hecho a nuestro Instituto m\u00e1s fuerte y vigoroso\u201d.<\/p>\n\n\n\n<p class=\"wp-block-paragraph\">Trayectoria<br>Hortensia Galeana S\u00e1nchez es matem\u00e1tica por la Facultad de Ciencias de la UNAM en 1978. Obtuvo la maestr\u00eda en Ciencias Matem\u00e1ticas por esta casa de estudios en 1981 y la Medalla Gabino Barreda al m\u00e1s alto promedio, y el doctorado en Ciencias Matem\u00e1ticas por la Universidad Nacional en 1985. Es investigadora em\u00e9rita del SNI.<\/p>\n\n\n\n<p class=\"wp-block-paragraph\">Su l\u00ednea de investigaci\u00f3n es la matem\u00e1tica discreta, en particular la teor\u00eda de gr\u00e1ficas. En esta \u00e1rea ha incursionado en diversos temas como la teor\u00eda de n\u00facleos, el panciclismo c\u00edclico, la conjetura de la partici\u00f3n en trayectorias, el n\u00famero dicrom\u00e1tico, el n\u00famero crom\u00e1tico, hamiltonicidad y existencia de ciclos en gr\u00e1ficas y digr\u00e1ficas, panciclismo en gr\u00e1ficas y digr\u00e1ficas, y n\u00fameros de Fibonacci en digr\u00e1ficas. De \u00e9stos sobresale su dedicaci\u00f3n en el tema de n\u00facleos en digr\u00e1ficas en el cual es l\u00edder mundial.<\/p>\n\n\n\n<p class=\"wp-block-paragraph\">Todos estos estudios son de una gran utilidad en aplicaciones, y tambi\u00e9n introdujo el concepto de recorribilidad din\u00e1mica con transiciones restringidas en gr\u00e1ficas y en digr\u00e1ficas.<\/p>\n\n\n\n<p class=\"wp-block-paragraph\">Su producci\u00f3n cient\u00edfica alcanza un total de 148 art\u00edculos de investigaci\u00f3n publicados en revistas especializadas del m\u00e1s alto nivel en su tema. Su participaci\u00f3n como docente ha sido constante desde 1977, y ha dirigido 48 tesis de licenciatura, cinco de maestr\u00eda y 13 de doctorado, as\u00ed como tres tesinas.<\/p>\n\n\n\n<p class=\"wp-block-paragraph\">Su labor en investigaci\u00f3n ha sido reconocida internacionalmente. Asimismo, ha sido distinguida con el Reconocimiento Distinci\u00f3n Universidad Nacional para J\u00f3venes Acad\u00e9micos en 1995; el Premio Universidad Nacional en 2015, y la Medalla Sor Juana In\u00e9s de la Cruz en 2005.<\/p>\n","protected":false},"excerpt":{"rendered":"<p>Tuvieron que pasar 80 a\u00f1os para lograr esta designaci\u00f3n<\/p>\n","protected":false},"author":3,"featured_media":49197,"comment_status":"open","ping_status":"open","sticky":false,"template":"","format":"standard","meta":{"_monsterinsights_skip_tracking":false,"footnotes":""},"categories":[693,66],"tags":[149],"class_list":["post-49196","post","type-post","status-publish","format-standard","has-post-thumbnail","category-693","category-extraordinarias","tag-mujeres"],"_links":{"self":[{"href":"https:\/\/redsemlac.com\/semmexico\/wp-json\/wp\/v2\/posts\/49196","targetHints":{"allow":["GET"]}}],"collection":[{"href":"https:\/\/redsemlac.com\/semmexico\/wp-json\/wp\/v2\/posts"}],"about":[{"href":"https:\/\/redsemlac.com\/semmexico\/wp-json\/wp\/v2\/types\/post"}],"author":[{"embeddable":true,"href":"https:\/\/redsemlac.com\/semmexico\/wp-json\/wp\/v2\/users\/3"}],"replies":[{"embeddable":true,"href":"https:\/\/redsemlac.com\/semmexico\/wp-json\/wp\/v2\/comments?post=49196"}],"version-history":[{"count":0,"href":"https:\/\/redsemlac.com\/semmexico\/wp-json\/wp\/v2\/posts\/49196\/revisions"}],"wp:featuredmedia":[{"embeddable":true,"href":"https:\/\/redsemlac.com\/semmexico\/wp-json\/wp\/v2\/media\/49197"}],"wp:attachment":[{"href":"https:\/\/redsemlac.com\/semmexico\/wp-json\/wp\/v2\/media?parent=49196"}],"wp:term":[{"taxonomy":"category","embeddable":true,"href":"https:\/\/redsemlac.com\/semmexico\/wp-json\/wp\/v2\/categories?post=49196"},{"taxonomy":"post_tag","embeddable":true,"href":"https:\/\/redsemlac.com\/semmexico\/wp-json\/wp\/v2\/tags?post=49196"}],"curies":[{"name":"wp","href":"https:\/\/api.w.org\/{rel}","templated":true}]}}