{"id":4913,"date":"2018-11-30T18:44:13","date_gmt":"2018-11-30T18:44:13","guid":{"rendered":"https:\/\/redsemlac.com\/semmexico\/?p=4913"},"modified":"2023-07-21T14:34:45","modified_gmt":"2023-07-21T19:34:45","slug":"esta-iniciativa-no-pretender-cerrar-la-discusion-sino-contribuir-a-este-gran-debate","status":"publish","type":"post","link":"https:\/\/redsemlac.com\/semmexico\/esta-iniciativa-no-pretender-cerrar-la-discusion-sino-contribuir-a-este-gran-debate\/","title":{"rendered":"Esta iniciativa, no pretender cerrar la discusi\u00f3n, sino contribuir a este gran debate."},"content":{"rendered":"\n<p class=\"wp-block-paragraph\"><a href=\"https:\/\/www.semmexico.com\/gallery-post.php?id=6516#\">Josefina Aguilar Pastor,<\/a><\/p>\n\n\n\n<p class=\"wp-block-paragraph\">Chilpancingo, Guerrero. 30 de noviembre de 2018.-&nbsp;&nbsp; Presenta Pablo Am\u00edlcar Sandoval Ballesteros, reformas para reconocer e incluir la violencia pol\u00edtica en raz\u00f3n de g\u00e9nero en la Ley 553 a la Ley de Acceso de las Mujeres a una Vida Libre de Violencia, la Ley de Instituciones y Procedimientos Electorales y el C\u00f3digo penal del Estado de Guerrero respectivamente.<\/p>\n\n\n\n<p class=\"wp-block-paragraph\">Poco antes de presentar licencia por tiempo indefinido como diputado local, el aun coordinador de la fracci\u00f3n parlamentaria de Morena present\u00f3 este jueves, tres propuestas de reformas, en lo que calific\u00f3 como acciones afirmativas a favor de las mujeres, con las que se reconoce, incluye y tipifica la violencia pol\u00edtica en la entidad.<\/p>\n\n\n\n<p class=\"wp-block-paragraph\">Sandoval Ballestero refiri\u00f3 que las desigualdades entre hombres y mujeres han vulnerado los derechos fundamentales de las mujeres y el contexto social y las pocas condiciones que existen para sancionar las conductas contribuyeron al crecimiento de la violencia.<\/p>\n\n\n\n<p class=\"wp-block-paragraph\">Guerrero, es uno de los estados que lastimosamente, apunt\u00f3 Sandoval Ballesteros, que a\u00fan no incorpora el reconocimiento conceptual de la violencia pol\u00edtica en raz\u00f3n de g\u00e9nero, construcci\u00f3n que recalc\u00f3, requiere integrarse dentro de la transformaci\u00f3n que reclama la ciudadan\u00eda para la vida pol\u00edtica del estado.<\/p>\n\n\n\n<p class=\"wp-block-paragraph\">En cuanto a la de la ley de Acceso de las Mujeres a una Vida Libre de Violencia, el diputado de Morena propone modificar los art\u00edculos 9 y 32, en los que se establece que la violencia pol\u00edtica en raz\u00f3n de g\u00e9nero, es el ejercicio de cualquier tipo de violencia en contra de las mujeres, de sus familiares o personas cercanas, con el fin de sesgar, condicionar, impedir, acotar o restringir la participaci\u00f3n y representaci\u00f3n pol\u00edtica y p\u00fablica, as\u00ed como la toma de decisiones; coartar o impedir el ejercicio de la participaci\u00f3n, representaci\u00f3n y facultades inherentes a los cargos p\u00fablicos y pol\u00edticos de las mujeres; proporcionar informaci\u00f3n falsa, incompleta o que induzca al inadecuado ejercicio de sus funciones pol\u00edticas y\/o p\u00fablicas, que impida el ejercicio de los derechos pol\u00edtico electorales y\/o impida el ejercicio de sus atribuciones o facultades.<\/p>\n\n\n\n<p class=\"wp-block-paragraph\">Impedir o excluir de la toma de decisiones o del derecho a voz y voto, a trav\u00e9s del enga\u00f1o o la omisi\u00f3n de notificaci\u00f3n de actividades inherentes a sus facultades o a la participaci\u00f3n y representaci\u00f3n pol\u00edtica y p\u00fablica; obstaculizar o impedir el ejercicio de licencias o permisos justificados a los cargos p\u00fablicos a los cuales fueron nombradas o electas, as\u00ed como la reincorporaci\u00f3n posterior; acosar u hostigar mediante la acusaci\u00f3n o la aplicaci\u00f3n de sanciones sin motivaci\u00f3n o fundamentaci\u00f3n, que contravengan las formalidades, el debido proceso y la presunci\u00f3n de inocencia, con el objetivo o resultado de impedir o restringir el ejercicio de los derechos pol\u00edtico-electorales.<\/p>\n\n\n\n<p class=\"wp-block-paragraph\">De la Ley N\u00famero 483 de Instituciones y Procedimientos Electorales reforman los art\u00edculos, propone la reforma de los art\u00edculos 2, 5 y 114, en los que establece que quedan prohibidos los actos que generen presi\u00f3n o coacci\u00f3n a las y los electores, o cualquier otro acto que represente violencia pol\u00edtica en raz\u00f3n de g\u00e9nero los cuales en caso de cometerse ser\u00e1n sancionados de acuerdo con lo previsto por las disposiciones legales aplicables; Abstenerse de recurrir a la violencia pol\u00edtica en raz\u00f3n de g\u00e9nero o cualquier tipo de violencia o cualquier acto que tenga por objeto o resultado alterar el orden p\u00fablico, perturbar el goce de las garant\u00edas o impedir el funcionamiento regular de los \u00f3rganos de gobierno.<\/p>\n\n\n\n<p class=\"wp-block-paragraph\">En el C\u00f3digo Penal quedar\u00eda tipificado como delito; quien comete delito de violencia pol\u00edtica en raz\u00f3n de g\u00e9nero, quien por s\u00ed o tercera persona hostigue, acose, coaccione amenace a una o varias mujeres y\/o a cualquier miembro de su familia con el objeto de menoscabar, restringir o nulificar el reconocimiento, goce o ejercicio de sus derechos pol\u00edticos, su cargo o funci\u00f3n p\u00fablica. Quien cometa este delito se le impondr\u00e1 de cien a trescientas Unidades de Medida y prisi\u00f3n de uno a cinco a\u00f1os.<\/p>\n\n\n\n<p class=\"wp-block-paragraph\">Si el delito de violencia pol\u00edtica en raz\u00f3n de g\u00e9nero es cometido por servidoras o servidores p\u00fablicos, adem\u00e1s de la pena se\u00f1alada en el p\u00e1rrafo anterior, se impondr\u00e1 destituci\u00f3n e inhabilitaci\u00f3n para el desempe\u00f1o de cualquier cargo, empleo o comisi\u00f3n p\u00fablica por un tiempo de tres a cinco a\u00f1os.<\/p>\n\n\n\n<p class=\"wp-block-paragraph\">Sandoval Ballestero puntualiz\u00f3 que esta iniciativa, no pretender cerrar la discusi\u00f3n, sino contribuir a este gran debate que se debe desarrollarse en el Estado. La iniciativa fue turnada a la comisi\u00f3n de estudios constitucionales y para la Igualdad de G\u00e9nero para su an\u00e1lisis.<br><\/p>\n","protected":false},"excerpt":{"rendered":"<p>Josefina Aguilar Pastor, Chilpancingo, Guerrero. 30 de noviembre de 2018.-&nbsp;&nbsp; Presenta Pablo Am\u00edlcar Sandoval Ballesteros, reformas para reconocer e incluir la violencia pol\u00edtica en raz\u00f3n de g\u00e9nero en la Ley 553 a la Ley de Acceso de las Mujeres a una Vida Libre de Violencia, la Ley de Instituciones y Procedimientos Electorales y el C\u00f3digo [&hellip;]<\/p>\n","protected":false},"author":3,"featured_media":4914,"comment_status":"open","ping_status":"open","sticky":false,"template":"","format":"standard","meta":{"_monsterinsights_skip_tracking":false,"footnotes":""},"categories":[689,50],"tags":[],"class_list":["post-4913","post","type-post","status-publish","format-standard","has-post-thumbnail","category-689","category-congreso"],"_links":{"self":[{"href":"https:\/\/redsemlac.com\/semmexico\/wp-json\/wp\/v2\/posts\/4913","targetHints":{"allow":["GET"]}}],"collection":[{"href":"https:\/\/redsemlac.com\/semmexico\/wp-json\/wp\/v2\/posts"}],"about":[{"href":"https:\/\/redsemlac.com\/semmexico\/wp-json\/wp\/v2\/types\/post"}],"author":[{"embeddable":true,"href":"https:\/\/redsemlac.com\/semmexico\/wp-json\/wp\/v2\/users\/3"}],"replies":[{"embeddable":true,"href":"https:\/\/redsemlac.com\/semmexico\/wp-json\/wp\/v2\/comments?post=4913"}],"version-history":[{"count":0,"href":"https:\/\/redsemlac.com\/semmexico\/wp-json\/wp\/v2\/posts\/4913\/revisions"}],"wp:featuredmedia":[{"embeddable":true,"href":"https:\/\/redsemlac.com\/semmexico\/wp-json\/wp\/v2\/media\/4914"}],"wp:attachment":[{"href":"https:\/\/redsemlac.com\/semmexico\/wp-json\/wp\/v2\/media?parent=4913"}],"wp:term":[{"taxonomy":"category","embeddable":true,"href":"https:\/\/redsemlac.com\/semmexico\/wp-json\/wp\/v2\/categories?post=4913"},{"taxonomy":"post_tag","embeddable":true,"href":"https:\/\/redsemlac.com\/semmexico\/wp-json\/wp\/v2\/tags?post=4913"}],"curies":[{"name":"wp","href":"https:\/\/api.w.org\/{rel}","templated":true}]}}