{"id":4903,"date":"2018-12-04T18:38:46","date_gmt":"2018-12-04T18:38:46","guid":{"rendered":"https:\/\/redsemlac.com\/semmexico\/?p=4903"},"modified":"2023-07-21T14:34:44","modified_gmt":"2023-07-21T19:34:44","slug":"desde-hace-dias-maria-elena-garcia-filobello-es-la-titular-de-dicho-centro","status":"publish","type":"post","link":"https:\/\/redsemlac.com\/semmexico\/desde-hace-dias-maria-elena-garcia-filobello-es-la-titular-de-dicho-centro\/","title":{"rendered":"Desde hace d\u00edas, Mar\u00eda Elena Garc\u00eda Filobello es la titular de dicho centro."},"content":{"rendered":"\n<p class=\"wp-block-paragraph\"><a href=\"https:\/\/www.semmexico.com\/gallery-post.php?id=6557#\">Ana Alicia Osorio,<\/a><\/p>\n\n\n\n<p class=\"wp-block-paragraph\">SemM\u00e9xico. Veracruz. 4 de diciembre de 2018.-&nbsp; El Congreso del Estado no ha emitido la convocatoria para la cubrir la direcci\u00f3n del Centro de Estudios para la Igualdad de G\u00e9nero, pero nombraron a una nueva encargada de despacho.&nbsp;<\/p>\n\n\n\n<p class=\"wp-block-paragraph\">A pesar de que el reglamento del propio Congreso se\u00f1ala que es necesario que se emita una convocatoria y que ser\u00e1n las y los legisladores de diversas comisiones quienes deber\u00e1n elegir a la titular del centro, eso se ha incumplido.<\/p>\n\n\n\n<p class=\"wp-block-paragraph\">Sin hacerlo p\u00fablico, desde hace algunos d\u00edas Mar\u00eda Elena Garc\u00eda Filobello es la titular de dicho centro y aparece como tal en el directorio del congreso local.&nbsp;<\/p>\n\n\n\n<p class=\"wp-block-paragraph\">\u201cLa elecci\u00f3n de la Directora se har\u00e1 a partir de una terna, resultado de una Convocatoria que emitir\u00e1n las Comisiones de Equidad, G\u00e9nero y Familia y de Derechos Humanos, Atenci\u00f3n a Grupos Vulnerables y Migrantes, a m\u00e1s tardar quince d\u00edas antes de que concluya el encargo la Directora en funciones\u201d, se\u00f1ala el Reglamento de los Servicios Administrativos del Congreso del Estado de Veracruz, que ha sido incumplido.&nbsp;<\/p>\n\n\n\n<p class=\"wp-block-paragraph\">Dicho espacio tiene como finalidad elaborar estudios de g\u00e9nero para asesorar las decisiones legislativas, as\u00ed como apoyar la comisi\u00f3n del tema para las iniciativas que se propongan.&nbsp;<\/p>\n\n\n\n<p class=\"wp-block-paragraph\">Hasta el momento ning\u00fan diputado o diputada, o personal del Congreso del Estado, se ha pronunciado respecto a la violaci\u00f3n del procedimiento para colocar a una persona como titular de un cargo p\u00fablico.&nbsp;<\/p>\n\n\n\n<p class=\"wp-block-paragraph\">Cabe se\u00f1alar que la actual legislatura inici\u00f3 funciones el pasado 1 de noviembre y est\u00e1 integrada en su mayor\u00eda por personas emanadas de Morena y los partidos aliados.&nbsp;<br><\/p>\n","protected":false},"excerpt":{"rendered":"<p>Ana Alicia Osorio, SemM\u00e9xico. Veracruz. 4 de diciembre de 2018.-&nbsp; El Congreso del Estado no ha emitido la convocatoria para la cubrir la direcci\u00f3n del Centro de Estudios para la Igualdad de G\u00e9nero, pero nombraron a una nueva encargada de despacho.&nbsp; A pesar de que el reglamento del propio Congreso se\u00f1ala que es necesario que [&hellip;]<\/p>\n","protected":false},"author":3,"featured_media":4904,"comment_status":"open","ping_status":"open","sticky":false,"template":"","format":"standard","meta":{"_monsterinsights_skip_tracking":false,"footnotes":""},"categories":[689,50],"tags":[],"class_list":["post-4903","post","type-post","status-publish","format-standard","has-post-thumbnail","category-689","category-congreso"],"_links":{"self":[{"href":"https:\/\/redsemlac.com\/semmexico\/wp-json\/wp\/v2\/posts\/4903","targetHints":{"allow":["GET"]}}],"collection":[{"href":"https:\/\/redsemlac.com\/semmexico\/wp-json\/wp\/v2\/posts"}],"about":[{"href":"https:\/\/redsemlac.com\/semmexico\/wp-json\/wp\/v2\/types\/post"}],"author":[{"embeddable":true,"href":"https:\/\/redsemlac.com\/semmexico\/wp-json\/wp\/v2\/users\/3"}],"replies":[{"embeddable":true,"href":"https:\/\/redsemlac.com\/semmexico\/wp-json\/wp\/v2\/comments?post=4903"}],"version-history":[{"count":0,"href":"https:\/\/redsemlac.com\/semmexico\/wp-json\/wp\/v2\/posts\/4903\/revisions"}],"wp:featuredmedia":[{"embeddable":true,"href":"https:\/\/redsemlac.com\/semmexico\/wp-json\/wp\/v2\/media\/4904"}],"wp:attachment":[{"href":"https:\/\/redsemlac.com\/semmexico\/wp-json\/wp\/v2\/media?parent=4903"}],"wp:term":[{"taxonomy":"category","embeddable":true,"href":"https:\/\/redsemlac.com\/semmexico\/wp-json\/wp\/v2\/categories?post=4903"},{"taxonomy":"post_tag","embeddable":true,"href":"https:\/\/redsemlac.com\/semmexico\/wp-json\/wp\/v2\/tags?post=4903"}],"curies":[{"name":"wp","href":"https:\/\/api.w.org\/{rel}","templated":true}]}}