{"id":49025,"date":"2022-04-26T15:35:55","date_gmt":"2022-04-26T21:35:55","guid":{"rendered":"https:\/\/redsemlac.com\/semmexico\/?p=49025"},"modified":"2023-07-21T19:02:56","modified_gmt":"2023-07-22T00:02:56","slug":"por-victimas-de-feminicidio-pleno-del-senado-guarda-minuto-de-silencio","status":"publish","type":"post","link":"https:\/\/redsemlac.com\/semmexico\/por-victimas-de-feminicidio-pleno-del-senado-guarda-minuto-de-silencio\/","title":{"rendered":"Por v\u00edctimas de feminicidio, pleno del Senado guarda minuto de silencio"},"content":{"rendered":"\n<ul class=\"wp-block-list\"><li><strong>Ni una m\u00e1s, ni una menos, dice Olga S\u00e1nchez Cordero<\/strong><\/li><\/ul>\n\n\n\n<ul class=\"wp-block-list\"><li><strong> Las fiscal\u00edas de los estados no han hecho su trabajo, dice Mal\u00fa Micher<\/strong><\/li><\/ul>\n\n\n\n<p class=\"wp-block-paragraph\"><strong>Redacci\u00f3n<\/strong><strong>&nbsp;<\/strong><\/p>\n\n\n\n<p class=\"wp-block-paragraph\">SemM\u00e9xico, Cd. de M\u00e9xico, 26 de abril, 2022.- El Pleno del Senado de la Rep\u00fablica guard\u00f3 un minuto de silencio en memoria de todas las mujeres v\u00edctimas de feminicidio en el pa\u00eds, en su sesi\u00f3n de este d\u00eda. \u201cNi una m\u00e1s, ni una menos\u201d, expres\u00f3 la presidenta de la mesa directiva, Olga S\u00e1nchez Cordero. &nbsp;<\/p>\n\n\n\n<p class=\"wp-block-paragraph\">En tanto, la presidenta de la Comisi\u00f3n para la Igualdad de G\u00e9nero, Martha Luc\u00eda Micher Camarena, dijo que son lamentables los hechos acontecidos en Nuevo Le\u00f3n y en todo el pa\u00eds, pues los feminicidios se han incrementado y las fiscal\u00edas no han hecho su trabajo en todos los estados.&nbsp;<\/p>\n\n\n\n<p class=\"wp-block-paragraph\">Por ello, agreg\u00f3, el minuto de silencio es \u201cen nombre de Debanhi y de las mujeres que han sido encontradas en Nuevo Le\u00f3n sin vida y de todas las mujeres v\u00edctimas de la mayor expresi\u00f3n de violencia en el pa\u00eds, que es el feminicidio\u201d.&nbsp;<\/p>\n\n\n\n<p class=\"wp-block-paragraph\">SEM\/sj&nbsp;<\/p>\n","protected":false},"excerpt":{"rendered":"<p> Las fiscal\u00edas de los estados no han hecho su trabajo, dice Mal\u00fa Micher<\/p>\n","protected":false},"author":3,"featured_media":49026,"comment_status":"open","ping_status":"open","sticky":false,"template":"","format":"standard","meta":{"_monsterinsights_skip_tracking":false,"footnotes":""},"categories":[693,50],"tags":[],"class_list":["post-49025","post","type-post","status-publish","format-standard","has-post-thumbnail","category-693","category-congreso"],"_links":{"self":[{"href":"https:\/\/redsemlac.com\/semmexico\/wp-json\/wp\/v2\/posts\/49025","targetHints":{"allow":["GET"]}}],"collection":[{"href":"https:\/\/redsemlac.com\/semmexico\/wp-json\/wp\/v2\/posts"}],"about":[{"href":"https:\/\/redsemlac.com\/semmexico\/wp-json\/wp\/v2\/types\/post"}],"author":[{"embeddable":true,"href":"https:\/\/redsemlac.com\/semmexico\/wp-json\/wp\/v2\/users\/3"}],"replies":[{"embeddable":true,"href":"https:\/\/redsemlac.com\/semmexico\/wp-json\/wp\/v2\/comments?post=49025"}],"version-history":[{"count":0,"href":"https:\/\/redsemlac.com\/semmexico\/wp-json\/wp\/v2\/posts\/49025\/revisions"}],"wp:featuredmedia":[{"embeddable":true,"href":"https:\/\/redsemlac.com\/semmexico\/wp-json\/wp\/v2\/media\/49026"}],"wp:attachment":[{"href":"https:\/\/redsemlac.com\/semmexico\/wp-json\/wp\/v2\/media?parent=49025"}],"wp:term":[{"taxonomy":"category","embeddable":true,"href":"https:\/\/redsemlac.com\/semmexico\/wp-json\/wp\/v2\/categories?post=49025"},{"taxonomy":"post_tag","embeddable":true,"href":"https:\/\/redsemlac.com\/semmexico\/wp-json\/wp\/v2\/tags?post=49025"}],"curies":[{"name":"wp","href":"https:\/\/api.w.org\/{rel}","templated":true}]}}