{"id":49023,"date":"2022-04-26T15:25:50","date_gmt":"2022-04-26T21:25:50","guid":{"rendered":"https:\/\/redsemlac.com\/semmexico\/?p=49023"},"modified":"2023-07-21T19:02:56","modified_gmt":"2023-07-22T00:02:56","slug":"el-feminicidio-por-perdida-de-valores-morales-amlo","status":"publish","type":"post","link":"https:\/\/redsemlac.com\/semmexico\/el-feminicidio-por-perdida-de-valores-morales-amlo\/","title":{"rendered":"El feminicidio por p\u00e9rdida de valores morales: AMLO"},"content":{"rendered":"\n<ul class=\"wp-block-list\"><li><strong>Una Rep\u00fablica amorosa para acabar con la inseguridad y la impunidad<\/strong><\/li><\/ul>\n\n\n\n<ul class=\"wp-block-list\"><li><strong> Hay que volver a un modelo que se quiso hacer de lado, evitar la desintegraci\u00f3n familiar<\/strong><\/li><\/ul>\n\n\n\n<p class=\"wp-block-paragraph\"><strong>Micaela M\u00e1rquez<\/strong><\/p>\n\n\n\n<p class=\"wp-block-paragraph\">SemM\u00e9xico, Cd. de M\u00e9xico, 26 de abril, 2022.- La p\u00e9rdida de valores morales, culturales, espirituales son las causas de la violencia contra las mujeres, dijo hoy en la conferencia Ma\u00f1anera el presidente Andr\u00e9s Manuel L\u00f3pez Obrador.<\/p>\n\n\n\n<p class=\"wp-block-paragraph\">Y agreg\u00f3 que esto aparejado con la falta de oportunidades, al empobrecimiento, a la desigualdad, nos llev\u00f3 a una decadencia, fue un proceso de degradaci\u00f3n progresivo, eso es una decadencia, entonces hizo crisis.<\/p>\n\n\n\n<p class=\"wp-block-paragraph\">As\u00ed respondi\u00f3 a la pregunta de la reportera Daniela Escobar,&nbsp;quien ya hab\u00eda \u201cincomodado\u201d al jefe del Ejecutivo al cuestionarlo sobre la suspensi\u00f3n de la reuni\u00f3n con los famosos sobre la construcci\u00f3n del Tren Maya. Fue entonces cuando le pregunt\u00f3 sobre las causas por qu\u00e9 no ha bajado la violencia contra las mujeres en estos \u00faltimos tres a\u00f1os.<\/p>\n\n\n\n<p class=\"wp-block-paragraph\">\u201c\u00bfY qu\u00e9 es lo que se tiene que hacer?\u201d, pregunt\u00f3 L\u00f3pez Obrador.<\/p>\n\n\n\n<p class=\"wp-block-paragraph\">\u201cPues cambiar completamente ese modelo, como lo estamos haciendo, y que no sea el dinero, lo material, lo b\u00e1sico, el triunfar a toda costa sin escr\u00fapulos morales de ninguna \u00edndole, el evitar la desintegraci\u00f3n de las familias\u201d.<\/p>\n\n\n\n<p class=\"wp-block-paragraph\">La reportera insisti\u00f3: O el papel que se cree que deben de tener las mujeres dentro de la sociedad.<\/p>\n\n\n\n<p class=\"wp-block-paragraph\">\u201cS\u00ed, pero eso se tiene en nuestras tradiciones, en nuestras costumbres, en nuestras culturas, lo que pasa que eso se quiso hacer a un lado, se promovi\u00f3 un modelo distinto, consumista, en donde cu\u00e1nto tienes, cu\u00e1nto vales, \u2018y la Cheyenne, ap\u00e1\u2019.<\/p>\n\n\n\n<p class=\"wp-block-paragraph\">\u201cEntonces, hay que regresar a infundir principios, valores. Por eso es la transformaci\u00f3n y todos tenemos que contribuir\u201d, agreg\u00f3 L\u00f3pez Obrador, quien se refiri\u00f3 a su \u00faltimo libro sobre c\u00f3mo la Ciudad de M\u00e9xico lleg\u00f3 a ser una de las ciudades de m\u00e1s consumo de art\u00edculos de lujo en el mundo.&nbsp;<\/p>\n\n\n\n<p class=\"wp-block-paragraph\">Refiri\u00f3 que en su libro puso el ejemplo de un alto funcionario de la pasada administraci\u00f3n del gobierno federal que obtuvo mucho dinero y al que su esposa con el ayudante, un oficial de la Marina, planean asesinarlo para quedarse con la herencia.<\/p>\n\n\n\n<p class=\"wp-block-paragraph\">\u201cPor la ambici\u00f3n, por un modelo orientado a lo material\u201d, agreg\u00f3 y afirm\u00f3 que \u201clo que queremos es que se pueda aceptar de que s\u00f3lo siendo buenos podemos ser felices. Por eso hablamos de una rep\u00fablica amorosa y por eso hablamos de que la felicidad no se obtiene s\u00f3lo con bienes materiales, con dinero, con t\u00edtulos\u201d.<\/p>\n\n\n\n<p class=\"wp-block-paragraph\">M\u00e1s adelante se pregunt\u00f3 y se respondi\u00f3. \u201c\u00bfC\u00f3mo se detiene el feminicidio? Pues as\u00ed, con una sociedad mejor, esa es la base\u201d.<\/p>\n\n\n\n<p class=\"wp-block-paragraph\">Tambi\u00e9n dijo que cuando le preguntan \u00bfC\u00f3mo se va a resolver el problema de la violencia? \u201cAtendiendo las causas que lo originan como la pobreza, mejore salarios, empleos, que se atienda a los j\u00f3venes, cuestionan que eso lleva mucho tiempo y que con esa excusa no se atend\u00edan las causas\u201d.<\/p>\n\n\n\n<p class=\"wp-block-paragraph\">Asegur\u00f3 que si no existieran los Programas de Bienestar de su gobierno \u201cestar\u00edamos peor\u201d pero es as\u00ed como se est\u00e1 combatiendo la inseguridad y la violencia y que en su gobierno no corrupci\u00f3n ni impunidad para nadie.<\/p>\n\n\n\n<p class=\"wp-block-paragraph\">Advirti\u00f3 que en su gobierno quien comete un delito es castigado. Pero lo que ha ayudado m\u00e1s es la atenci\u00f3n al pueblo.<\/p>\n\n\n\n<h2 class=\"wp-block-heading\" id=\"las-mujeres-buscadoras-de-sonora\"><strong>Las Mujeres Buscadoras de Sonora<\/strong><\/h2>\n\n\n\n<p class=\"wp-block-paragraph\">La reportera pregunt\u00f3 nuevamente sobre si tendr\u00eda una reuni\u00f3n con las madres buscadoras de Sonora, ya que cuando visita ese estado atiende asuntos de b\u00e9isbol. El presidente le respondi\u00f3.<\/p>\n\n\n\n<p class=\"wp-block-paragraph\">-Ah\u00ed s\u00ed, \u00a1ya te pasaste! O sea, no, no, no.<\/p>\n\n\n\n<p class=\"wp-block-paragraph\">Ella aclar\u00f3 que si en alg\u00fan momento atender\u00eda a las buscadoras.<\/p>\n\n\n\n<p class=\"wp-block-paragraph\">&#8211; S\u00ed, pero voy a Sonora a los pueblos yaquis, voy a Y\u00e9cora, voy a ver a los guarij\u00edos, voy a ver a los seris, voy a Cananea. O sea, porque no se puede simplificar a ese extremo, que lo est\u00e1s haciendo, que voy a Sonora al b\u00e9isbol.<\/p>\n\n\n\n<p class=\"wp-block-paragraph\">Explic\u00f3 que Gobernaci\u00f3n si se atienden los Derechos Humanos y no como antes que era una secretar\u00eda represora y que daba apoyos para controlar. Que antes a las asociaciones se les daba dinero para que nadie hablara, era un sistema de control y de manipulaci\u00f3n.<\/p>\n\n\n\n<p class=\"wp-block-paragraph\">Y argument\u00f3 que son ataques de los reaccionarios, de los fifis y conservadores, de los hip\u00f3critas que van a las iglesias, pero que afortunadamente hay gente consciente que saben que s\u00ed se est\u00e1 ayudando.<\/p>\n\n\n\n<p class=\"wp-block-paragraph\">Finalmente dijo que M\u00e9xico est\u00e1 viviendo un tiempo estelar.<\/p>\n\n\n\n<p class=\"wp-block-paragraph\">SEM\/mm\/sj<\/p>\n","protected":false},"excerpt":{"rendered":"<p> Hay que volver a un modelo que se quiso hacer de lado, evitar la desintegraci\u00f3n familiar<\/p>\n","protected":false},"author":3,"featured_media":45560,"comment_status":"open","ping_status":"open","sticky":false,"template":"","format":"standard","meta":{"_monsterinsights_skip_tracking":false,"footnotes":""},"categories":[693,51],"tags":[],"class_list":["post-49023","post","type-post","status-publish","format-standard","has-post-thumbnail","category-693","category-ejecutivo"],"_links":{"self":[{"href":"https:\/\/redsemlac.com\/semmexico\/wp-json\/wp\/v2\/posts\/49023","targetHints":{"allow":["GET"]}}],"collection":[{"href":"https:\/\/redsemlac.com\/semmexico\/wp-json\/wp\/v2\/posts"}],"about":[{"href":"https:\/\/redsemlac.com\/semmexico\/wp-json\/wp\/v2\/types\/post"}],"author":[{"embeddable":true,"href":"https:\/\/redsemlac.com\/semmexico\/wp-json\/wp\/v2\/users\/3"}],"replies":[{"embeddable":true,"href":"https:\/\/redsemlac.com\/semmexico\/wp-json\/wp\/v2\/comments?post=49023"}],"version-history":[{"count":0,"href":"https:\/\/redsemlac.com\/semmexico\/wp-json\/wp\/v2\/posts\/49023\/revisions"}],"wp:featuredmedia":[{"embeddable":true,"href":"https:\/\/redsemlac.com\/semmexico\/wp-json\/wp\/v2\/media\/45560"}],"wp:attachment":[{"href":"https:\/\/redsemlac.com\/semmexico\/wp-json\/wp\/v2\/media?parent=49023"}],"wp:term":[{"taxonomy":"category","embeddable":true,"href":"https:\/\/redsemlac.com\/semmexico\/wp-json\/wp\/v2\/categories?post=49023"},{"taxonomy":"post_tag","embeddable":true,"href":"https:\/\/redsemlac.com\/semmexico\/wp-json\/wp\/v2\/tags?post=49023"}],"curies":[{"name":"wp","href":"https:\/\/api.w.org\/{rel}","templated":true}]}}