{"id":49020,"date":"2022-04-26T14:12:45","date_gmt":"2022-04-26T20:12:45","guid":{"rendered":"https:\/\/redsemlac.com\/semmexico\/?p=49020"},"modified":"2023-07-21T19:02:56","modified_gmt":"2023-07-22T00:02:56","slug":"colima-tiene-la-tasa-mas-alta-de-homicidios-dolosos-de-mujeres-sesnsp","status":"publish","type":"post","link":"https:\/\/redsemlac.com\/semmexico\/colima-tiene-la-tasa-mas-alta-de-homicidios-dolosos-de-mujeres-sesnsp\/","title":{"rendered":"Colima tiene la tasa m\u00e1s alta de homicidios dolosos de mujeres: SESNSP"},"content":{"rendered":"\n<ul class=\"wp-block-list\"><li><strong>Coordinaci\u00f3n Estatal para la Construcci\u00f3n de Paz y la Seguridad reconoce 22 asesinatos violentos<\/strong><\/li><\/ul>\n\n\n\n<ul class=\"wp-block-list\"><li><strong>Convocan a una movilizaci\u00f3n este mi\u00e9rcoles<\/strong><\/li><\/ul>\n\n\n\n<p class=\"wp-block-paragraph\"><strong>Monserrat C\u00e1rdenas<\/strong><\/p>\n\n\n\n<p class=\"wp-block-paragraph\">SemM\u00e9xico\/Tlanesi, Colima, 26 de abril, 2022.-De enero a marzo de este a\u00f1o, Colima se posicion\u00f3 como la entidad con mayor tasa de homicidios dolosos cometidos contra mujeres en M\u00e9xico, con 3.45 v\u00edctimas por cada cien mil mujeres, seg\u00fan datos obtenidos del informe Incidencia delictiva y llamadas de emergencia 911, del Secretariado Ejecutivo del Sistema Nacional de Seguridad P\u00fablica (SESNSP), mientras que la media nacional fue de 0.95.<\/p>\n\n\n\n<p class=\"wp-block-paragraph\"><br>Sobre el mismo tema, Gustavo Joya, vocero de la mesa de Coordinaci\u00f3n Estatal para la Construcci\u00f3n de Paz y la Seguridad en Colima, dio a conocer el viernes pasado que hasta el 20 de abril sumaban 22 mujeres asesinadas en la entidad desde enero.<\/p>\n\n\n\n<p class=\"wp-block-paragraph\">Una de ellas una menor de 13 a\u00f1os asesinada el 13 de abril en la colonia Moctezuma, en la capital, cuando viajaba en una motocicleta junto a otro joven de 24 a\u00f1os, pareja sentimental de su madre y quien, adem\u00e1s, era buscado por las autoridades debido a que sus huellas hab\u00edan sido presuntamente encontradas en narco-mantas colocadas en inmuebles de Colima.<\/p>\n\n\n\n<p class=\"wp-block-paragraph\">Un d\u00eda despu\u00e9s, el 14 de abril, fue asesinada Paola Ruiz, maestra del Instituto Superior de Educaci\u00f3n Normal del Estado de Colima (ISENCO), junto a otro maestro y un sujeto m\u00e1s, en la colonia Emiliano Zapata, en Villa de \u00c1lvarez.<\/p>\n\n\n\n<p class=\"wp-block-paragraph\">El SESNSP tambi\u00e9n se\u00f1al\u00f3 que el estado se encuentra en el primer lugar en el tema de violencia intrafamiliar, con 119.6 casos por cada cien mil habitantes, mientras que la media nacional fue, para el mismo periodo, de 43.2.<\/p>\n\n\n\n<p class=\"wp-block-paragraph\">Un aspecto m\u00e1s en el que Colima puntea la lista es en la incidencia de llamadas de emergencia relacionadas con incidentes de acoso u hostigamiento sexual (incluyendo casos contra hombres y mujeres), en el que resultaron 7.29 v\u00edctimas por cada cien habitantes, en comparaci\u00f3n al 1.65 obtenido de la media nacional.<\/p>\n\n\n\n<p class=\"wp-block-paragraph\">El 24 de abril, el Instituto Villalvarense de la Mujer indic\u00f3 que personal de la dependencia brind\u00f3 atenci\u00f3n a una menor de 17 a\u00f1os y a su familia, luego de que el fin de semana reportaran al 911 un intento de secuestro hacia la adolescente en la colonia Villas de San Jos\u00e9, en dicho municipio.<\/p>\n\n\n\n<p class=\"wp-block-paragraph\">Ante este contexto, las colimenses han convocado en redes sociales a una movilizaci\u00f3n para el mi\u00e9rcoles 27 de abril en la Plaza de las y los Desaparecidos, en el Parque de la Piedra Lisa, para protestar en contra de los asesinatos y desapariciones de mujeres en la entidad. La marcha comenzar\u00e1 a las 7:30 PM y recorrer\u00e1 las principales calles de la capital, hasta llegar al jard\u00edn Libertad.<\/p>\n\n\n\n<p class=\"wp-block-paragraph\">SEM-Tlanesi<\/p>\n","protected":false},"excerpt":{"rendered":"<p>Convocan a una movilizaci\u00f3n este mi\u00e9rcoles<\/p>\n","protected":false},"author":3,"featured_media":49021,"comment_status":"open","ping_status":"open","sticky":false,"template":"","format":"standard","meta":{"_monsterinsights_skip_tracking":false,"footnotes":""},"categories":[693,54],"tags":[],"class_list":["post-49020","post","type-post","status-publish","format-standard","has-post-thumbnail","category-693","category-mujeres"],"_links":{"self":[{"href":"https:\/\/redsemlac.com\/semmexico\/wp-json\/wp\/v2\/posts\/49020","targetHints":{"allow":["GET"]}}],"collection":[{"href":"https:\/\/redsemlac.com\/semmexico\/wp-json\/wp\/v2\/posts"}],"about":[{"href":"https:\/\/redsemlac.com\/semmexico\/wp-json\/wp\/v2\/types\/post"}],"author":[{"embeddable":true,"href":"https:\/\/redsemlac.com\/semmexico\/wp-json\/wp\/v2\/users\/3"}],"replies":[{"embeddable":true,"href":"https:\/\/redsemlac.com\/semmexico\/wp-json\/wp\/v2\/comments?post=49020"}],"version-history":[{"count":0,"href":"https:\/\/redsemlac.com\/semmexico\/wp-json\/wp\/v2\/posts\/49020\/revisions"}],"wp:featuredmedia":[{"embeddable":true,"href":"https:\/\/redsemlac.com\/semmexico\/wp-json\/wp\/v2\/media\/49021"}],"wp:attachment":[{"href":"https:\/\/redsemlac.com\/semmexico\/wp-json\/wp\/v2\/media?parent=49020"}],"wp:term":[{"taxonomy":"category","embeddable":true,"href":"https:\/\/redsemlac.com\/semmexico\/wp-json\/wp\/v2\/categories?post=49020"},{"taxonomy":"post_tag","embeddable":true,"href":"https:\/\/redsemlac.com\/semmexico\/wp-json\/wp\/v2\/tags?post=49020"}],"curies":[{"name":"wp","href":"https:\/\/api.w.org\/{rel}","templated":true}]}}