{"id":49018,"date":"2022-04-26T13:29:42","date_gmt":"2022-04-26T19:29:42","guid":{"rendered":"https:\/\/redsemlac.com\/semmexico\/?p=49018"},"modified":"2023-07-21T19:02:56","modified_gmt":"2023-07-22T00:02:56","slug":"usos-y-costumbre-no-deben-promover-la-violencia-y-discriminacion-dice-el-senado","status":"publish","type":"post","link":"https:\/\/redsemlac.com\/semmexico\/usos-y-costumbre-no-deben-promover-la-violencia-y-discriminacion-dice-el-senado\/","title":{"rendered":"Usos y costumbre no deben promover la violencia y discriminaci\u00f3n, dice el Senado"},"content":{"rendered":"\n<ul class=\"wp-block-list\"><li><strong>Aprueban punto de acuerdo para promover los derechos de las ni\u00f1as, ni\u00f1os y mujeres<\/strong><\/li><\/ul>\n\n\n\n<ul class=\"wp-block-list\"><li><strong>El matrimonio forzado es violencia de g\u00e9nero contra las ni\u00f1as: Eufrosina Cruz<\/strong><\/li><\/ul>\n\n\n\n<p class=\"wp-block-paragraph\"><strong>Elda Montiel<\/strong><\/p>\n\n\n\n<p class=\"wp-block-paragraph\">SemM\u00e9xico, Cd. de M\u00e9xico,26 de abril 2022.- El pleno del Senado de la Rep\u00fablica aprob\u00f3 el punto de acuerdo para que el respeto a los usos y costumbres de las personas o las comunidades, en ning\u00fan caso puedan dar como resultado pr\u00e1cticas que promuevan la violencia o la discriminaci\u00f3n en contra de ni\u00f1as, ni\u00f1os, adolescentes y mujeres.&nbsp;<\/p>\n\n\n\n<p class=\"wp-block-paragraph\">Mientras que en la C\u00e1mara de Diputados la Comisi\u00f3n de Justicia present\u00f3 el Dictamen de reforma al C\u00f3digo Penal Federal que sanciona a las personas que obliguen a un menor de edad a cohabitar en forma constante, equiparable al matrimonio, con otro menor de edad o mayor de 18 a\u00f1os de edad con penas que van de ocho a 15 a\u00f1os de prisi\u00f3n y multa de mil a dos mil quinientos d\u00edas. La pena aumentar\u00e1 si la v\u00edctima perteneciere a alg\u00fan pueblo o comunidad ind\u00edgena.&nbsp;<\/p>\n\n\n\n<p class=\"wp-block-paragraph\">El Pleno del Senado exhort\u00f3 a la Comisi\u00f3n Nacional de los Derechos Humanos, al Instituto Nacional de las Mujeres, al Sistema Nacional para el Desarrollo Integral de la Familia y a la Fiscal\u00eda General de la Rep\u00fablica para que se coordinen con sus hom\u00f3logos estatales en Guerrero, y dise\u00f1en, instrumenten y ejecuten un plan integral de concientizaci\u00f3n, prevenci\u00f3n y erradicaci\u00f3n del matrimonio infantil.&nbsp;<\/p>\n\n\n\n<p class=\"wp-block-paragraph\">Senadoras y senadores consideraron que obligar a un menor de edad a contraer nupcias constituye una grave violaci\u00f3n a los derechos humanos, pues dicha acci\u00f3n les impide gozar de derechos y libertades garantizadas por la Constituci\u00f3n Pol\u00edtica de nuestro pa\u00eds.<\/p>\n\n\n\n<p class=\"wp-block-paragraph\">De acuerdo con datos de la Red por los Derechos de la Infancia en M\u00e9xico (REDIM), de enero de 2015 a julio de 2021, al menos mil 463 personas, de cero a 17 a\u00f1os de edad, han sido v\u00edctimas del delito de la trata de personas, de las cuales, mil 54 son mujeres y 409 hombres.&nbsp;<\/p>\n\n\n\n<p class=\"wp-block-paragraph\">Se precis\u00f3 que el matrimonio infantil es una de las principales causas de la violencia sexual y de g\u00e9nero, adem\u00e1s se liga con problemas de deserci\u00f3n escolar, la mortalidad materna, la pobreza y la limitaci\u00f3n a mejores oportunidades de vida para ni\u00f1as, ni\u00f1os y adolescentes.&nbsp;<\/p>\n\n\n\n<p class=\"wp-block-paragraph\">Por lo que indicaron es fundamental y necesario promover y elaborar directrices y pol\u00edticas p\u00fablicas relativas a la seguridad, integridad, igualdad y dignidad de ni\u00f1as, ni\u00f1os y mujeres en todo el pa\u00eds. &nbsp;<\/p>\n\n\n\n<h2 class=\"wp-block-heading\" id=\"sancion-con-prision-y-multa\"><strong>Sanci\u00f3n con prisi\u00f3n y multa<\/strong><\/h2>\n\n\n\n<p class=\"wp-block-paragraph\">En la C\u00e1mara de Diputados y Diputadas, basados en dos iniciativas, la Comisi\u00f3n de Justicia present\u00f3 el proyecto de decreto por el que se reforma el art\u00edculo 205-bis y se adiciona un cap\u00edtulo IX al t\u00edtulo Octavo del C\u00f3digo Penal Federal que sanciona con prisi\u00f3n de ocho a 15 a\u00f1os de edad y de mil a dos mil quinientos d\u00edas de multa a quien coaccione, induzca, solicite, gestione u oferte a una menor de edad a convivir en forma equiparable al matrimonio con alguien de su misma condici\u00f3n o mayor de 18 a\u00f1os de edad, la cual aumentar\u00e1 si la v\u00edctima perteneciere a alg\u00fan pueblo o comunidad ind\u00edgena.<\/p>\n\n\n\n<p class=\"wp-block-paragraph\">Las iniciativas que sirvieron de base para el proyecto de Dictamen fueron promovidas una por la panista Karen Michel Gonz\u00e1lez M\u00e1rquez y la otra por la priista Eufrosina Cruz Mendoza que proponen prohibir y sancionar el matrimonio infantil en diversos ordenamientos, sin embargo, estos ya est\u00e1n considerados por la Ley, empero persiste la problem\u00e1tica en torno a los matrimonios y uniones infantiles, pues frecuentemente tienen prioridad sobre las leyes.<\/p>\n\n\n\n<p class=\"wp-block-paragraph\">La primera iniciativa declara la ilicitud e invalidez de un matrimonio entre menores de edad o un o una menor de edad y un adulto, y sanciona a las personas que obliguen a los menores de edad a contraer matrimonio; la segunda, propone un tipo penal aut\u00f3nomo para el matrimonio forzado de menores.<\/p>\n\n\n\n<p class=\"wp-block-paragraph\">La iniciativa de la diputada Gonz\u00e1lez M\u00e1rquez reconoce los diversos esfuerzos realizados por terminar con los matrimonios forzados en el pa\u00eds, tales como la reforma a los art\u00edculos 148 y 265 del C\u00f3digo Civil Federal, que establecen la edad m\u00ednima de 18 a\u00f1os para contraer matrimonio. Sin embargo, estos ajustes no han impedido la celebraci\u00f3n de matrimonios o uniones.<\/p>\n\n\n\n<p class=\"wp-block-paragraph\">Por su parte, la Corte determin\u00f3 que la eliminaci\u00f3n de las dispensas (permisos) para el matrimonio infantil es una restricci\u00f3n constitucionalmente v\u00e1lida, eficaz y razonable para proteger los derechos de la ni\u00f1ez. Dado que las afectaciones que conlleva este tipo de matrimonios son tan graves que no justifican la dispensa referida.<\/p>\n\n\n\n<p class=\"wp-block-paragraph\">A\u00fan persiste la problem\u00e1tica en torno a los usos y costumbres para el caso de los matrimonios y uniones infantiles, pues frecuentemente tienen prioridad sobre las leyes.<\/p>\n\n\n\n<h2 class=\"wp-block-heading\" id=\"erradicar-los-matrimonios-forzados\"><strong>Erradicar los matrimonios forzados<\/strong><\/h2>\n\n\n\n<p class=\"wp-block-paragraph\">La diputada priista Eufrosina Cruz Mendoza considera que los matrimonios forzados como una forma de violencia de g\u00e9nero contra las mujeres menores de edad e ind\u00edgenas y que en diversas ocasiones, los titulares de la patria potestad, tutela, guarda y custodia, son quienes trasgreden de manera negativa los derechos humanos de las ni\u00f1as y adolescentes bajo la figura de los usos y costumbres de las comunidades ind\u00edgenas en las regiones m\u00e1s pobres del pa\u00eds. Tales como Oaxaca, Chiapas, Campeche, Quintana Roo, Tabasco, Veracruz y Yucat\u00e1n.<\/p>\n\n\n\n<p class=\"wp-block-paragraph\">Explic\u00f3 que es violencia de g\u00e9nero contra las ni\u00f1as porque se observa la ausencia del libre y v\u00e1lido consentimiento de, al menos, uno de los dos contrayentes, as\u00ed como la presencia de amenazas, rapto, encarcelamiento, violencia f\u00edsica, violaci\u00f3n y hasta homicidios.<\/p>\n\n\n\n<p class=\"wp-block-paragraph\">La promovente reconoce la responsabilidad de erradicar los matrimonios forzados y de garantizar la autonom\u00eda y libertad para las ind\u00edgenas mexicanas.<\/p>\n\n\n\n<h2 class=\"wp-block-heading\" id=\"comision-de-justicia\"><strong>Comisi\u00f3n de Justicia<\/strong><\/h2>\n\n\n\n<p class=\"wp-block-paragraph\">La Comisi\u00f3n de Justicia coincide con las legisladoras promoventes y reconoce que el matrimonio entre menores de edad o la uni\u00f3n temprana, constituye una figura que atenta contra el inter\u00e9s superior de la ni\u00f1ez, pues representa un menoscabo a sus derechos fundamentales, as\u00ed como un detrimento de su formaci\u00f3n y desarrollo integral.<\/p>\n\n\n\n<p class=\"wp-block-paragraph\">Tambi\u00e9n destaca que Am\u00e9rica Latina es la \u00fanica regi\u00f3n del mundo donde no ha habido una reducci\u00f3n del matrimonio infantil y las uniones tempranas en los \u00faltimos 25 a\u00f1os, que&nbsp; de acuerdo con la Organizaci\u00f3n de las Naciones Unidas (ONU), en Am\u00e9rica Latina \u201cuna de cada cuatro mujeres de 20 a 24 a\u00f1os contrajo matrimonio por primera vez o manten\u00eda una uni\u00f3n temprana antes de cumplir los 18 a\u00f1os\u201d.<\/p>\n\n\n\n<p class=\"wp-block-paragraph\">Las ni\u00f1as y adolescentes que se encuentran unidas enfrentan diversos retos, tales como el aislamiento social de sus familiares, amistades y otras redes de apoyo, violencia de g\u00e9nero, abandono escolar, pocas oportunidades de empleo y una alta probabilidad de tener un embarazo adolescente que arriesgue su salud.<\/p>\n\n\n\n<p class=\"wp-block-paragraph\">Por lo que la Comisi\u00f3n estim\u00f3 atendible la problem\u00e1tica expuesta por las legisladoras promoventes.<\/p>\n\n\n\n<h2 class=\"wp-block-heading\" id=\"delito-autonomo\"><strong>Delito aut\u00f3nomo<\/strong><\/h2>\n\n\n\n<p class=\"wp-block-paragraph\">En atenci\u00f3n a las consideraciones establecidas por la diputada Cruz Mendoza en la parte expositiva de la iniciativa y, considerando que se tratan de un grupo en situaci\u00f3n de vulnerabilidad espec\u00edfica, se propone establecer una agravante para los casos en los cuales la v\u00edctima pertenezca a un pueblo o comunidad ind\u00edgena, puesto que este tipo de pr\u00e1cticas son realizadas bajo el concepto de usos y costumbres.<\/p>\n\n\n\n<p class=\"wp-block-paragraph\">Finalmente, considerando que en ocasiones este tipo de conductas son promovidas o realizadas por quienes ostentan la patria potestad, guarda y custodia, tutela, adopci\u00f3n o curatela de las v\u00edctimas, se estima necesario incorporar el nuevo delito entre los que prev\u00e9n sanciones m\u00e1s severas en raz\u00f3n de su relaci\u00f3n con la v\u00edctima.<\/p>\n\n\n\n<p class=\"wp-block-paragraph\">El Proyecto de Dictamen establece: Cap\u00edtulo IX Cohabitaci\u00f3n forzada de personas menores de 18 a\u00f1os de edad o de personas que no tienen capacidad para comprender el significado del hecho o de personas que no tienen capacidad para resistirlo.<\/p>\n\n\n\n<p class=\"wp-block-paragraph\">Art\u00edculo 209 Qu\u00e1ter. Comete el delito de cohabitaci\u00f3n forzada de personas menores de 18 a\u00f1os de edad o de personas que no tienen capacidad para comprender el significado del hecho o de personas que no tienen capacidad para resistirlo, quien obligue, coaccione, induzca, solicite, gestione u oferte a una o varias de estas personas a unirse informal o consuetudinariamente, con o sin su consentimiento, con alguien de su misma condici\u00f3n o con persona mayor de dieciocho a\u00f1os de edad, con el fin de convivir en forma constante y equiparable a la de un matrimonio.<\/p>\n\n\n\n<p class=\"wp-block-paragraph\">SEM\/em\/sj<\/p>\n","protected":false},"excerpt":{"rendered":"<p>El matrimonio forzado es violencia de g\u00e9nero contra las ni\u00f1as: Eufrosina Cruz<\/p>\n","protected":false},"author":3,"featured_media":47795,"comment_status":"open","ping_status":"open","sticky":false,"template":"","format":"standard","meta":{"_monsterinsights_skip_tracking":false,"footnotes":""},"categories":[693,50],"tags":[],"class_list":["post-49018","post","type-post","status-publish","format-standard","has-post-thumbnail","category-693","category-congreso"],"_links":{"self":[{"href":"https:\/\/redsemlac.com\/semmexico\/wp-json\/wp\/v2\/posts\/49018","targetHints":{"allow":["GET"]}}],"collection":[{"href":"https:\/\/redsemlac.com\/semmexico\/wp-json\/wp\/v2\/posts"}],"about":[{"href":"https:\/\/redsemlac.com\/semmexico\/wp-json\/wp\/v2\/types\/post"}],"author":[{"embeddable":true,"href":"https:\/\/redsemlac.com\/semmexico\/wp-json\/wp\/v2\/users\/3"}],"replies":[{"embeddable":true,"href":"https:\/\/redsemlac.com\/semmexico\/wp-json\/wp\/v2\/comments?post=49018"}],"version-history":[{"count":0,"href":"https:\/\/redsemlac.com\/semmexico\/wp-json\/wp\/v2\/posts\/49018\/revisions"}],"wp:featuredmedia":[{"embeddable":true,"href":"https:\/\/redsemlac.com\/semmexico\/wp-json\/wp\/v2\/media\/47795"}],"wp:attachment":[{"href":"https:\/\/redsemlac.com\/semmexico\/wp-json\/wp\/v2\/media?parent=49018"}],"wp:term":[{"taxonomy":"category","embeddable":true,"href":"https:\/\/redsemlac.com\/semmexico\/wp-json\/wp\/v2\/categories?post=49018"},{"taxonomy":"post_tag","embeddable":true,"href":"https:\/\/redsemlac.com\/semmexico\/wp-json\/wp\/v2\/tags?post=49018"}],"curies":[{"name":"wp","href":"https:\/\/api.w.org\/{rel}","templated":true}]}}