{"id":49015,"date":"2022-04-26T13:25:55","date_gmt":"2022-04-26T19:25:55","guid":{"rendered":"https:\/\/redsemlac.com\/semmexico\/?p=49015"},"modified":"2023-07-21T19:02:56","modified_gmt":"2023-07-22T00:02:56","slug":"por-mi-hija-mi-madre-y-ustedes-luchare-contra-la-violencia-de-genero-mara-lezama","status":"publish","type":"post","link":"https:\/\/redsemlac.com\/semmexico\/por-mi-hija-mi-madre-y-ustedes-luchare-contra-la-violencia-de-genero-mara-lezama\/","title":{"rendered":"Por mi hija, mi madre y ustedes, luchar\u00e9 contra la violencia de g\u00e9nero: Mara Lezama"},"content":{"rendered":"\n<ul class=\"wp-block-list\"><li><strong> Las mujeres estamos haciendo historia, ser\u00e9 la primera gobernadora: candidata de Morena<\/strong><\/li><\/ul>\n\n\n\n<ul class=\"wp-block-list\"><li><strong>La acompa\u00f1aron la jefa de gobierno de la CDMX y la gobernadora de Campeche<\/strong><\/li><\/ul>\n\n\n\n<p class=\"wp-block-paragraph\"><strong>Redacci\u00f3n<\/strong><\/p>\n\n\n\n<p class=\"wp-block-paragraph\">SemM\u00e9xico, Cd. de M\u00e9xico, 26 de abril, 2022.- La candidata de la coalici\u00f3n Morena-PT-PVEM y Fuerza M\u00e9xico al gobierno estatal de Quintana Roo, Mara Lezama Espinosa, dijo en un multitudinario acto de campa\u00f1a, que luchar\u00e1 para atacar la violencia de g\u00e9nero \u201cpor mi hija, por mi madre y por ustedes\u201d.<\/p>\n\n\n\n<p class=\"wp-block-paragraph\">Acompa\u00f1ada de la jefa de gobierno de la Ciudad de M\u00e9xico, Claudia Sheimbaun y la gobernadora de Campeche, Layda Sansores, Lezama Espinosa afirm\u00f3 que si las mujeres luchan juntas no ser\u00e1n invisibles.<\/p>\n\n\n\n<p class=\"wp-block-paragraph\">La candidata por la Coalici\u00f3n Juntos Hacemos Historia -quien hace unos d\u00edas fue denunciada en un procedimiento especial sancionador por la candidata de Laura Fern\u00e1ndez Pi\u00f1a, de la coalici\u00f3n Va por Quintana Roo (PAN-PRD)-, pidi\u00f3 alzar la voz para terminar con la violencia de g\u00e9nero.<\/p>\n\n\n\n<p class=\"wp-block-paragraph\">En un acto de campa\u00f1a realizado el pasado fin de semana, Mara Lezama dijo que hoy las mujeres est\u00e1n haciendo historia y apunt\u00f3 que antes no se aprovech\u00f3 el talento de las mujeres, \u201cnos han tratado de someter, hacernos a un lado, excluirnos de la vida p\u00fablica\u201d.<\/p>\n\n\n\n<p class=\"wp-block-paragraph\">Asegur\u00f3 que el pr\u00f3ximo 5 de junio, ser\u00e1 electa como la primera gobernadora de esa entidad, adem\u00e1s de resaltar que ella es una mujer de izquierda, las mujeres, dijo, \u201cestamos haciendo historia\u201d.<\/p>\n\n\n\n<p class=\"wp-block-paragraph\">SEM\/sj<\/p>\n","protected":false},"excerpt":{"rendered":"<p>La acompa\u00f1aron la jefa de gobierno de la CDMX y la gobernadora de Campeche<\/p>\n","protected":false},"author":3,"featured_media":49016,"comment_status":"open","ping_status":"open","sticky":false,"template":"","format":"standard","meta":{"_monsterinsights_skip_tracking":false,"footnotes":""},"categories":[693,141],"tags":[],"class_list":["post-49015","post","type-post","status-publish","format-standard","has-post-thumbnail","category-693","category-elecciones-2020-2021"],"_links":{"self":[{"href":"https:\/\/redsemlac.com\/semmexico\/wp-json\/wp\/v2\/posts\/49015","targetHints":{"allow":["GET"]}}],"collection":[{"href":"https:\/\/redsemlac.com\/semmexico\/wp-json\/wp\/v2\/posts"}],"about":[{"href":"https:\/\/redsemlac.com\/semmexico\/wp-json\/wp\/v2\/types\/post"}],"author":[{"embeddable":true,"href":"https:\/\/redsemlac.com\/semmexico\/wp-json\/wp\/v2\/users\/3"}],"replies":[{"embeddable":true,"href":"https:\/\/redsemlac.com\/semmexico\/wp-json\/wp\/v2\/comments?post=49015"}],"version-history":[{"count":0,"href":"https:\/\/redsemlac.com\/semmexico\/wp-json\/wp\/v2\/posts\/49015\/revisions"}],"wp:featuredmedia":[{"embeddable":true,"href":"https:\/\/redsemlac.com\/semmexico\/wp-json\/wp\/v2\/media\/49016"}],"wp:attachment":[{"href":"https:\/\/redsemlac.com\/semmexico\/wp-json\/wp\/v2\/media?parent=49015"}],"wp:term":[{"taxonomy":"category","embeddable":true,"href":"https:\/\/redsemlac.com\/semmexico\/wp-json\/wp\/v2\/categories?post=49015"},{"taxonomy":"post_tag","embeddable":true,"href":"https:\/\/redsemlac.com\/semmexico\/wp-json\/wp\/v2\/tags?post=49015"}],"curies":[{"name":"wp","href":"https:\/\/api.w.org\/{rel}","templated":true}]}}