{"id":49008,"date":"2022-04-26T12:06:15","date_gmt":"2022-04-26T18:06:15","guid":{"rendered":"https:\/\/redsemlac.com\/semmexico\/?p=49008"},"modified":"2023-07-21T19:02:56","modified_gmt":"2023-07-22T00:02:56","slug":"pendientes-del-gobierno-federal-seguridad-publica-y-justicia-monreal","status":"publish","type":"post","link":"https:\/\/redsemlac.com\/semmexico\/pendientes-del-gobierno-federal-seguridad-publica-y-justicia-monreal\/","title":{"rendered":"Pendientes del gobierno federal: seguridad p\u00fablica y justicia: Monreal"},"content":{"rendered":"\n<ul class=\"wp-block-list\"><li>La asignatura pendiente de AMLO es con las mujeres<\/li><li>Llam\u00f3 a evitar la impunidad y reprob\u00f3 la justificaci\u00f3n de la Fiscal\u00eda<\/li><\/ul>\n\n\n\n<p class=\"wp-block-paragraph\">Micaela M\u00e1rquez<br>SemM\u00e9xico, Cd. de M\u00e9xico, 26 de abril 2022.- El coordinador parlamentario de Morena en el Senado, Ricardo Monreal \u00c1vila afirm\u00f3 que la seguridad p\u00fablica y la procuraci\u00f3n de justicia son los pendientes del gobierno federal, si bien reconoci\u00f3 que se ha fortalecido la pol\u00edtica social de bienestar para asegurar los derechos de las mujeres consider\u00f3 que la asignatura aplazada del presidente Andr\u00e9s Manuel L\u00f3pez Obrador ha sido con las mujeres.<\/p>\n\n\n\n<p class=\"wp-block-paragraph\">El senador se sum\u00f3 a la condena de justicia por parte de las colectivistas feministas por el caso de la joven Debanhi Susana Escobar Bazald\u00faa y toda mujer v\u00edctima de violencia e indiferencia.<\/p>\n\n\n\n<p class=\"wp-block-paragraph\">Lo anterior lo dio a conocer en sus redes sociales donde hizo un llamado a evitar la impunidad y castigar a quien resulte responsable.<\/p>\n\n\n\n<p class=\"wp-block-paragraph\">Reprob\u00f3 la justificaci\u00f3n de las fiscal\u00edas para ocultar su incapacidad y lament\u00f3 que \u201cla impunidad genera desaliento y frustraci\u00f3n\u201d, por lo que el Estado debe garantizar seguridad a la sociedad y castigar a los delincuentes.<\/p>\n\n\n\n<p class=\"wp-block-paragraph\">Se refiri\u00f3 al problema del feminicidio en el pa\u00eds, cuando fue entrevistado en San Luis Potos\u00ed, por lo que asegur\u00f3 que hay que atender el reclamo de la sociedad y en particular de las mujeres.<\/p>\n\n\n\n<p class=\"wp-block-paragraph\">El tambi\u00e9n presidente de la Junta de Coordinaci\u00f3n Pol\u00edtica del Senado fue entrevistado el pasado 22 de abril en la presentaci\u00f3n de su libro \u201cLas grandes reformas para el cambio de r\u00e9gimen\u201d, en San Luis Potos\u00ed.<\/p>\n\n\n\n<p class=\"wp-block-paragraph\">SEM\/mm\/sj<\/p>\n","protected":false},"excerpt":{"rendered":"<p>La asignatura pendiente de AMLO es con las mujeres<\/p>\n","protected":false},"author":3,"featured_media":10072,"comment_status":"open","ping_status":"open","sticky":false,"template":"","format":"standard","meta":{"_monsterinsights_skip_tracking":false,"footnotes":""},"categories":[693,50],"tags":[],"class_list":["post-49008","post","type-post","status-publish","format-standard","has-post-thumbnail","category-693","category-congreso"],"_links":{"self":[{"href":"https:\/\/redsemlac.com\/semmexico\/wp-json\/wp\/v2\/posts\/49008","targetHints":{"allow":["GET"]}}],"collection":[{"href":"https:\/\/redsemlac.com\/semmexico\/wp-json\/wp\/v2\/posts"}],"about":[{"href":"https:\/\/redsemlac.com\/semmexico\/wp-json\/wp\/v2\/types\/post"}],"author":[{"embeddable":true,"href":"https:\/\/redsemlac.com\/semmexico\/wp-json\/wp\/v2\/users\/3"}],"replies":[{"embeddable":true,"href":"https:\/\/redsemlac.com\/semmexico\/wp-json\/wp\/v2\/comments?post=49008"}],"version-history":[{"count":0,"href":"https:\/\/redsemlac.com\/semmexico\/wp-json\/wp\/v2\/posts\/49008\/revisions"}],"wp:featuredmedia":[{"embeddable":true,"href":"https:\/\/redsemlac.com\/semmexico\/wp-json\/wp\/v2\/media\/10072"}],"wp:attachment":[{"href":"https:\/\/redsemlac.com\/semmexico\/wp-json\/wp\/v2\/media?parent=49008"}],"wp:term":[{"taxonomy":"category","embeddable":true,"href":"https:\/\/redsemlac.com\/semmexico\/wp-json\/wp\/v2\/categories?post=49008"},{"taxonomy":"post_tag","embeddable":true,"href":"https:\/\/redsemlac.com\/semmexico\/wp-json\/wp\/v2\/tags?post=49008"}],"curies":[{"name":"wp","href":"https:\/\/api.w.org\/{rel}","templated":true}]}}