{"id":49006,"date":"2022-04-26T12:00:40","date_gmt":"2022-04-26T18:00:40","guid":{"rendered":"https:\/\/redsemlac.com\/semmexico\/?p=49006"},"modified":"2023-07-21T19:02:56","modified_gmt":"2023-07-22T00:02:56","slug":"entresemana-miente-como-respira-enganabobos","status":"publish","type":"post","link":"https:\/\/redsemlac.com\/semmexico\/entresemana-miente-como-respira-enganabobos\/","title":{"rendered":"Entresemana| Miente como respira; enga\u00f1abobos"},"content":{"rendered":"\n<p class=\"wp-block-paragraph\">Mois\u00e9s S\u00e1nchez Lim\u00f3n<\/p>\n\n\n\n<p class=\"wp-block-paragraph\">SemM\u00e9xico, Cd. de M\u00e9xico, 26 de abril, 2022.- Eso de exhibir traidora de la patria, a la oposici\u00f3n legislativa que ech\u00f3 a perder la fiesta el\u00e9ctrica de Su Alteza Seren\u00edsima, es una especie de apantalla pendejos, por citarlo en franc\u00e9s antiguo.<br>Y m\u00e1s a los que, se presume inteligentes, defienden rabiosamente la propuesta de mandarlos a chirona, C\u00f3digo Penal Federal en mano sin conocer su contenido y mandamientos, pero como antorcha enhiesta por Torquemada de caricatura, piden su cabeza.<\/p>\n\n\n\n<p class=\"wp-block-paragraph\">\u00bfConsulta ciudadana para demandarlos penalmente? Es broma de mal gusto pero sustento de una campa\u00f1a para reposicionar a Morena en el \u00e1nimo ciudadano que le ha dado la espalda, por ejemplo en la consulta para la revocaci\u00f3n de mandato.<br>El licenciado presidente dice no estar de acuerdo con la propuesta del gerente del Corporativo Morena, Mario Delgado, y el patriota ex priista distinguido Ignacio Mier, pero\u2026<\/p>\n\n\n\n<p class=\"wp-block-paragraph\">\u00bfRecuerda usted que en la ma\u00f1anera del jueves de la semana pasada llam\u00f3 a identificar y denunciar a diputados federales del PRI, PAN, PRD y Movimiento Ciudadano que votaron contra su iniciativa de reforma el\u00e9ctrica?<\/p>\n\n\n\n<p class=\"wp-block-paragraph\">\u00bfEntonces?<\/p>\n\n\n\n<p class=\"wp-block-paragraph\">El doble lenguaje del Santo Patrono de los otros datos que, en esa ma\u00f1anera, acus\u00f3 a los diputados de oposici\u00f3n de defender \u201cen contra de los mexicanos\u201d a empresas extranjeras del sector el\u00e9ctrico, en especial Iberdrola, acto que calific\u00f3 traici\u00f3n a la patria y se dio el lujo de mostrar las sanciones aplicables a ese delito previstas en el C\u00f3digo Penal Federal, pero se equivoc\u00f3 de art\u00edculo y aludi\u00f3 al 150 que sanciona el delito de evasi\u00f3n de presos.<\/p>\n\n\n\n<p class=\"wp-block-paragraph\">En serio, no se r\u00eda.<\/p>\n\n\n\n<p class=\"wp-block-paragraph\">Due\u00f1o de los otros datos, ment\u00eda, pero corrigi\u00f3 el equ\u00edvoco del dato y se fue al Cap\u00edtulo I Traici\u00f3n a la Patria, cuyo Art\u00edculo 123 determina:<\/p>\n\n\n\n<p class=\"wp-block-paragraph\">\u201cSe impondr\u00e1 la pena de prisi\u00f3n de cinco a cuarenta a\u00f1os y multa hasta de cincuenta mil pesos al mexicano que cometa traici\u00f3n a la patria en alguna de las formas siguientes: (\u2026)\u201d.<\/p>\n\n\n\n<p class=\"wp-block-paragraph\">Ah\u00ed est\u00e1 el fondo del enga\u00f1o porque, en ninguna de las 15 \u201cformas siguientes\u201d, se alude a legisladores.<\/p>\n\n\n\n<p class=\"wp-block-paragraph\">Aunque, \u00bfya se dio cuenta de las sanciones aplicables al que cometa traici\u00f3n a la patria? Son de risa: de cinco a cuarenta a\u00f1os de prisi\u00f3n y multa de hasta cincuenta mil pesos. Ocurre que la \u00faltima reforma hecha a esta ley, en particular al art\u00edculo 123 data de julio de 1970, es decir, de hace m\u00e1s de medio siglo.<\/p>\n\n\n\n<p class=\"wp-block-paragraph\">S\u00ed, dir\u00e1n los defensores de las ocurrencias presidenciales y de sus operadores, que los diputados federales son mexicanos y que los pueden mandar 40 a\u00f1os a chirona, pero evitan referir o desconocen que los legisladores locales y federales est\u00e1n protegidos por la Constituci\u00f3n Pol\u00edtica de los Estados Unidos Mexicanos, cuyo art\u00edculo 61 determina:<\/p>\n\n\n\n<p class=\"wp-block-paragraph\">\u201cLos diputados y senadores son inviolables por las opiniones que manifiesten en el desempe\u00f1o de sus cargos, y jam\u00e1s podr\u00e1n ser reconvenidos por ellas.<\/p>\n\n\n\n<p class=\"wp-block-paragraph\">\u201cEl Presidente de cada C\u00e1mara velar\u00e1 por el respeto al fuero constitucional de los miembros de la misma y por la inviolabilidad del recinto donde se re\u00fanan a sesionar\u201d.<\/p>\n\n\n\n<p class=\"wp-block-paragraph\">Usted estar\u00e1 de acuerdo en que es improcedente e inconstitucional denunciar penalmente a los diputados que votaron contra la reforma el\u00e9ctrica.<\/p>\n\n\n\n<p class=\"wp-block-paragraph\">Es un enga\u00f1o del maestro del enga\u00f1o, Andr\u00e9s Manuel I, Santo Patrono de los otros datos, pero sus seguidores y, en especial, la bancada morenista en la C\u00e1mara de Diputados demuestra ignorancia respecto del precepto constitucional relacionado con el fuero constitucional que el cargo les otorga.<\/p>\n\n\n\n<p class=\"wp-block-paragraph\">Por ello y con car\u00e1cter de urgente, antes de pretender linchar a la oposici\u00f3n, los legisladores de Morena y socios deben someterse a un curso intensivo de conocimiento de la Constituci\u00f3n y leyes secundarias.<\/p>\n\n\n\n<p class=\"wp-block-paragraph\">De los seguidores fundamentalistas y defensores oficiosos que suelen leer mal lo que se publica en la prensa y presumen de expertos, qu\u00e9 le digo. No tienen remedio.<\/p>\n\n\n\n<p class=\"wp-block-paragraph\">S\u00f3lo hay que citar lo dicho, en un acto de fin de semana expresamente convocado para denostar contra la oposici\u00f3n legislativa federal, por Mario Delgado e Ignacio Mier que se presume son le\u00eddos y estudiados, cuyo exhorto a las huestes morenistas distan de llamados al di\u00e1logo y el respeto por quien piensa diferente.<\/p>\n\n\n\n<p class=\"wp-block-paragraph\">Hay que fusilar a los diputados opositores en un \u201cpared\u00f3n pac\u00edfico\u201d dijo Ignacio Mier y luego matiz\u00f3 y refiri\u00f3 que lo que quiso decir es que el fusilamiento deb\u00eda ser \u201ccon p\u00e9talos de rosa\u201d y que se exprese con l\u00e1piz y pluma, o marcador &#8211;no como a los generales Miguel Miram\u00f3n y Tom\u00e1s Mej\u00eda junto con Maximiliano de Habsburgo, en el Cerro de las Campanas&#8211;, pero d\u00edas antes, en el pleno cameral, los llam\u00f3 traidores en un \u00e1nimo poco amigable, sin p\u00e9talos de rosa.<\/p>\n\n\n\n<p class=\"wp-block-paragraph\">\u00a1Ah!, Mario Delgado, en ese mismo acto llam\u00f3 a denunciar y procesar penalmente a los diputados de la oposici\u00f3n.<\/p>\n\n\n\n<p class=\"wp-block-paragraph\">No dudo que Mario e Ignacio saben que mienten, pero pol\u00edticamente es redituable el linchamiento de la oposici\u00f3n, tiene el alto condimento de esa mentira que Su Alteza Seren\u00edsima echa a andar desde el p\u00falpito de Palacio Nacional para convertirla en verdad con fines electorales.<\/p>\n\n\n\n<p class=\"wp-block-paragraph\">Hace unos d\u00edas, el respetado y respetable \u00c1ngel Verdugo, en su programa v\u00eda YouTube abord\u00f3 el tema y explic\u00f3 a su audiencia lo que hoy le aporto para desmentir al licenciado presidente. S\u00ed, el Duce sabe que miente y se sigue de frente: enga\u00f1a a sus seguidores y simpatizantes, profundiza en esta divisi\u00f3n que ha provocado entre la sociedad mexicana.<\/p>\n\n\n\n<p class=\"wp-block-paragraph\">\u00bfUsted le cree? Yo tampoco.<\/p>\n\n\n\n<p class=\"wp-block-paragraph\">Miente como respira, enga\u00f1a y disfruta del enga\u00f1o. Se asume sabelotodo y salvador de la patria, con un discurso que tiene ra\u00edces en los tiempos del \u201cArriba y Adelante\u201d y \u201cLa Soluci\u00f3n Somos Todos\u201d, abrev\u00f3 en esa fuente que nada ten\u00eda de dem\u00f3crata ni respetuosa de la libre expresi\u00f3n, pero s\u00ed mucho de represora que, con la reforma pol\u00edtica de 1977, abri\u00f3 cauces a la oposici\u00f3n para legitimarse.<\/p>\n\n\n\n<p class=\"wp-block-paragraph\">As\u00ed, vale la pena referir a esa supuesta desaparici\u00f3n del fuero constitucional del Presidente de la Rep\u00fablica, impulsada por el Duce L\u00f3pez Obrador para legitimar su mandato, como ha ocurrido con la ilegal consulta para la revocaci\u00f3n de mandato, porque su aplicaci\u00f3n es para el presidente en el cargo en 2026.<\/p>\n\n\n\n<p class=\"wp-block-paragraph\">Y es que, en la reforma constitucional aprobada en septiembre de 2020, en el art\u00edculo 111 se establece que \u201cpara poder proceder penalmente contra el presidente de la Rep\u00fablica, s\u00f3lo habr\u00e1 lugar a acusarlo ante la C\u00e1mara de Senadores en los t\u00e9rminos del art\u00edculo 110\u201d.<\/p>\n\n\n\n<p class=\"wp-block-paragraph\">Vaya, no es nada sencillo procesar al Presidente. El mecanismo legal es de suyo tortuoso que implica mantener el fuero al Jefe del Ejecutivo Federal.<br>Pero, en esto de los diputados federales de la oposici\u00f3n, priistas, panistas, perredistas y emece\u00edstas, son la presa que el morenismo fundamentalista lincha en acatamiento de la orden dictada por Andr\u00e9s Manuel I, quien ya les aplic\u00f3 la ley, aunque \u00e9sta es un equ\u00edvoco.<\/p>\n\n\n\n<p class=\"wp-block-paragraph\">Difama que, aunque no manche, por lo menos tizna, de acuerdo con los dicharachos de Su Alteza Seren\u00edsima que acompa\u00f1a con la risita nerviosa. La ley es la ley, Andr\u00e9s Manuel, aunque la apliques selectivamente o la niegues cuando te perjudica.<\/p>\n\n\n\n<p class=\"wp-block-paragraph\">Por cierto, luego le comparto otros datos, \u00e9stos reales e integrados a la denuncia hecha hace tres a\u00f1os contra Ignacio Ovalle Fern\u00e1ndez, blindado por su amistad con el licenciado presidente, quien le debe algunos favores, algunos. \u00a1Caray! Conste.<\/p>\n\n\n\n<p class=\"wp-block-paragraph\">sanchezlimon@gmail.com www.entresemana.mx @msanchezlimon @msanchezlimon1<\/p>\n","protected":false},"excerpt":{"rendered":"<p>Mois\u00e9s S\u00e1nchez Lim\u00f3n SemM\u00e9xico, Cd. de M\u00e9xico, 26 de abril, 2022.- Eso de exhibir traidora de la patria, a la oposici\u00f3n legislativa que ech\u00f3 a perder la fiesta el\u00e9ctrica de Su Alteza Seren\u00edsima, es una especie de apantalla pendejos, por citarlo en franc\u00e9s antiguo.Y m\u00e1s a los que, se presume inteligentes, defienden rabiosamente la propuesta [&hellip;]<\/p>\n","protected":false},"author":3,"featured_media":41799,"comment_status":"open","ping_status":"open","sticky":false,"template":"","format":"standard","meta":{"_monsterinsights_skip_tracking":false,"footnotes":""},"categories":[693,105,83,35],"tags":[459],"class_list":["post-49006","post","type-post","status-publish","format-standard","has-post-thumbnail","category-693","category-entresemana","category-moises-sanchez-limon","category-opinion","tag-opinion"],"_links":{"self":[{"href":"https:\/\/redsemlac.com\/semmexico\/wp-json\/wp\/v2\/posts\/49006","targetHints":{"allow":["GET"]}}],"collection":[{"href":"https:\/\/redsemlac.com\/semmexico\/wp-json\/wp\/v2\/posts"}],"about":[{"href":"https:\/\/redsemlac.com\/semmexico\/wp-json\/wp\/v2\/types\/post"}],"author":[{"embeddable":true,"href":"https:\/\/redsemlac.com\/semmexico\/wp-json\/wp\/v2\/users\/3"}],"replies":[{"embeddable":true,"href":"https:\/\/redsemlac.com\/semmexico\/wp-json\/wp\/v2\/comments?post=49006"}],"version-history":[{"count":0,"href":"https:\/\/redsemlac.com\/semmexico\/wp-json\/wp\/v2\/posts\/49006\/revisions"}],"wp:featuredmedia":[{"embeddable":true,"href":"https:\/\/redsemlac.com\/semmexico\/wp-json\/wp\/v2\/media\/41799"}],"wp:attachment":[{"href":"https:\/\/redsemlac.com\/semmexico\/wp-json\/wp\/v2\/media?parent=49006"}],"wp:term":[{"taxonomy":"category","embeddable":true,"href":"https:\/\/redsemlac.com\/semmexico\/wp-json\/wp\/v2\/categories?post=49006"},{"taxonomy":"post_tag","embeddable":true,"href":"https:\/\/redsemlac.com\/semmexico\/wp-json\/wp\/v2\/tags?post=49006"}],"curies":[{"name":"wp","href":"https:\/\/api.w.org\/{rel}","templated":true}]}}