{"id":49004,"date":"2022-04-26T11:53:19","date_gmt":"2022-04-26T17:53:19","guid":{"rendered":"https:\/\/redsemlac.com\/semmexico\/?p=49004"},"modified":"2023-07-21T19:02:56","modified_gmt":"2023-07-22T00:02:56","slug":"textura-violeta-estigmatizacion-del-colectivo-boliviano-tras-una-violacion","status":"publish","type":"post","link":"https:\/\/redsemlac.com\/semmexico\/textura-violeta-estigmatizacion-del-colectivo-boliviano-tras-una-violacion\/","title":{"rendered":"Textura Violeta| Estigmatizaci\u00f3n del colectivo boliviano tras una violaci\u00f3n"},"content":{"rendered":"\n<p class=\"wp-block-paragraph\">Drina Ergueta<br>SemM\u00e9xico, La Paz-Bolivia, 26 de abril, 2022.- Tras varios meses de silencio policial en un caso que conmocion\u00f3 a la opini\u00f3n p\u00fablica, se ha conocido que el autor de una violenta violaci\u00f3n e intento de asesinato de una adolescente, ocurrida el 1 de noviembre de 2021 cerca de Barcelona, Espa\u00f1a, es un joven boliviano de 21 a\u00f1os.<\/p>\n\n\n\n<p class=\"wp-block-paragraph\">La nacionalidad, no el nombre, fue revelada en los medios. As\u00ed como que se trata de un joven que lleg\u00f3 a Catalu\u00f1a producto de una reagrupaci\u00f3n familiar gestionada por su madre. Esta, a su vez, le denunci\u00f3 y ech\u00f3 de casa ya que \u00e9l hab\u00eda agredido sexualmente a su hermana de siete a\u00f1os, adem\u00e1s se conoci\u00f3 que \u00e9l era violento con una expareja.<\/p>\n\n\n\n<p class=\"wp-block-paragraph\">Una de las recomendaciones de buenas pr\u00e1cticas del periodismo en los casos delictivos donde intervengan personas migradas es no decir su condici\u00f3n de ciudadan\u00eda extranjera ni su nacionalidad a fin de no contribuir a la estigmatizaci\u00f3n de su colectivo. Evidentemente, en este caso esta recomendaci\u00f3n no se ha cumplido en la mayor\u00eda de medios de comunicaci\u00f3n espa\u00f1oles.<\/p>\n\n\n\n<p class=\"wp-block-paragraph\">El hecho de decir la nacionalidad no es relevante en estos casos, no contribuye en nada informativamente ya que no es una \u201ccaracter\u00edstica\u201d de ese colectivo, el acto lo podr\u00eda haber hecho otra persona de cualquier procedencia, incluida la local. La extrema violencia del caso, no habitual pero tampoco \u00fanica, no es exclusiva de un extranjero, ni de un boliviano.<\/p>\n\n\n\n<p class=\"wp-block-paragraph\">Las consecuencias de se\u00f1alar esa condici\u00f3n de boliviano se han visto de inmediato en los comentarios de gente que opina en las webs de los medios. All\u00ed han brotado como hongos tanto las posturas racistas expl\u00edcitas como tambi\u00e9n el microracismo. Se dice desde que es una muestra de la excesiva pol\u00edtica de apertura a la migraci\u00f3n (como si la hubiera), de la falta de control, del abuso que la migraci\u00f3n hace de las ayudas (una afirmaci\u00f3n generalizada, falsa y que no viene a cuento) y se acaba con el consabido \u201cque se vuelva a su pa\u00eds\u201d.<\/p>\n\n\n\n<p class=\"wp-block-paragraph\">Pareciera que el hecho de que el ataque, violaci\u00f3n y asesinato en grado de tentativa tuviera una afrenta mayor cuando la v\u00edctima es nacional, en este caso espa\u00f1ola, y el agresor es un hombre de fuera del Estado, un for\u00e1neo. Algo as\u00ed como que \u201cvienen de fuera a atacar a nuestras mujeres\u201d, afirmaci\u00f3n que muestra m\u00e1s que un sentido de pertenencia grupal un sentido de propiedad.<\/p>\n\n\n\n<p class=\"wp-block-paragraph\">De hecho, el atacar a \u201cla mujer del otro\u201d tambi\u00e9n es considerada una se\u00f1al de agravio mayor en un enfrentamiento entre hombres, y el ejemplo m\u00e1s claro se produce en una guerra cuando la violaci\u00f3n de mujeres es parte del ataque y conquista de territorios. En suma, el cuerpo de las mujeres se convierte en campo de batalla. En ese caso, al mencionar la nacionalidad del agresor, coloca a \u00e9ste y a su colectivo en un bando y a la v\u00edctima y connacionales en otro, creando un enfrentamiento que no existe. Al contrario, se deber\u00eda buscar la convivencia e integraci\u00f3n desde los medios.<\/p>\n\n\n\n<p class=\"wp-block-paragraph\">Lo que ha pasado en la poblaci\u00f3n de Vilanova i la Geltr\u00fa (Barcelona) es un crimen machista y se ha producido en un contexto de cultura global patriarcal, que evidentemente puede tener diferencias de un pa\u00eds a otro respecto a los casos de violencia machista y de respuesta de la justicia ante ellos. Bolivia no es el mejor ejemplo en cuanto a estad\u00edsticas, con uno de los \u00edndices m\u00e1s altos de Latinoam\u00e9rica respecto a feminicidios.<\/p>\n\n\n\n<p class=\"wp-block-paragraph\">La mayor\u00eda de la poblaci\u00f3n boliviana que vive en Espa\u00f1a lleg\u00f3 masivamente entre 2005 y 2008, hasta que se estableci\u00f3 la visa como control de acceso. Se trata, principalmente, de una migraci\u00f3n laboral y gran parte ya tiene la doble nacionalidad.<\/p>\n\n\n\n<p class=\"wp-block-paragraph\">La mayor\u00eda de los hombres bolivianos en Espa\u00f1a trabajan en la construcci\u00f3n y muchas de las mujeres bolivianas se colocan en el servicio dom\u00e9stico, al punto de que esta actividad es la representativa del colectivo. Se trata de una poblaci\u00f3n trabajadora que contribuye con sus remesas a su pa\u00eds de origen y con su sudor y aportes fiscales al bienestar de hogares espa\u00f1oles, son estas caracter\u00edsticas generales las que debieran prevalecer antes que un caso puntual abominable.<\/p>\n","protected":false},"excerpt":{"rendered":"<p>Drina ErguetaSemM\u00e9xico, La Paz-Bolivia, 26 de abril, 2022.- Tras varios meses de silencio policial en un caso que conmocion\u00f3 a la opini\u00f3n p\u00fablica, se ha conocido que el autor de una violenta violaci\u00f3n e intento de asesinato de una adolescente, ocurrida el 1 de noviembre de 2021 cerca de Barcelona, Espa\u00f1a, es un joven boliviano [&hellip;]<\/p>\n","protected":false},"author":3,"featured_media":8467,"comment_status":"open","ping_status":"open","sticky":false,"template":"","format":"standard","meta":{"_monsterinsights_skip_tracking":false,"footnotes":""},"categories":[693,77,35,102],"tags":[459],"class_list":["post-49004","post","type-post","status-publish","format-standard","has-post-thumbnail","category-693","category-drina-ergueta","category-opinion","category-textura-violeta","tag-opinion"],"_links":{"self":[{"href":"https:\/\/redsemlac.com\/semmexico\/wp-json\/wp\/v2\/posts\/49004","targetHints":{"allow":["GET"]}}],"collection":[{"href":"https:\/\/redsemlac.com\/semmexico\/wp-json\/wp\/v2\/posts"}],"about":[{"href":"https:\/\/redsemlac.com\/semmexico\/wp-json\/wp\/v2\/types\/post"}],"author":[{"embeddable":true,"href":"https:\/\/redsemlac.com\/semmexico\/wp-json\/wp\/v2\/users\/3"}],"replies":[{"embeddable":true,"href":"https:\/\/redsemlac.com\/semmexico\/wp-json\/wp\/v2\/comments?post=49004"}],"version-history":[{"count":0,"href":"https:\/\/redsemlac.com\/semmexico\/wp-json\/wp\/v2\/posts\/49004\/revisions"}],"wp:featuredmedia":[{"embeddable":true,"href":"https:\/\/redsemlac.com\/semmexico\/wp-json\/wp\/v2\/media\/8467"}],"wp:attachment":[{"href":"https:\/\/redsemlac.com\/semmexico\/wp-json\/wp\/v2\/media?parent=49004"}],"wp:term":[{"taxonomy":"category","embeddable":true,"href":"https:\/\/redsemlac.com\/semmexico\/wp-json\/wp\/v2\/categories?post=49004"},{"taxonomy":"post_tag","embeddable":true,"href":"https:\/\/redsemlac.com\/semmexico\/wp-json\/wp\/v2\/tags?post=49004"}],"curies":[{"name":"wp","href":"https:\/\/api.w.org\/{rel}","templated":true}]}}