{"id":48975,"date":"2022-04-25T17:24:16","date_gmt":"2022-04-25T23:24:16","guid":{"rendered":"https:\/\/redsemlac.com\/semmexico\/?p=48975"},"modified":"2023-07-21T19:02:57","modified_gmt":"2023-07-22T00:02:57","slug":"fiscalia-de-nuevo-leon-investiga-muerte-de-debanhi-como-feminicidio","status":"publish","type":"post","link":"https:\/\/redsemlac.com\/semmexico\/fiscalia-de-nuevo-leon-investiga-muerte-de-debanhi-como-feminicidio\/","title":{"rendered":"Fiscal\u00eda de Nuevo Le\u00f3n investiga muerte de Debanhi como feminicidio"},"content":{"rendered":"\n<ul class=\"wp-block-list\"><li><strong>Videos muestran nuevos indicios<\/strong><\/li><\/ul>\n\n\n\n<ul class=\"wp-block-list\"><li><strong>Acompa\u00f1\u00f3 al padre y madre de la v\u00edctima el gobernador Samuel Garc\u00eda<\/strong><\/li><\/ul>\n\n\n\n<p class=\"wp-block-paragraph\"><strong>Redacci\u00f3n<\/strong><\/p>\n\n\n\n<p class=\"wp-block-paragraph\">SemM\u00e9xico\/BillieParkerNoticias, Monterrey, N.L., 25 de abril, 2022 &#8211; La Fiscal\u00eda General de Justicia (FGJ) inform\u00f3 que la Fiscal\u00eda Especializada en Feminicidios y Delitos contra las Mujeres de la entidad atrajo el caso del Debanhi Susana, debido a que toda muerte de mujer se investiga como feminicidio, lo que confirm\u00f3 el padre de la v\u00edctima ante las nuevas evidencias.<\/p>\n\n\n\n<p class=\"wp-block-paragraph\">La FGJ estatal report\u00f3 que el viernes la Fiscal\u00eda especializada, a cargo de Griselda N\u00fa\u00f1ez, en el marco de sus atribuciones legales, ha ejercido la atracci\u00f3n de la correspondiente carpeta de Investigaci\u00f3n con perspectiva de g\u00e9nero.<\/p>\n\n\n\n<p class=\"wp-block-paragraph\">\u201cEsta medida de atracci\u00f3n obedece al fundamento de que en Nuevo Le\u00f3n toda muerte de mujer, por protocolo se investiga como feminicidio. Han continuado exhaustivos actos interdisciplinarios de investigaci\u00f3n criminal\u00edstica, cient\u00edfica, pericial, operativa y de campo, observando la aplicaci\u00f3n y cumplimiento de modelos de actuaci\u00f3n con perspectiva de g\u00e9nero\u201d, se\u00f1al\u00f3 la FGJ.<\/p>\n\n\n\n<p class=\"wp-block-paragraph\">En medio del cuestionamiento y las dudas ante omisiones, tardanzas, poca transparencia y una inacci\u00f3n que llev\u00f3 a encontrar a la joven 13 d\u00edas despu\u00e9s de su desaparici\u00f3n en un lugar donde ya se hab\u00eda revisado, la fiscal\u00eda sali\u00f3 con una tarjeta informativa sin dar informes sobre el caso.<\/p>\n\n\n\n<p class=\"wp-block-paragraph\">\u201cEn virtud de la etapa de documentaci\u00f3n actual y por el estado de integraci\u00f3n que guarda la carpeta de Investigaci\u00f3n citada, esta representaci\u00f3n social evaluar\u00e1 la actualizaci\u00f3n informativa siguiente, con apego a la normativa dada en materia de protecci\u00f3n y resguardo de datos que ordena el C\u00f3digo Nacional de Procedimientos Penales\u201d, justific\u00f3.<\/p>\n\n\n\n<p class=\"wp-block-paragraph\">Fue el Gobernador Samuel Garc\u00eda y los padres de la v\u00edctima quienes revisaron nuevas evidencias de videos que muestran que Debanhi ingres\u00f3 sola a un inmueble cercano a la zona donde desapareci\u00f3 el pasado 9 de abril, cuando un chofer la dej\u00f3 en la carretera en la madrugada.<\/p>\n\n\n\n<p class=\"wp-block-paragraph\">El gobernador Samuel Garc\u00eda dice que con los videos hay m\u00e1s claridad sobre el caso, pero la madre y el padre insisten en una segunda necropsia ante las dudas que tienen sobre el actuar de la fiscal\u00eda.<\/p>\n\n\n\n<p class=\"wp-block-paragraph\">\u201cEs la primera vez que yo veo la carpeta, por la invitaci\u00f3n ahora pude conocer el expediente y el Fiscal Gustavo y su equipo demostraron una serie de evidencia, sobre todo unos videos en los que vemos que la se\u00f1orita Debanhi entr\u00f3 al inmueble sola y que estuvo unos minutos en el inmueble. Esos detalles en su momento los va a dar conocer la Fiscal\u00eda de Feminicidios\u201d, dijo el gobernador de NL, en un video.<\/p>\n\n\n\n<p class=\"wp-block-paragraph\">Mario Escobar dijo que los resultados del nuevo peritaje externo que solicita ser\u00e1n analizados en conjunto con la Comisi\u00f3n Estatal de Derechos Humanos de NL y de la Fiscal\u00eda estatal.<\/p>\n\n\n\n<p class=\"wp-block-paragraph\">\u201cNo conf\u00edo en la fiscal\u00eda antisecuestros pero s\u00ed en la fiscal\u00eda de feminicidios\u201d indic\u00f3 el consternado pap\u00e1 de Debanhi, quien habl\u00f3 sobre las nuevas evidencias del caso.<\/p>\n\n\n\n<p class=\"wp-block-paragraph\">Adem\u00e1s insiste en que el taxista tiene una responsabilidad; \u00e9l est\u00e1 localizable\u201d Mario Escobar, pap\u00e1 de Debanhi, habla sobre nuevas pruebas del caso<\/p>\n\n\n\n<p class=\"wp-block-paragraph\">Hasta el momento, no se ha revelado cu\u00e1l fue el sitio donde ingres\u00f3, pero todo parece indicar que se trata del Motel Nueva Castilla, por lo que se investiga c\u00f3mo es que lleg\u00f3 a la cisterna en desuso.<\/p>\n\n\n\n<p class=\"wp-block-paragraph\">Mario Escobar y Dolores Basald\u00faa, padres de Debanhi Escobar, acudieron la noche del domingo a revisar dos nuevos videos -a 16 d\u00edas de la desaparici\u00f3n-&nbsp; en la Fiscal\u00eda donde el pap\u00e1 de la joven le pidi\u00f3 al gobernador que lo acompa\u00f1ara.<\/p>\n\n\n\n<p class=\"wp-block-paragraph\">La Fiscal\u00eda mostr\u00f3 dos videos de poco m\u00e1s de un minuto en donde Mario Escobar dice que con la evidencia que se ha encontrado se toma la investigaci\u00f3n con perspectiva de g\u00e9nero.<\/p>\n\n\n\n<p class=\"wp-block-paragraph\">\u201cAnalizando estos videos nos damos cuenta de que esta investigaci\u00f3n ya toma una situaci\u00f3n que lo llevar\u00e1 mediante la Fiscal\u00eda de Feminicidios para llevar la investigaci\u00f3n con una perspectiva de g\u00e9nero\u201d, refiri\u00f3 el padre de la v\u00edctima.<\/p>\n\n\n\n<p class=\"wp-block-paragraph\">\u201cSi existe un culpable en base a esta situaci\u00f3n, se deslindar\u00e1 cualquier situaci\u00f3n, viendo estos videos nos encontramos que Debanhi entra a un inmueble y se est\u00e1 analizando qu\u00e9 pas\u00f3, se ve que va por la orilla del inmueble, en el cual entra, y bueno, se va analizar por qu\u00e9 qued\u00f3 dentro de esa fosa\u201d, explic\u00f3 Mario Escobar.<\/p>\n\n\n\n<p class=\"wp-block-paragraph\">SEM-BPN<\/p>\n","protected":false},"excerpt":{"rendered":"<p>Acompa\u00f1\u00f3 al padre y madre de la v\u00edctima el gobernador Samuel Garc\u00eda<\/p>\n","protected":false},"author":3,"featured_media":48976,"comment_status":"open","ping_status":"open","sticky":false,"template":"","format":"standard","meta":{"_monsterinsights_skip_tracking":false,"footnotes":""},"categories":[693,51],"tags":[],"class_list":["post-48975","post","type-post","status-publish","format-standard","has-post-thumbnail","category-693","category-ejecutivo"],"_links":{"self":[{"href":"https:\/\/redsemlac.com\/semmexico\/wp-json\/wp\/v2\/posts\/48975","targetHints":{"allow":["GET"]}}],"collection":[{"href":"https:\/\/redsemlac.com\/semmexico\/wp-json\/wp\/v2\/posts"}],"about":[{"href":"https:\/\/redsemlac.com\/semmexico\/wp-json\/wp\/v2\/types\/post"}],"author":[{"embeddable":true,"href":"https:\/\/redsemlac.com\/semmexico\/wp-json\/wp\/v2\/users\/3"}],"replies":[{"embeddable":true,"href":"https:\/\/redsemlac.com\/semmexico\/wp-json\/wp\/v2\/comments?post=48975"}],"version-history":[{"count":0,"href":"https:\/\/redsemlac.com\/semmexico\/wp-json\/wp\/v2\/posts\/48975\/revisions"}],"wp:featuredmedia":[{"embeddable":true,"href":"https:\/\/redsemlac.com\/semmexico\/wp-json\/wp\/v2\/media\/48976"}],"wp:attachment":[{"href":"https:\/\/redsemlac.com\/semmexico\/wp-json\/wp\/v2\/media?parent=48975"}],"wp:term":[{"taxonomy":"category","embeddable":true,"href":"https:\/\/redsemlac.com\/semmexico\/wp-json\/wp\/v2\/categories?post=48975"},{"taxonomy":"post_tag","embeddable":true,"href":"https:\/\/redsemlac.com\/semmexico\/wp-json\/wp\/v2\/tags?post=48975"}],"curies":[{"name":"wp","href":"https:\/\/api.w.org\/{rel}","templated":true}]}}