{"id":48959,"date":"2022-04-25T16:09:17","date_gmt":"2022-04-25T22:09:17","guid":{"rendered":"https:\/\/redsemlac.com\/semmexico\/?p=48959"},"modified":"2023-07-21T19:02:57","modified_gmt":"2023-07-22T00:02:57","slug":"fotogaleria-justicia-por-victimas-de-feminicidio-y-desaparecidas-en-mexico","status":"publish","type":"post","link":"https:\/\/redsemlac.com\/semmexico\/fotogaleria-justicia-por-victimas-de-feminicidio-y-desaparecidas-en-mexico\/","title":{"rendered":"Fotogaler\u00eda| Justicia por v\u00edctimas de feminicidio y desaparecidas en M\u00e9xico"},"content":{"rendered":"\n<p class=\"wp-block-paragraph\">SemM\u00e9xico, Cd. de M\u00e9xico, 25 de abril, 2022.- Mujeres de colectivos feministas y familias de mujeres v\u00edctimas de feminicidio y desaparici\u00f3n realizaron marchas de protesta en diversos estados del pa\u00eds para exigir justicia para Debanhi y todas las mujeres asesinadas en el pa\u00eds. Este domingo, cientos de mujeres salieron a protestar en Ciudad de M\u00e9xico, Chetumal, Oaxaca, Cd. Victoria y Nuevo Le\u00f3n, entre otras capitales de los estados del pa\u00eds.<\/p>\n\n\n\n<h2 class=\"wp-block-heading\" id=\"ciudad-de-mexico\">Ciudad de M\u00e9xico<\/h2>\n\n\n\n<h5 class=\"wp-block-heading\" id=\"fotos-para-semmexico-cortesia-de-el-sol-de-mexico\">Fotos para SemM\u00e9xico cortes\u00eda de El Sol de M\u00e9xico<\/h5>\n\n\n\n<figure class=\"wp-block-gallery has-nested-images columns-2 is-cropped wp-block-gallery-1 is-layout-flex wp-block-gallery-is-layout-flex\">\n<figure class=\"wp-block-image size-large\"><a href=\"https:\/\/redsemlac.com\/semmexico\/wp-content\/uploads\/2022\/04\/cdmx-1.jpg\"><img loading=\"lazy\" decoding=\"async\" width=\"768\" height=\"479\" data-id=\"48961\" src=\"https:\/\/redsemlac.com\/semmexico\/wp-content\/uploads\/2022\/04\/cdmx-1.jpg\" alt=\"\" class=\"wp-image-48961\"\/><\/a><\/figure>\n\n\n\n<figure class=\"wp-block-image size-large\"><a href=\"https:\/\/redsemlac.com\/semmexico\/wp-content\/uploads\/2022\/04\/cdmx-2.png\"><img loading=\"lazy\" decoding=\"async\" width=\"800\" height=\"600\" data-id=\"48965\" src=\"https:\/\/redsemlac.com\/semmexico\/wp-content\/uploads\/2022\/04\/cdmx-2.png\" alt=\"\" class=\"wp-image-48965\"\/><\/a><\/figure>\n\n\n\n<figure class=\"wp-block-image size-large\"><a href=\"https:\/\/redsemlac.com\/semmexico\/wp-content\/uploads\/2022\/04\/cdmx-3.jpg\"><img loading=\"lazy\" decoding=\"async\" width=\"760\" height=\"430\" data-id=\"48960\" src=\"https:\/\/redsemlac.com\/semmexico\/wp-content\/uploads\/2022\/04\/cdmx-3.jpg\" alt=\"\" class=\"wp-image-48960\"\/><\/a><\/figure>\n\n\n\n<figure class=\"wp-block-image size-large\"><a href=\"https:\/\/redsemlac.com\/semmexico\/wp-content\/uploads\/2022\/04\/cdmx-4.png\"><img decoding=\"async\" data-id=\"48962\" src=\"https:\/\/redsemlac.com\/semmexico\/wp-content\/uploads\/2022\/04\/cdmx-4-1024x576.png\" alt=\"\" class=\"wp-image-48962\"\/><\/a><\/figure>\n\n\n\n<figure class=\"wp-block-image size-large\"><a href=\"https:\/\/redsemlac.com\/semmexico\/wp-content\/uploads\/2022\/04\/cdmx-5.png\"><img loading=\"lazy\" decoding=\"async\" width=\"800\" height=\"600\" data-id=\"48964\" src=\"https:\/\/redsemlac.com\/semmexico\/wp-content\/uploads\/2022\/04\/cdmx-5.png\" alt=\"\" class=\"wp-image-48964\"\/><\/a><\/figure>\n\n\n\n<figure class=\"wp-block-image size-large\"><a href=\"https:\/\/redsemlac.com\/semmexico\/wp-content\/uploads\/2022\/04\/cdmx-6.jpg\"><img decoding=\"async\" data-id=\"48963\" src=\"https:\/\/redsemlac.com\/semmexico\/wp-content\/uploads\/2022\/04\/cdmx-6-1024x683.jpg\" alt=\"\" class=\"wp-image-48963\"\/><\/a><\/figure>\n<figcaption class=\"blocks-gallery-caption\"><strong><em>Foto: Laura Lovera y Shelma Navarrete.<\/em><\/strong><\/figcaption><\/figure>\n\n\n\n<h2 class=\"wp-block-heading\" id=\"chiapas\">Chiapas<\/h2>\n\n\n\n<figure class=\"wp-block-gallery has-nested-images columns-2 is-cropped wp-block-gallery-2 is-layout-flex wp-block-gallery-is-layout-flex\">\n<figure class=\"wp-block-image size-large\"><img loading=\"lazy\" decoding=\"async\" width=\"1600\" height=\"1200\" data-id=\"48935\" src=\"https:\/\/redsemlac.com\/semmexico\/wp-content\/uploads\/2022\/04\/CHIAPAS-3.jpeg\" alt=\"\" class=\"wp-image-48935\"\/><\/figure>\n\n\n\n<figure class=\"wp-block-image size-large\"><img loading=\"lazy\" decoding=\"async\" width=\"1600\" height=\"1200\" data-id=\"48934\" src=\"https:\/\/redsemlac.com\/semmexico\/wp-content\/uploads\/2022\/04\/CHIAPAS-2.jpeg\" alt=\"\" class=\"wp-image-48934\"\/><\/figure>\n\n\n\n<figure class=\"wp-block-image size-large\"><img loading=\"lazy\" decoding=\"async\" width=\"1600\" height=\"1200\" data-id=\"48933\" src=\"https:\/\/redsemlac.com\/semmexico\/wp-content\/uploads\/2022\/04\/CHIAPAS-1.jpeg\" alt=\"\" class=\"wp-image-48933\"\/><\/figure>\n<figcaption class=\"blocks-gallery-caption\"><strong><em>Fotos: GABRIELA COUTI\u00d1O<\/em><\/strong><\/figcaption><\/figure>\n\n\n\n<h2 class=\"wp-block-heading\" id=\"quintana-roo\">Quintana Roo<\/h2>\n\n\n\n<figure class=\"wp-block-gallery has-nested-images columns-default is-cropped wp-block-gallery-3 is-layout-flex wp-block-gallery-is-layout-flex\">\n<figure class=\"wp-block-image size-large\"><img loading=\"lazy\" decoding=\"async\" width=\"540\" height=\"960\" data-id=\"48938\" src=\"https:\/\/redsemlac.com\/semmexico\/wp-content\/uploads\/2022\/04\/QUINTANA-ROO.jpeg\" alt=\"\" class=\"wp-image-48938\"\/><\/figure>\n\n\n\n<figure class=\"wp-block-image size-large\"><img loading=\"lazy\" decoding=\"async\" width=\"1152\" height=\"2048\" data-id=\"48939\" src=\"https:\/\/redsemlac.com\/semmexico\/wp-content\/uploads\/2022\/04\/QUINTANA-ROO2.jpeg\" alt=\"\" class=\"wp-image-48939\"\/><\/figure>\n<figcaption class=\"blocks-gallery-caption\"><em><strong>Fotos: Colectivas<\/strong><\/em><\/figcaption><\/figure>\n\n\n\n<h2 class=\"wp-block-heading\" id=\"oaxaca\">Oaxaca<\/h2>\n\n\n\n<figure class=\"wp-block-gallery has-nested-images columns-default is-cropped wp-block-gallery-4 is-layout-flex wp-block-gallery-is-layout-flex\">\n<figure class=\"wp-block-image size-large\"><img loading=\"lazy\" decoding=\"async\" width=\"758\" height=\"553\" data-id=\"48942\" src=\"https:\/\/redsemlac.com\/semmexico\/wp-content\/uploads\/2022\/04\/WhatsApp-Image-2022-04-25-at-12.47.48-PM.jpeg\" alt=\"\" class=\"wp-image-48942\"\/><\/figure>\n\n\n\n<figure class=\"wp-block-image size-large\"><img loading=\"lazy\" decoding=\"async\" width=\"960\" height=\"1280\" data-id=\"48941\" src=\"https:\/\/redsemlac.com\/semmexico\/wp-content\/uploads\/2022\/04\/WhatsApp-Image-2022-04-25-at-12.47.24-PM.jpeg\" alt=\"\" class=\"wp-image-48941\"\/><\/figure>\n\n\n\n<figure class=\"wp-block-image size-large\"><img loading=\"lazy\" decoding=\"async\" width=\"1280\" height=\"960\" data-id=\"48940\" src=\"https:\/\/redsemlac.com\/semmexico\/wp-content\/uploads\/2022\/04\/WhatsApp-Image-2022-04-25-at-12.46.59-PM.jpeg\" alt=\"\" class=\"wp-image-48940\"\/><\/figure>\n<figcaption class=\"blocks-gallery-caption\"><strong><em>Fotos: CITLALLI L\u00d3PEZ<\/em><\/strong><\/figcaption><\/figure>\n","protected":false},"excerpt":{"rendered":"<p>Ciudad de M\u00e9xico, Quintana Roo, Oaxaca, Tamaulipas, Chiapas y Nuevo Le\u00f3n, entre otras entidades realizaron marchas<\/p>\n","protected":false},"author":3,"featured_media":48961,"comment_status":"open","ping_status":"open","sticky":false,"template":"","format":"standard","meta":{"_monsterinsights_skip_tracking":false,"footnotes":""},"categories":[693,54],"tags":[149],"class_list":["post-48959","post","type-post","status-publish","format-standard","has-post-thumbnail","category-693","category-mujeres","tag-mujeres"],"_links":{"self":[{"href":"https:\/\/redsemlac.com\/semmexico\/wp-json\/wp\/v2\/posts\/48959","targetHints":{"allow":["GET"]}}],"collection":[{"href":"https:\/\/redsemlac.com\/semmexico\/wp-json\/wp\/v2\/posts"}],"about":[{"href":"https:\/\/redsemlac.com\/semmexico\/wp-json\/wp\/v2\/types\/post"}],"author":[{"embeddable":true,"href":"https:\/\/redsemlac.com\/semmexico\/wp-json\/wp\/v2\/users\/3"}],"replies":[{"embeddable":true,"href":"https:\/\/redsemlac.com\/semmexico\/wp-json\/wp\/v2\/comments?post=48959"}],"version-history":[{"count":0,"href":"https:\/\/redsemlac.com\/semmexico\/wp-json\/wp\/v2\/posts\/48959\/revisions"}],"wp:featuredmedia":[{"embeddable":true,"href":"https:\/\/redsemlac.com\/semmexico\/wp-json\/wp\/v2\/media\/48961"}],"wp:attachment":[{"href":"https:\/\/redsemlac.com\/semmexico\/wp-json\/wp\/v2\/media?parent=48959"}],"wp:term":[{"taxonomy":"category","embeddable":true,"href":"https:\/\/redsemlac.com\/semmexico\/wp-json\/wp\/v2\/categories?post=48959"},{"taxonomy":"post_tag","embeddable":true,"href":"https:\/\/redsemlac.com\/semmexico\/wp-json\/wp\/v2\/tags?post=48959"}],"curies":[{"name":"wp","href":"https:\/\/api.w.org\/{rel}","templated":true}]}}