{"id":48956,"date":"2022-04-25T15:35:10","date_gmt":"2022-04-25T21:35:10","guid":{"rendered":"https:\/\/redsemlac.com\/semmexico\/?p=48956"},"modified":"2023-07-21T19:02:58","modified_gmt":"2023-07-22T00:02:58","slug":"cuba-entre-artesanias-y-manias-ellas-emprenden-desde-las-alianzas","status":"publish","type":"post","link":"https:\/\/redsemlac.com\/semmexico\/cuba-entre-artesanias-y-manias-ellas-emprenden-desde-las-alianzas\/","title":{"rendered":"Cuba: Entre artesan\u00edas y man\u00edas, ellas emprenden desde las alianzas"},"content":{"rendered":"\n<p class=\"wp-block-paragraph\"><strong>* <\/strong><strong>Lo primero es entender que al bazar venimos a crear alianzas<\/strong><\/p>\n\n\n\n<p class=\"wp-block-paragraph\"><strong>* El espacio agrupa diferentes tipos de experiencias de las emprendedoras<\/strong><\/p>\n\n\n\n<p class=\"wp-block-paragraph\"><strong>Redacci\u00f3n<\/strong><strong><\/strong><\/p>\n\n\n\n<p class=\"wp-block-paragraph\">SemM\u00e9xico\/SEMlac, La Habana, 25 de abril, 2022. &#8211; Tener un espacio de encuentro com\u00fan que les permita conocerse, desarrollar alianzas, capacitarse en funci\u00f3n de las necesidades que van surgiendo en sus negocios, intercambiar con la comunidad y ofertar sus productos es un sue\u00f1o concretado en el \u00abBazar Artesan\u00edas y man\u00edas\u00bb para m\u00e1s de 30 emprendimientos de mujeres en La Habana.<\/p>\n\n\n\n<p class=\"wp-block-paragraph\"><br>Con sede en el Centro Cultural Loyola Reina, ubicado en la comunidad de Los Sitios, en el c\u00e9ntrico municipio de Centro Habana, esta iniciativa mensual surgi\u00f3 en el pasado mes de febrero y en muy poco tiempo se ha ido desarrollando y ganando en participaci\u00f3n.<\/p>\n\n\n\n<p class=\"wp-block-paragraph\"><br>As\u00ed coment\u00f3 a&nbsp;<a href=\"https:\/\/www.redsemlac-cuba.net\/\" target=\"_blank\" rel=\"noreferrer noopener\">SEMlac<\/a>&nbsp;Sandra Rivero Reyes, una de sus organizadoras y creadora de \u00abDanza con todo\u00bb, una peque\u00f1a empresa que se dedica a la producci\u00f3n, personalizaci\u00f3n y comercializaci\u00f3n de art\u00edculos para danza y deportivos.<\/p>\n\n\n\n<p class=\"wp-block-paragraph\"><br>\u00abLo primero es entender que al bazar venimos a crear alianzas, buscar apoyos, contactos. La venta no es el objetivo n\u00famero uno, lo cual no es algo com\u00fan en todos los emprendedores. Tratamos de hermanarnos, sentirnos bien, pasar un rato agradable, aunque no vendamos; pensar c\u00f3mo podemos hacer esto o aquello juntas, si a m\u00ed me funciona este producto junto al de otro proyecto\u2026\u00bb, explic\u00f3.<\/p>\n\n\n\n<p class=\"wp-block-paragraph\"><br>\u00abBazar Artesan\u00edas y man\u00edas\u00bb es organizado y dirigido por cinco emprendimientos femeninos: \u00abSugiero Cuba\u00bb, una plataforma digital que aglutina a mujeres y hombres; \u00abLa Comarca\u00bb, dedicado a la creaci\u00f3n de duendes articulados; \u00abDecoLuz\u00bb, dirigido a la fabricaci\u00f3n de l\u00e1mparas con tuber\u00edas de PVC y que apuesta por el reciclaje; \u00abTodo Pensao\u00bb, una tienda de art\u00edculos utilitarios e identitarios para el hogar, y \u00abDanza con todo\u00bb.<\/p>\n\n\n\n<p class=\"wp-block-paragraph\"><br>El espacio agrupa diferentes tipos de experiencias como manualidades, cosm\u00e9tica y productos naturales, para decorar y \u00fatiles del hogar, dulces tradicionales, art\u00edculos danzarios y deportivos, pero, sobre todo, a muchas mujeres empoderadas que conf\u00edan en sus potencialidades para desarrollarse ellas y la comunidad que las rodea.<\/p>\n\n\n\n<p class=\"wp-block-paragraph\"><br>Nayla Oliva, creadora de \u00abLa Comarca\u00bb, recuerda que en medio de la pandemia de covid-19 \u00abSugiero Cuba\u00bb fue fundamental para los dis\u00edmiles emprendimientos que buscaban afianzarse en las plataformas digitales y empezaban a aprender a hacerlo. \u00abArtesan\u00edas y Man\u00edas\u00bb sale de ese espacio virtual hacia el mundo f\u00edsico, como un punto de encuentro, tambi\u00e9n determinante para el desarrollo de los negocios y el crecimiento personal de cada una de nosotras, dijo.<\/p>\n\n\n\n<p class=\"wp-block-paragraph\"><br>\u00abHab\u00edamos participado en varias ferias y bazares y nos dimos a la tarea de organizar un bazar que tuviera ciertas y determinadas l\u00edneas en las que trabajar\u00bb, agreg\u00f3 Rivero Reyes.<\/p>\n\n\n\n<p class=\"wp-block-paragraph\"><br>\u00abNos acercamos al Centro Loyola, porque uno de sus proyectos, InCuba Empresas, se dedica a asesorar y a capacitar a emprendedores. Ya recibimos una capacitaci\u00f3n de modelos de negocios y vamos a recibir una de Canva, que es una aplicaci\u00f3n amiga, aliada de los emprendedores, porque te permite idear las plantillas para poder anunciar tus productos en las redes sociales. Luego, para contribuir con esta formaci\u00f3n que recibimos, impartimos talleres a una comunidad definida, con la cual el centro trabaja\u00bb, explic\u00f3.<\/p>\n\n\n\n<p class=\"wp-block-paragraph\"><br>De acuerdo con Oliva, esa es una de las esencias de la iniciativa: apoyo en temas de superaci\u00f3n. \u00abA las mujeres las empoderamos, a la comunidad la apoyamos y le damos herramientas para que puedan buscar otras v\u00edas de sustento econ\u00f3mico\u00bb, refiri\u00f3.<\/p>\n\n\n\n<p class=\"wp-block-paragraph\"><br>Por ejemplo, la semana que reci\u00e9n termin\u00f3, \u00abLa Comarca\u00bb imparti\u00f3 durante cuatro d\u00edas un taller de t\u00e9cnicas mixtas a ni\u00f1os y padres. En esa misma semana, uno de los emprendimientos de mujeres que particip\u00f3 en el evento<a href=\"https:\/\/www.redsemlac-cuba.net\/redsemlac\/sociedad-y-cultura\/emprendedoras-juntan-voluntades-para-crecer\/\" target=\"_blank\" rel=\"noreferrer noopener\">&nbsp;Ellas emprenden<\/a>, \u00abLa Rocalla\u00bb, imparti\u00f3 un taller en uno de los proyectos del Centro que se llama De la maceta a la mesa, apunt\u00f3 Rivero.<\/p>\n\n\n\n<p class=\"wp-block-paragraph\"><br>\u00abFue una experiencia enriquecedora\u00bb, sostuvo Oliva. \u00abEl taller se hab\u00eda previsto para ni\u00f1os entre 10 y 15 a\u00f1os, y yo vincul\u00e9 a los adultos acompa\u00f1antes. Fue algo muy bonito, recuerdo a una abuela que nos coment\u00f3 ten\u00eda eventos de depresi\u00f3n, ansiedad y tomaba medicinas. Cuando acab\u00f3 el taller, nos ped\u00eda que no terminara, porque encontr\u00f3 un modo de canalizar todas esas preocupaciones y ansiedades que la misma cotidianidad le tra\u00eda\u00bb.<\/p>\n\n\n\n<p class=\"wp-block-paragraph\"><br>Para Oliva, \u00abArtesan\u00edas y Man\u00edas\u00bb es como un \u00e1rbol con muchas ramas \u00abque puede dar todos los frutos que seamos capaces de fomentarle desde nuestro trabajo. Contamos con el deseo y el apoyo de la comunidad, que ha trabajado junto a nosotras y nos ha respondido muy bien\u00bb, dijo la emprendedora de 39 a\u00f1os, para quien una de las principales fortalezas es que funcionan como una familia que comparte sue\u00f1os, necesidades y soluciones.<\/p>\n\n\n\n<p class=\"wp-block-paragraph\"><br>\u00abLo que hacemos es buscar alg\u00fan emprendimiento que se inserte en las necesidades de la comunidad. Lo hacemos aun con nuestras limitaciones y carencias de transporte, porque sabemos que si no mejoramos nuestras comunidades y nuestra sociedad, no vamos a llegar a ninguna parte, por muchos emprendimientos diversos, magn\u00edficos y desarrollados que tengamos todas\u00bb, consider\u00f3 Sandra.<br><\/p>\n\n\n\n<h2 class=\"wp-block-heading\" id=\"construir-juntas-un-espacio-de-bienestar\"><br><strong>Construir juntas un espacio de bienestar<\/strong><\/h2>\n\n\n\n<p class=\"wp-block-paragraph\"><br>Aunque consideran que, en solo tres meses, desde que comenz\u00f3 el proyecto, han logrado hacer muchas cosas, consideran que la frecuencia del bazar debe ser bimensual. \u00abEs una oportunidad para dar a conocer el Centro Loyola, la funcionalidad que tiene este espacio para organizar eventos de este tipo que favorecen a los emprendimientos y los talleres de cualquier grupo etario, sobre todo infantil\u00bb, precis\u00f3 la creadora de Danza con Todo.<\/p>\n\n\n\n<p class=\"wp-block-paragraph\"><br>En su opini\u00f3n, el hecho de que muchos de estos negocios est\u00e1n de manera online hace que sea dif\u00edcil acceder a todos los bazares, por la log\u00edstica que llevan e incluso las cuotas que requieren.<\/p>\n\n\n\n<p class=\"wp-block-paragraph\"><br>\u00abOrganizar un bazar requiere mucho esfuerzo, somos cinco, con situaciones diferentes y negocios que hay que atender de manera independiente. Puede ser agotador, sobre todo si se aspira a m\u00e1s que vender\u00bb, se\u00f1al\u00f3 Rivero.<\/p>\n\n\n\n<p class=\"wp-block-paragraph\"><br>\u00abEn este lugar hay un teatro y tratamos de tener siempre ese espacio disponible para la comunidad. En esta edici\u00f3n y en las dos anteriores nos acompa\u00f1\u00f3 una compa\u00f1\u00eda de fusi\u00f3n flamenca que es de Marianao. Tambi\u00e9n por primera vez tuvimos a la compa\u00f1\u00eda Alas, del municipio La Lisa, que ha estado implicada en proyectos art\u00edsticos del propio Centro Loyola y de la casa de cultura de Plaza, para brindarles la oportunidad de que se presenten\u00bb, coment\u00f3.<\/p>\n\n\n\n<p class=\"wp-block-paragraph\"><br>Pero el sue\u00f1o com\u00fan es convertir y registrar \u00abArtesan\u00edas y man\u00edas\u00bb como proyecto de desarrollo local. \u00abSabemos que eso requiere un estudio, una profundizaci\u00f3n que es lo que nos est\u00e1 faltando\u00bb, a\u00f1adi\u00f3 la entrevistada a SEMlac.<\/p>\n\n\n\n<p class=\"wp-block-paragraph\"><br>\u00abQueremos contar tambi\u00e9n con un espacio en la comunidad, pues aunque la log\u00edstica de preparar un bazar en ese tipo de espacios no es sencilla, apostamos a que Los Sitios tenga, al menos cada dos meses, un bazar donde comprar, disfrutar del arte, intercambiar y saber que pensamos en ellos\u00bb, afirm\u00f3.<br>Para Nayla Oliva, un elemento a favor de poder realizar estos proyectos es que cree que&nbsp;<a href=\"https:\/\/www.redsemlac-cuba.net\/redsemlac\/sociedad-y-cultura\/tiempos-de-emprendedoras\/\" target=\"_blank\" rel=\"noreferrer noopener\">hoy es un mejor momento para que las mujeres emprendan, si bien a\u00fan hay muchos tab\u00faes que derribar<\/a>.<\/p>\n\n\n\n<p class=\"wp-block-paragraph\"><br>\u00abMuchas est\u00e1n convencidas de que pueden ser mujeres empoderadas, emprendedoras, pero creen que tiene que ser tambi\u00e9n s\u00faper mam\u00e1s, s\u00faper esposas y s\u00faper emprendedoras, y no se puede ser &#8216;s\u00faper&#8217; sola en las tres cosas\u00bb, considera.<\/p>\n\n\n\n<p class=\"wp-block-paragraph\"><br>\u00abEl apoyo de la familia es muy importante, para poder ense\u00f1arles a nuestros hijos que podemos ser independientes econ\u00f3micamente, con un trabajo honrado y creando en aquello que nos gusta hacer. Tambi\u00e9n para mostrarles a nuestras parejas que nosotras valemos m\u00e1s all\u00e1 de los dogmas sociales como mam\u00e1, esposa y ama de casa, afirm\u00f3. Se trata, dijo, \u00abde rentabilizar nuestro tiempo y talento desde aquello que nos complace\u00bb.<\/p>\n\n\n\n<p class=\"wp-block-paragraph\">SEM-SEMlac<\/p>\n","protected":false},"excerpt":{"rendered":"<p>Lo primero es entender que al bazar venimos a crear alianzas<\/p>\n","protected":false},"author":3,"featured_media":48957,"comment_status":"open","ping_status":"open","sticky":false,"template":"","format":"standard","meta":{"_monsterinsights_skip_tracking":false,"footnotes":""},"categories":[693,53],"tags":[],"class_list":["post-48956","post","type-post","status-publish","format-standard","has-post-thumbnail","category-693","category-internacional"],"_links":{"self":[{"href":"https:\/\/redsemlac.com\/semmexico\/wp-json\/wp\/v2\/posts\/48956","targetHints":{"allow":["GET"]}}],"collection":[{"href":"https:\/\/redsemlac.com\/semmexico\/wp-json\/wp\/v2\/posts"}],"about":[{"href":"https:\/\/redsemlac.com\/semmexico\/wp-json\/wp\/v2\/types\/post"}],"author":[{"embeddable":true,"href":"https:\/\/redsemlac.com\/semmexico\/wp-json\/wp\/v2\/users\/3"}],"replies":[{"embeddable":true,"href":"https:\/\/redsemlac.com\/semmexico\/wp-json\/wp\/v2\/comments?post=48956"}],"version-history":[{"count":0,"href":"https:\/\/redsemlac.com\/semmexico\/wp-json\/wp\/v2\/posts\/48956\/revisions"}],"wp:featuredmedia":[{"embeddable":true,"href":"https:\/\/redsemlac.com\/semmexico\/wp-json\/wp\/v2\/media\/48957"}],"wp:attachment":[{"href":"https:\/\/redsemlac.com\/semmexico\/wp-json\/wp\/v2\/media?parent=48956"}],"wp:term":[{"taxonomy":"category","embeddable":true,"href":"https:\/\/redsemlac.com\/semmexico\/wp-json\/wp\/v2\/categories?post=48956"},{"taxonomy":"post_tag","embeddable":true,"href":"https:\/\/redsemlac.com\/semmexico\/wp-json\/wp\/v2\/tags?post=48956"}],"curies":[{"name":"wp","href":"https:\/\/api.w.org\/{rel}","templated":true}]}}