{"id":48949,"date":"2022-04-25T15:21:14","date_gmt":"2022-04-25T21:21:14","guid":{"rendered":"https:\/\/redsemlac.com\/semmexico\/?p=48949"},"modified":"2023-07-21T19:02:58","modified_gmt":"2023-07-22T00:02:58","slug":"gobierno-federal-incumple-impunidad-y-violencia-contra-las-mujeres-sigue-lopez-barragan","status":"publish","type":"post","link":"https:\/\/redsemlac.com\/semmexico\/gobierno-federal-incumple-impunidad-y-violencia-contra-las-mujeres-sigue-lopez-barragan\/","title":{"rendered":"Gobierno federal incumple: impunidad y violencia contra las mujeres sigue: L\u00f3pez Rabad\u00e1n"},"content":{"rendered":"\n<ul class=\"wp-block-list\"><li><strong>La violencia no s\u00f3lo no para, sino que empeora d\u00eda con d\u00eda, dice tras referirse a los datos del SESNSP<\/strong><\/li><\/ul>\n\n\n\n<ul class=\"wp-block-list\"><li><strong> Con AMLO han sido asesinadas 12 mil 558 mujeres y 7 mil 915 han desaparecido<\/strong><\/li><\/ul>\n\n\n\n<p class=\"wp-block-paragraph\"><strong>Redacci\u00f3n&nbsp;<\/strong><strong><\/strong><\/p>\n\n\n\n<p class=\"wp-block-paragraph\">SemM\u00e9xico, Cd. de M\u00e9xico, 25 de abril, 2022.- El Gobierno federal ha incumplido con su obligaci\u00f3n de proveer de seguridad a todos los mexicanos, no existe una inversi\u00f3n suficiente en materia de seguridad, se carecen de pol\u00edticas p\u00fablicas y hay una impunidad que lacera a los sectores m\u00e1s vulnerables, en este caso las mujeres, afirm\u00f3 la senadora Kenia L\u00f3pez Rabad\u00e1n.<\/p>\n\n\n\n<p class=\"wp-block-paragraph\">\u201cL\u00f3pez Obrador tiene tiempo para hablar de las campa\u00f1as, de los republicanos, de los dem\u00f3cratas, de los conservadores, de Loret de Mola, de Eugenio Derbez, pero nada, no dice nada de las mujeres asesinadas en este pa\u00eds\u201d, subray\u00f3.<\/p>\n\n\n\n<p class=\"wp-block-paragraph\">Agreg\u00f3 que los datos publicados el d\u00eda de hoy por el Secretariado Ejecutivo demuestran que entre 10 y 11 mujeres son asesinadas al d\u00eda y m\u00e1s de 600 mujeres denuncian violencia dom\u00e9stica diario.<\/p>\n\n\n\n<p class=\"wp-block-paragraph\">\u201cEl caso de Debanhi es uno de los 10, 11 casos que a diario se viven en nuestro pa\u00eds. En el gobierno de L\u00f3pez Obrador han sido asesinadas 12 mil 588 mujeres; siete mil 915 han desaparecido; m\u00e1s de 10 mil han sido v\u00edctimas de extorsi\u00f3n; 926 han sido secuestradas y mil 529 han sido v\u00edctimas de trata\u201d, indic\u00f3 L\u00f3pez Rabad\u00e1n durante su conferencia de prensa \u201cLa Contrama\u00f1anera\u201d, esto de acuerdo con un comunicado de prensa.<\/p>\n\n\n\n<p class=\"wp-block-paragraph\">En ese mismo sentido, expres\u00f3 su preocupaci\u00f3n por las denuncias por violencia de g\u00e9nero que se han incrementado un 30 por ciento y la violencia intrafamiliar ha crecido cerca de 20 por ciento, entre 2019 y 2021.<\/p>\n\n\n\n<p class=\"wp-block-paragraph\">\u201cLa violencia no s\u00f3lo no para, sino que empeora d\u00eda con d\u00eda, y los recursos que el Gobierno federal destina a proteger a las mujeres son una miseria\u201d, se\u00f1al\u00f3.<\/p>\n\n\n\n<p class=\"wp-block-paragraph\">Al referirse a la reuni\u00f3n que sostendr\u00edan ambientalistas con representantes del Gobierno federal, la vicecoordinadora del PAN en el Senado consider\u00f3 que&nbsp;el gobierno de L\u00f3pez Obrador muestra un rostro cada vez m\u00e1s autoritario e intolerante.<\/p>\n\n\n\n<p class=\"wp-block-paragraph\">\u201cLa reuni\u00f3n que se llevar\u00eda a cabo el d\u00eda de hoy con quienes encabezan el movimiento \u201cS\u00e9lvameDelTren fue cancelada. \u00bfEl pretexto que puso la Presidencia?, la supuesta negativa de algunos artistas de asistir a Palacio Nacional. La realidad es que arbitrariamente cancelaron el di\u00e1logo que hab\u00edan prometido con ambientalistas, acad\u00e9micos, buzos, expertos, activistas y artistas\u201d, puntualiz\u00f3.<\/p>\n\n\n\n<p class=\"wp-block-paragraph\">L\u00f3pez Rabad\u00e1n reiter\u00f3 su rechazo a la construcci\u00f3n del Tren Maya por las repercusiones ambientales que se han evidenciado, adem\u00e1s de que dijo, no se realizaron suficientes estudios en su planeaci\u00f3n.<\/p>\n\n\n\n<p class=\"wp-block-paragraph\">\u201cEl Presidente no quiere salir de su Palacio para ir al Tramo 5, pero tampoco quiere recibirlos, porque la verdad le duele. La verdad es que no hay estudios de impacto ambiental y no hay una consulta a los pueblos ind\u00edgenas, como lo manda la ley y los convenios internacionales\u201d, subray\u00f3.<\/p>\n\n\n\n<p class=\"wp-block-paragraph\">Sobre los dichos del expresidente de Estados Unidos, Donald Trump, en contra de la soberan\u00eda nacional, dijo que se deben conocer los acuerdos a los que llegaron ambos gobiernos ya que es lamentable que instituciones como la Guardia Nacional se utilicen para detener migrantes en lugar de proteger a los mexicanos y a su seguridad.<\/p>\n\n\n\n<p class=\"wp-block-paragraph\">SEM\/sj<\/p>\n","protected":false},"excerpt":{"rendered":"<p> Con AMLO han sido asesinadas 12 mil 558 mujeres y 7 mil 915 han desaparecido<\/p>\n","protected":false},"author":3,"featured_media":48950,"comment_status":"open","ping_status":"open","sticky":false,"template":"","format":"standard","meta":{"_monsterinsights_skip_tracking":false,"footnotes":""},"categories":[693,50],"tags":[],"class_list":["post-48949","post","type-post","status-publish","format-standard","has-post-thumbnail","category-693","category-congreso"],"_links":{"self":[{"href":"https:\/\/redsemlac.com\/semmexico\/wp-json\/wp\/v2\/posts\/48949","targetHints":{"allow":["GET"]}}],"collection":[{"href":"https:\/\/redsemlac.com\/semmexico\/wp-json\/wp\/v2\/posts"}],"about":[{"href":"https:\/\/redsemlac.com\/semmexico\/wp-json\/wp\/v2\/types\/post"}],"author":[{"embeddable":true,"href":"https:\/\/redsemlac.com\/semmexico\/wp-json\/wp\/v2\/users\/3"}],"replies":[{"embeddable":true,"href":"https:\/\/redsemlac.com\/semmexico\/wp-json\/wp\/v2\/comments?post=48949"}],"version-history":[{"count":0,"href":"https:\/\/redsemlac.com\/semmexico\/wp-json\/wp\/v2\/posts\/48949\/revisions"}],"wp:featuredmedia":[{"embeddable":true,"href":"https:\/\/redsemlac.com\/semmexico\/wp-json\/wp\/v2\/media\/48950"}],"wp:attachment":[{"href":"https:\/\/redsemlac.com\/semmexico\/wp-json\/wp\/v2\/media?parent=48949"}],"wp:term":[{"taxonomy":"category","embeddable":true,"href":"https:\/\/redsemlac.com\/semmexico\/wp-json\/wp\/v2\/categories?post=48949"},{"taxonomy":"post_tag","embeddable":true,"href":"https:\/\/redsemlac.com\/semmexico\/wp-json\/wp\/v2\/tags?post=48949"}],"curies":[{"name":"wp","href":"https:\/\/api.w.org\/{rel}","templated":true}]}}