{"id":48946,"date":"2022-04-25T15:14:15","date_gmt":"2022-04-25T21:14:15","guid":{"rendered":"https:\/\/redsemlac.com\/semmexico\/?p=48946"},"modified":"2023-07-21T19:02:58","modified_gmt":"2023-07-22T00:02:58","slug":"suman-160-mujeres-desaparecidas-en-veracruz-senalan-colectivos-feministas","status":"publish","type":"post","link":"https:\/\/redsemlac.com\/semmexico\/suman-160-mujeres-desaparecidas-en-veracruz-senalan-colectivos-feministas\/","title":{"rendered":"Suman 160 mujeres desaparecidas en Veracruz, se\u00f1alan colectivos feministas"},"content":{"rendered":"\n<ul class=\"wp-block-list\"><li><strong> Esa entidad \u201cse perfila\u201d por la tercer Alerta de Violencia de G\u00e9nero, sostienen<\/strong><\/li><\/ul>\n\n\n\n<ul class=\"wp-block-list\"><li><strong>Registran m\u00e1s desapariciones Coatzacoalcos, C\u00f3rdoba, Poza Rica, Veracruz y Xalapa<\/strong><\/li><\/ul>\n\n\n\n<p class=\"wp-block-paragraph\"><strong>Redacci\u00f3n<\/strong><\/p>\n\n\n\n<p class=\"wp-block-paragraph\">SemM\u00e9xico\/BillieParkerNoticias, Xalapa, Ver., 25 de abril, 2022.- Colectivos que integran el sistema Estatal para Prevenir, Atender y Erradicar la Violencia contra las Mujeres denunciaron que el Estado de Veracruz se perfila hacia la tercera Alerta por Violencia de G\u00e9nero (AVG), por el alarmante incremento de desaparici\u00f3n de mujeres, ni\u00f1as y adolescentes.<\/p>\n\n\n\n<p class=\"wp-block-paragraph\">\u201cSe ha incrementado la desaparici\u00f3n de menores de entre 11 y 13 a\u00f1os de edad, sobre todo en la zona centro del estado\u201d, refiere Estela Casados, acad\u00e9mica y quien lidera el proyecto Observatorio Universitario que monitorea a trav\u00e9s de los medios las violencias contra las Mujeres\u201d.<\/p>\n\n\n\n<p class=\"wp-block-paragraph\">Este lunes las integrantes de la sociedad civil que conforman el Sistema Estatal para Prevenir, atender y erradicar la violencia contra las mujeres ofrecieron conferencia de prensa, en el marco de los acontecimientos violentos contra mujeres y los feminicidios que estamos enfrentando ahora en Veracruz y todo el pa\u00eds.<\/p>\n\n\n\n<p class=\"wp-block-paragraph\">Adem\u00e1s, se hizo una intervenci\u00f3n en la plaza Lerdo donde se dibujaron 160 casas para representar las 160 familias que tienen a una mujer, adolescente o ni\u00f1a desaparecida en la entidad Veracruzana.<\/p>\n\n\n\n<h2 class=\"wp-block-heading\" id=\"alertas-de-genero\"><strong>Alertas de g\u00e9nero<\/strong><\/h2>\n\n\n\n<p class=\"wp-block-paragraph\">Veracruz es la \u00fanica entidad del pa\u00eds que cuenta con dos Alertas de G\u00e9nero, la primera de ellas por Violencia de G\u00e9nero Contra las Mujeres y la segunda por Agravio Comparado por discriminaci\u00f3n normativa en derechos sexuales y reproductivos.<\/p>\n\n\n\n<p class=\"wp-block-paragraph\">Sin embargo, ante la desaparici\u00f3n de cientos durante la pandemia se solicit\u00f3 una tercera alerta de G\u00e9nero para Veracruz, por desapariciones de ni\u00f1as, adolescentes y mujeres mayores de edad.<\/p>\n\n\n\n<p class=\"wp-block-paragraph\">Organizaciones feministas y defensoras de derechos humanos demandaron la tercera declaratoria de alerta de violencia de g\u00e9nero por desaparici\u00f3n de mujeres en el estado de Veracruz, en raz\u00f3n del grave contexto criminal de violencia feminicida y el alarmante aumento de desapariciones de ni\u00f1as, adolescentes y mujeres.<\/p>\n\n\n\n<p class=\"wp-block-paragraph\">Los municipios con mayor n\u00famero de casos registrados son Coatzacoalcos, C\u00f3rdoba, Poza Rica, Veracruz y Xalapa, donde la mayor\u00eda son menores de 17 a\u00f1os.<\/p>\n\n\n\n<p class=\"wp-block-paragraph\">Las agrupaciones Sociedad Civil Colectivo Feminista Cihuatlahtolli; Piensa, Act\u00faa y Sorprende; Justicia, Derechos Humanos y G\u00e9nero, as\u00ed como el Instituto Mexicano de Derechos Humanos y Democracia acusaron que ni a pol\u00edtica p\u00fablica estatal ni las instituciones creadas a efecto de atender este terrible flagelo cuentan con un enfoque diferenciado para la b\u00fasqueda e investigaci\u00f3n.<\/p>\n\n\n\n<p class=\"wp-block-paragraph\">No obstante el incremento de desapariciones que tan solo en el primer trimestre del 2022 suman 319 mujeres ausentes el Instituto Veracruzano de las Mujeres declar\u00f3 que la solicitud hab\u00eda sido desechada por haber sido agregada.<\/p>\n\n\n\n<p class=\"wp-block-paragraph\">En un pronunciamiento conjunto hace casi tres a\u00f1os, el pasado 15 de mayo del 2019, la Comisi\u00f3n Nacional para Prevenir y Erradicar la Violencia Contra las Mujeres (Conavim) emiti\u00f3 un acuerdo de admisi\u00f3n, en el que declara acumulaci\u00f3n con la primera alerta de violencia de g\u00e9nero contra las mujeres decretada en el estado en 2016, argumentando que se trata de los mismos hechos, sin que establezcan acciones y recomendaciones espec\u00edficas para hacer frente a la desaparici\u00f3n de ni\u00f1as y mujeres en la entidad.<\/p>\n\n\n\n<p class=\"wp-block-paragraph\">SEM-BPN<\/p>\n","protected":false},"excerpt":{"rendered":"<p>Registran m\u00e1s desapariciones Coatzacoalcos, C\u00f3rdoba, Poza Rica, Veracruz y Xalapa<\/p>\n","protected":false},"author":3,"featured_media":48947,"comment_status":"open","ping_status":"open","sticky":false,"template":"","format":"standard","meta":{"_monsterinsights_skip_tracking":false,"footnotes":""},"categories":[693,54],"tags":[],"class_list":["post-48946","post","type-post","status-publish","format-standard","has-post-thumbnail","category-693","category-mujeres"],"_links":{"self":[{"href":"https:\/\/redsemlac.com\/semmexico\/wp-json\/wp\/v2\/posts\/48946","targetHints":{"allow":["GET"]}}],"collection":[{"href":"https:\/\/redsemlac.com\/semmexico\/wp-json\/wp\/v2\/posts"}],"about":[{"href":"https:\/\/redsemlac.com\/semmexico\/wp-json\/wp\/v2\/types\/post"}],"author":[{"embeddable":true,"href":"https:\/\/redsemlac.com\/semmexico\/wp-json\/wp\/v2\/users\/3"}],"replies":[{"embeddable":true,"href":"https:\/\/redsemlac.com\/semmexico\/wp-json\/wp\/v2\/comments?post=48946"}],"version-history":[{"count":0,"href":"https:\/\/redsemlac.com\/semmexico\/wp-json\/wp\/v2\/posts\/48946\/revisions"}],"wp:featuredmedia":[{"embeddable":true,"href":"https:\/\/redsemlac.com\/semmexico\/wp-json\/wp\/v2\/media\/48947"}],"wp:attachment":[{"href":"https:\/\/redsemlac.com\/semmexico\/wp-json\/wp\/v2\/media?parent=48946"}],"wp:term":[{"taxonomy":"category","embeddable":true,"href":"https:\/\/redsemlac.com\/semmexico\/wp-json\/wp\/v2\/categories?post=48946"},{"taxonomy":"post_tag","embeddable":true,"href":"https:\/\/redsemlac.com\/semmexico\/wp-json\/wp\/v2\/tags?post=48946"}],"curies":[{"name":"wp","href":"https:\/\/api.w.org\/{rel}","templated":true}]}}