{"id":48931,"date":"2022-04-25T14:13:32","date_gmt":"2022-04-25T20:13:32","guid":{"rendered":"https:\/\/redsemlac.com\/semmexico\/?p=48931"},"modified":"2023-07-21T19:02:58","modified_gmt":"2023-07-22T00:02:58","slug":"exigen-justicia-por-victimas-de-feminicidio-y-desaparecidas-en-diversos-estados-del-pais","status":"publish","type":"post","link":"https:\/\/redsemlac.com\/semmexico\/exigen-justicia-por-victimas-de-feminicidio-y-desaparecidas-en-diversos-estados-del-pais\/","title":{"rendered":"Exigen justicia por v\u00edctimas de feminicidio y desaparecidas en diversos estados del pa\u00eds"},"content":{"rendered":"\n<ul class=\"wp-block-list\"><li><strong> Ciudad de M\u00e9xico, Quintana Roo, Oaxaca, Tamaulipas, Chiapas y Nuevo Le\u00f3n, entre otras entidades realizaron marchas<\/strong><\/li><\/ul>\n\n\n\n<ul class=\"wp-block-list\"><li><strong>Hay muchas v\u00edctimas sin los reflectores de los medios, piden familias que se les tome en cuenta<\/strong><\/li><\/ul>\n\n\n\n<p class=\"wp-block-paragraph\"><strong>Mar\u00eda Luna<\/strong><\/p>\n\n\n\n<p class=\"wp-block-paragraph\">SemM\u00e9xico, Cd. de M\u00e9xico, 25 de abril, 2022.- Mujeres de colectivos feministas y familias de mujeres v\u00edctimas de feminicidio y desaparici\u00f3n realizaron marchas de protesta en diversos estados del pa\u00eds para exigir justicia para Debanhi y todas las mujeres asesinadas en el pa\u00eds. Este domingo, cientos de mujeres salieron a protestar en Ciudad de M\u00e9xico, Chetumal, Oaxaca, Cd. Victoria y Nuevo Le\u00f3n, entre otras capitales de los estados del pa\u00eds.<\/p>\n\n\n\n<p class=\"wp-block-paragraph\">En esta ciudad la marcha de este domingo fu multitudinaria. Las mujeres se dividieron en bloques, salieron desde el Monumento a la Revoluci\u00f3n y de ah\u00ed marcharon hacia la Fiscal\u00eda General de Justicia de la Ciudad de M\u00e9xico, donde se encontraron con el cercado de acero donde colocaron cientos de \u201cfichas de mujeres desaparecidas\u201d, le cantaron a Debanhi.<\/p>\n\n\n\n<figure class=\"wp-block-gallery has-nested-images columns-default is-cropped wp-block-gallery-1 is-layout-flex wp-block-gallery-is-layout-flex\">\n<figure class=\"wp-block-image size-large\"><img loading=\"lazy\" decoding=\"async\" width=\"758\" height=\"553\" data-id=\"48942\" src=\"https:\/\/redsemlac.com\/semmexico\/wp-content\/uploads\/2022\/04\/WhatsApp-Image-2022-04-25-at-12.47.48-PM.jpeg\" alt=\"\" class=\"wp-image-48942\"\/><\/figure>\n\n\n\n<figure class=\"wp-block-image size-large\"><img loading=\"lazy\" decoding=\"async\" width=\"960\" height=\"1280\" data-id=\"48941\" src=\"https:\/\/redsemlac.com\/semmexico\/wp-content\/uploads\/2022\/04\/WhatsApp-Image-2022-04-25-at-12.47.24-PM.jpeg\" alt=\"\" class=\"wp-image-48941\"\/><\/figure>\n\n\n\n<figure class=\"wp-block-image size-large\"><img loading=\"lazy\" decoding=\"async\" width=\"1280\" height=\"960\" data-id=\"48940\" src=\"https:\/\/redsemlac.com\/semmexico\/wp-content\/uploads\/2022\/04\/WhatsApp-Image-2022-04-25-at-12.46.59-PM.jpeg\" alt=\"\" class=\"wp-image-48940\"\/><\/figure>\n<figcaption class=\"blocks-gallery-caption\"><strong><em>Fotos: CITLALLI LOPEZ<\/em><\/strong><\/figcaption><\/figure>\n\n\n\n<p class=\"wp-block-paragraph\">Otras con distintivo morados salieron de la Estela de Luz y del monumento De las mujeres que luchan. Finalmente, en el z\u00f3calo hicieron un mitin. El recuento fue extenso de mujeres desaparecidas recientemente y hasta por varios a\u00f1os sin que sus familias tengan noticias de ellas.<\/p>\n\n\n\n<h2 class=\"wp-block-heading\" id=\"senor-senora-no-sea-indiferente-se-mata-a-las-mujeres-en-la-cara-de-la-gente\"><strong>\u00a1Se\u00f1or, se\u00f1ora no sea indiferente, se mata a las mujeres en la cara de la gente!<\/strong><\/h2>\n\n\n\n<p class=\"wp-block-paragraph\">En Quintana Roo, como en Oaxaca, en la marcha se escuch\u00f3 el grito de \u00a1Se\u00f1or, se\u00f1ora no sea indiferente, se mata a las mujeres en la cara de la gente!<\/p>\n\n\n\n<p class=\"wp-block-paragraph\">En la capital de Quintana Roo, Chetumal, diversos colectivos como el Femenil Xtabay Quintana Roo, Red de V\u00edctimas Quintanarroense y de Marea Verde tambi\u00e9n tomaron la calle. En la Antimonumenta instalada frene al Congreso de esa entidad exigieron justicia y parar la violencia machista contra las mujeres.<\/p>\n\n\n\n<p class=\"wp-block-paragraph\">Sobre las desaparecidas, explicaron la gravedad del problema al expresar que, al menos unas 300 no tienen registro en&nbsp; #AlertaAmberQRoo y llamaron de a Quintana Roo, como el #ElParaisoHueleASangre<\/p>\n\n\n\n<p class=\"wp-block-paragraph\">En Oaxaca, se\u00f1ala el reporte de Citlalli L\u00f3pez en su cuenta de Facebook fueron decenas de mujeres las que se manifestaron en la capital de ese estado, donde partieron del emblem\u00e1tico templo de Santo Domingo hacia el z\u00f3calo de la ciudad.<\/p>\n\n\n\n<p class=\"wp-block-paragraph\">Tambi\u00e9n demandaron investigaci\u00f3n por las desaparecidas y los feminicidios, no s\u00f3lo de esta entidad sino de todo el pa\u00eds.<\/p>\n\n\n\n<p class=\"wp-block-paragraph\">Al frente, levantaron letras en donde se le\u00eda la frase Oaxaca Feminicida, las mujeres recorrieron calles principales del Centro Hist\u00f3rico hasta llegar a las oficinas de la Fiscal\u00eda ubicadas en Armenta y L\u00f3pez, para exigir justicia por cada una de las v\u00edctimas, entre ellas Zayra Morales Loyola desaparecida el 23 de octubre de 2020 en Huajuapan de Le\u00f3n.<\/p>\n\n\n\n<p class=\"wp-block-paragraph\">\u201cLa polic\u00eda no se utiliza para buscar a las mujeres, al contrario, ser activista en M\u00e9xico es muy peligroso. Se me quiebra la voz por el dolor del contexto actual, es un dolor muy grande porque al d\u00eda siguiente podr\u00eda ser yo\u201d, expres\u00f3 \u201cAna\u201d de 19 a\u00f1os de edad quien particip\u00f3 en la movilizaci\u00f3n.<\/p>\n\n\n\n<p class=\"wp-block-paragraph\">\u201cVivir en Oaxaca es vivir con temor de no ser libre, de no poder salir a divertirte y regresar con bien a tu casa. La marcha representa ese movimiento, esa voz de las mujeres a las que le quitaron la libertad y la vida\u201d, agreg\u00f3 otra joven.<\/p>\n\n\n\n<figure class=\"wp-block-gallery has-nested-images columns-default is-cropped wp-block-gallery-2 is-layout-flex wp-block-gallery-is-layout-flex\">\n<figure class=\"wp-block-image size-large\"><img loading=\"lazy\" decoding=\"async\" width=\"1152\" height=\"2048\" data-id=\"48939\" src=\"https:\/\/redsemlac.com\/semmexico\/wp-content\/uploads\/2022\/04\/QUINTANA-ROO2.jpeg\" alt=\"\" class=\"wp-image-48939\"\/><\/figure>\n\n\n\n<figure class=\"wp-block-image size-large\"><img loading=\"lazy\" decoding=\"async\" width=\"540\" height=\"960\" data-id=\"48938\" src=\"https:\/\/redsemlac.com\/semmexico\/wp-content\/uploads\/2022\/04\/QUINTANA-ROO.jpeg\" alt=\"\" class=\"wp-image-48938\"\/><\/figure>\n<figcaption class=\"blocks-gallery-caption\"><em><strong>Fotos: Colectivas<\/strong><\/em><\/figcaption><\/figure>\n\n\n\n<p class=\"wp-block-paragraph\">\u201cSer mujer en M\u00e9xico es salir a las calles con el miedo a no regresar, de ser una de esas mujeres que desaparecen al d\u00eda, vivir acoso, vivir abuso. No s\u00f3lo somos violentadas en las calles, tambi\u00e9n es por parte de la fiscal\u00eda que archiva o da carpetazo a nuestros casos\u201d, apunt\u00f3 una estudiante m\u00e1s.<\/p>\n\n\n\n<p class=\"wp-block-paragraph\">El contingente de mujeres se reuni\u00f3 en la explanada de Santo Domingo en donde elaboraron carteles y lanzaron consignas de protesta contra la violencia hacia las mujeres, luego avanzaron en marcha sobre el andador tur\u00edstico llamando a la ciudadan\u00eda a no ser indiferentes con la ola de violencia que est\u00e1n viviendo las mujeres en todo el pa\u00eds.<\/p>\n\n\n\n<p class=\"wp-block-paragraph\">A su paso hacia las oficinas de la fiscal\u00eda, intervinieron paredes en las que nombraron a algunas de las mujeres desaparecidas como la activista Irma Galindo, de igual manera plasmaron manos con pintura roja y demandaron un alto al feminicidio. De igual forma hicieron una parada frente a un restaurante ubicado sobre el andador Macedonio Alcal\u00e1 en donde protestaron por los se\u00f1alamientos de acoso sexual contra uno de los due\u00f1os del lugar.<\/p>\n\n\n\n<p class=\"wp-block-paragraph\">\u201cLas mujeres estamos en peligro todo el tiempo. Yo tengo una hermana de 14 a\u00f1os y me da temor de que salga incluso a la tienda de la esquina de mi casa. Eso tiene que cambiar\u201d.<\/p>\n\n\n\n<h2 class=\"wp-block-heading\" id=\"la-negligencia-impera-en-guerrero\"><strong>La negligencia impera en Guerrero<\/strong><\/h2>\n\n\n\n<p class=\"wp-block-paragraph\">En Chilpancingo, la capital de Guerrero, de acuerdo con el reporte de Abel Miranda de la agencia Ceprovysa, grupos de feministas se manifestaron y exigieron castigo en los casos recientes de violencia de g\u00e9nero contra las mujeres, en espec\u00edfico, por las desapariciones y los feminicidios.<\/p>\n\n\n\n<p class=\"wp-block-paragraph\">Entre las manifestantes destac\u00f3 un grupo de trabajadoras del Ayuntamiento de Chilpancingo que se manifestaron en exigencia del esclarecimiento del caso de su compa\u00f1era Adelina que laboraba en la cl\u00ednica de displasias como intendente y su cuerpo, localizado en la localidad de Xalitla, del municipio de Iguala, presentaba golpes y un disparo de arma de fuego en la cabeza.<\/p>\n\n\n\n<p class=\"wp-block-paragraph\">Otro caso citado fue el de la confusi\u00f3n en la entrega de un cuerpo a una familia de San Marcos que hab\u00eda reportado la desaparici\u00f3n de una jovencita, y que result\u00f3 ser de una joven oriunda de la ciudad de M\u00e9xico y quien desapareci\u00f3 en Acapulco y presuntamente asesinada por un extranjero.<\/p>\n\n\n\n<h2 class=\"wp-block-heading\" id=\"faltan-mas-buscan-a-yolanda-martinez-en-nuevo-leon\"><strong>Faltan m\u00e1s, buscan a Yolanda Mart\u00ednez en Nuevo Le\u00f3n<\/strong><\/h2>\n\n\n\n<p class=\"wp-block-paragraph\">Las mujeres en su protesta hicieron un performance recost\u00e1ndose en el suelo como v\u00edctimas de violencia que, dijeron, de una u otra forma han sido.<\/p>\n\n\n\n<p class=\"wp-block-paragraph\">Monterrey, Nuevo Le\u00f3n, no fue la excepci\u00f3n. El viernes pasado se realiz\u00f3 la primera marcha, luego de conocerse que hab\u00eda sido localizado el cuerpo de la joven Debanhi Escobar, que hab\u00eda estado desaparecida 13 d\u00edas y cuyos hechos llevaron a poner a esa entidad en el ojo p\u00fablico nacional.<\/p>\n\n\n\n<p class=\"wp-block-paragraph\">Su madre y su padre, Dolores y Felipe, hab\u00eda estado buscando, \u201cpeinaron\u201d la zona alrededor del kil\u00f3metro 15.5 de la carretera a Nuevo Laredo en busca de la joven estudiante de 18 a\u00f1os durante d\u00edas.<\/p>\n\n\n\n<p class=\"wp-block-paragraph\">Recriminaron que como resultado de la b\u00fasqueda de la familia de Debanhi hab\u00edan sido localizados otros cinco cuerpos de mujeres en la misma zona. \u201cNo las buscan\u201d fue la sentencia social a las autoridades de Nuevo Le\u00f3n que lastimosamente emitieron diversos y desatinados comentarios.<\/p>\n\n\n\n<p class=\"wp-block-paragraph\">Ayer domingo, volvieron a las calles diversos grupos de mujeres, encabezados por familiares de otras mujeres desaparecidas. Despu\u00e9s de una misa, los colectivos y familiares caminaron por diversas calles de la urbe regiomontana hasta llegar al Palacio de Gobierno.<\/p>\n\n\n\n<p class=\"wp-block-paragraph\">Tambi\u00e9n en Monterrey han surgido a la luz p\u00fablica otras b\u00fasquedas con menos reflectores. Uno de ellos el de Yolanda Mart\u00ednez Cadena, de 26 a\u00f1os de edad, quien desapareci\u00f3 desde el 31 de marzo pasado, cuando sali\u00f3 a casa de su abuela en San Nicol\u00e1s de la Garza.<\/p>\n\n\n\n<p class=\"wp-block-paragraph\">Su padre Gerardo Mart\u00ednez no se ha detenido en la b\u00fasqueda a pesar de los obst\u00e1culos que ha encontrado en su camino. Su imagen tambi\u00e9n estuvo en la marcha.<\/p>\n\n\n\n<figure class=\"wp-block-image size-full\"><a href=\"https:\/\/redsemlac.com\/semmexico\/wp-content\/uploads\/2022\/04\/ficha-1.jpg\"><img loading=\"lazy\" decoding=\"async\" width=\"800\" height=\"600\" src=\"https:\/\/redsemlac.com\/semmexico\/wp-content\/uploads\/2022\/04\/ficha-1.jpg\" alt=\"\" class=\"wp-image-48936\"\/><\/a><\/figure>\n\n\n\n<h2 class=\"wp-block-heading\" id=\"en-tamaulipas-recuerdan-a-yamihah-izamary-medina\"><strong>En Tamaulipas recuerdan a Yamihah Izamary Medina<\/strong><\/h2>\n\n\n\n<p class=\"wp-block-paragraph\">En Ciudad Victoria, Tamaulipas mujeres exigieron justicia para Debanhi Escobar y por todos los feminicidios y desapariciones que han ocurrido en el pa\u00eds, cuya cifra real \u2013dijeron- se desconoce.<\/p>\n\n\n\n<p class=\"wp-block-paragraph\">Y recordaron que no ha sido localizada Yamihah Izamary Medina Mart\u00ednez, ni\u00f1a de 15 a\u00f1os. De ella nada se sabe desde el pasado 17 de marzo. Ya no volvi\u00f3 a casa despu\u00e9s de ir a su escuela el CBTIS 24. De acuerdo con la Fiscal\u00eda de esa entidad, ya est\u00e1 siendo buscada por la Interpool.<\/p>\n\n\n\n<p class=\"wp-block-paragraph\">En alguna de las pancartas que portaban se pod\u00eda leer: Si un d\u00eda no vuelvo quemen todo.<\/p>\n\n\n\n<div class=\"wp-block-image\"><figure class=\"aligncenter size-full\"><a href=\"https:\/\/redsemlac.com\/semmexico\/wp-content\/uploads\/2022\/04\/ficha-2.png\"><img loading=\"lazy\" decoding=\"async\" width=\"523\" height=\"693\" src=\"https:\/\/redsemlac.com\/semmexico\/wp-content\/uploads\/2022\/04\/ficha-2.png\" alt=\"\" class=\"wp-image-48937\"\/><\/a><\/figure><\/div>\n\n\n\n<h2 class=\"wp-block-heading\" id=\"chiapas-vivimos-una-guerra-no-declarada-contra-las-mujeres\"><strong>Chiapas: vivimos una guerra no declarada contra las mujeres<\/strong><\/h2>\n\n\n\n<p class=\"wp-block-paragraph\">En la capital chiapaneca, la protesta puso sobre relieve que en lo que va de este a\u00f1o se han registrado 55 muertes violentas, siete feminicidios en grado de tentativa y al menos 69 mujeres y ni\u00f1as est\u00e1n desaparecidas.<\/p>\n\n\n\n<p class=\"wp-block-paragraph\">De acuerdo con la periodista Gabriela Couti\u00f1o, las mujeres marcharon vestidas de negro marcharon para recordar el permanente luto que se vive, porque cada d\u00eda diez mujeres son asesinadas en M\u00e9xico o desaparecen para siempre; parti\u00f3 del parque Nosotras en la zona poniente de la ciudad a la plaza central donde se ubica la sede del poder ejecutivo.<\/p>\n\n\n\n<p class=\"wp-block-paragraph\">\u201cJusticia, justicia, justicia\u201d, \u201cNo estamos solas\u201d, \u201cNo m\u00e1s impunidad\u201d, \u201cNos falta Debanhi\u201d, \u201cNi una m\u00e1s, ni una asesinada m\u00e1s\u201d, \u201cLa polic\u00eda no me cuida, me cuidan mis amigas\u201d, \u201cNo las olvidamos\u201d, el contingente avanz\u00f3 sobre la avenida principal.<\/p>\n\n\n\n<figure class=\"wp-block-gallery has-nested-images columns-default is-cropped wp-block-gallery-3 is-layout-flex wp-block-gallery-is-layout-flex\">\n<figure class=\"wp-block-image size-large\"><img loading=\"lazy\" decoding=\"async\" width=\"1600\" height=\"1200\" data-id=\"48935\" src=\"https:\/\/redsemlac.com\/semmexico\/wp-content\/uploads\/2022\/04\/CHIAPAS-3.jpeg\" alt=\"\" class=\"wp-image-48935\"\/><\/figure>\n\n\n\n<figure class=\"wp-block-image size-large\"><img loading=\"lazy\" decoding=\"async\" width=\"1600\" height=\"1200\" data-id=\"48934\" src=\"https:\/\/redsemlac.com\/semmexico\/wp-content\/uploads\/2022\/04\/CHIAPAS-2.jpeg\" alt=\"\" class=\"wp-image-48934\"\/><\/figure>\n\n\n\n<figure class=\"wp-block-image size-large\"><img loading=\"lazy\" decoding=\"async\" width=\"1600\" height=\"1200\" data-id=\"48933\" src=\"https:\/\/redsemlac.com\/semmexico\/wp-content\/uploads\/2022\/04\/CHIAPAS-1.jpeg\" alt=\"\" class=\"wp-image-48933\"\/><\/figure>\n<figcaption class=\"blocks-gallery-caption\"><strong><em>Fotos: GABRIELA COUTI\u00d1O<\/em><\/strong><\/figcaption><\/figure>\n\n\n\n<p class=\"wp-block-paragraph\">Katia Aguiar de la Colectiva Asamblea de Mujeres Tuxtla, se\u00f1al\u00f3 que esta es una guerra declarada contra las mujeres, adem\u00e1s que la alerta de violencia de g\u00e9nero, no funciona, porque de enero a la fecha, dijo, Chiapas ha registrado 55 muertes violentas de mujeres, 7 feminicidios en grado de tentativa, se tienen 69 mujeres y ni\u00f1as desaparecidas, 106 denuncias de violencia y 38 casos de violencia sexual.<\/p>\n\n\n\n<p class=\"wp-block-paragraph\">La Colectiva Tuxtla de la Diosas, que impulsa la campa\u00f1a \u201cFuna tu antro\u201d, est\u00e1 registrando por su lado, la violencia que se comete en las noches en bares, restaurantes, cafeter\u00edas, donde las mujeres que acuden a divertirse, o son grabadas en los ba\u00f1os, o les colocan sustancias en sus bebidas; todo esto con el consentimiento de los due\u00f1os.<\/p>\n\n\n\n<p class=\"wp-block-paragraph\">Nora Margarita Zenteno , madre de la doctora Paulina G\u00f3mez Zenteno asesinada hace m\u00e1s de 2 a\u00f1os en Tuxtla Guti\u00e9rrez, denunci\u00f3 que el caso de su hija sigue impune y que el asesino est\u00e1 libre.<\/p>\n\n\n\n<p class=\"wp-block-paragraph\">\u201cLa Fiscal\u00eda del estado no resuelve, no hay justicia, ni siquiera ha requerido a quien fue su pareja, el presunto feminicida\u201d, acus\u00f3.<\/p>\n\n\n\n<p class=\"wp-block-paragraph\">En la manifestaci\u00f3n participaron integrante del gremio de rescatistas y animalistas que exigieron justicia por el feminicidio de Adriana Vera, asesinada por su pareja en Chiapa de Corzo.<\/p>\n\n\n\n<p class=\"wp-block-paragraph\">Para finalizar, las manifestantes colocaron sobre una valla de madera en el acceso principal del palacio de gobierno, cruces, mo\u00f1os amarillos y cartulinas con los nombres de mujeres asesinadas en Chiapas.<\/p>\n\n\n\n<p class=\"wp-block-paragraph\">Estas marchas, donde el morado fue el color que predomin\u00f3, se extendieron por todo el pa\u00eds.<\/p>\n\n\n\n<p class=\"wp-block-paragraph\">SEM\/sj<\/p>\n","protected":false},"excerpt":{"rendered":"<p>Hay muchas v\u00edctimas sin los reflectores de los medios, piden familias que se les tome en cuenta<\/p>\n","protected":false},"author":3,"featured_media":48942,"comment_status":"open","ping_status":"open","sticky":false,"template":"","format":"standard","meta":{"_monsterinsights_skip_tracking":false,"footnotes":""},"categories":[693,54],"tags":[149],"class_list":["post-48931","post","type-post","status-publish","format-standard","has-post-thumbnail","category-693","category-mujeres","tag-mujeres"],"_links":{"self":[{"href":"https:\/\/redsemlac.com\/semmexico\/wp-json\/wp\/v2\/posts\/48931","targetHints":{"allow":["GET"]}}],"collection":[{"href":"https:\/\/redsemlac.com\/semmexico\/wp-json\/wp\/v2\/posts"}],"about":[{"href":"https:\/\/redsemlac.com\/semmexico\/wp-json\/wp\/v2\/types\/post"}],"author":[{"embeddable":true,"href":"https:\/\/redsemlac.com\/semmexico\/wp-json\/wp\/v2\/users\/3"}],"replies":[{"embeddable":true,"href":"https:\/\/redsemlac.com\/semmexico\/wp-json\/wp\/v2\/comments?post=48931"}],"version-history":[{"count":0,"href":"https:\/\/redsemlac.com\/semmexico\/wp-json\/wp\/v2\/posts\/48931\/revisions"}],"wp:featuredmedia":[{"embeddable":true,"href":"https:\/\/redsemlac.com\/semmexico\/wp-json\/wp\/v2\/media\/48942"}],"wp:attachment":[{"href":"https:\/\/redsemlac.com\/semmexico\/wp-json\/wp\/v2\/media?parent=48931"}],"wp:term":[{"taxonomy":"category","embeddable":true,"href":"https:\/\/redsemlac.com\/semmexico\/wp-json\/wp\/v2\/categories?post=48931"},{"taxonomy":"post_tag","embeddable":true,"href":"https:\/\/redsemlac.com\/semmexico\/wp-json\/wp\/v2\/tags?post=48931"}],"curies":[{"name":"wp","href":"https:\/\/api.w.org\/{rel}","templated":true}]}}