{"id":48927,"date":"2022-04-25T11:09:03","date_gmt":"2022-04-25T17:09:03","guid":{"rendered":"https:\/\/redsemlac.com\/semmexico\/?p=48927"},"modified":"2023-07-21T19:02:58","modified_gmt":"2023-07-22T00:02:58","slug":"descubre-cndh-el-hilo-negro-pide-acciones-para-atender-la-violencia-contra-las-mujeres","status":"publish","type":"post","link":"https:\/\/redsemlac.com\/semmexico\/descubre-cndh-el-hilo-negro-pide-acciones-para-atender-la-violencia-contra-las-mujeres\/","title":{"rendered":"Descubre CNDH el hilo negro: pide acciones para atender la violencia contra las mujeres"},"content":{"rendered":"\n<ul class=\"wp-block-list\"><li>Sostiene que muchas tareas est\u00e1n pendientes<\/li><li>Pide retomar la Recomendaci\u00f3n General 43\/2020, emitida en noviembre de 2020 por la CNDH<\/li><\/ul>\n\n\n\n<p class=\"wp-block-paragraph\">SemM\u00e9xico, Cd. de M\u00e9xico, 25 de abril, 2022.- En lo suyo. La Comisi\u00f3n Nacional de los Derechos Humanos (CNDH) exhorta al Estado mexicano, a trav\u00e9s de las autoridades de todos los \u00f3rdenes de gobierno, a sumar esfuerzos para llevar a cabo acciones de manera inmediata, que permitan atender la violencia de g\u00e9nero, el feminicidio y las desapariciones de mujeres y ni\u00f1as, esto luego de la desaparici\u00f3n y asesinato de Debanhi en Nuevo Le\u00f3n.<\/p>\n\n\n\n<p class=\"wp-block-paragraph\">En un comunicado, la CNDH propone, adem\u00e1s, formular pol\u00edticas p\u00fablicas encaminadas a la prevenci\u00f3n de estas; as\u00ed como para la atenci\u00f3n integral de la violencia como un flagelo que nos lastima a todas y todos, que se ve agravado por la impunidad y la corrupci\u00f3n, tal y como lo planteamos en la Recomendaci\u00f3n General 43\/2020, de esto hace ya m\u00e1s de un a\u00f1o.<\/p>\n\n\n\n<p class=\"wp-block-paragraph\">La situaci\u00f3n que se viv\u00eda en esos momentos en todo el territorio nacional era apremiante. Hoy, lo sigue siendo lamentablemente, de tal suerte que la violencia de g\u00e9nero que viven ni\u00f1as y mujeres en el pa\u00eds debe ser reconocida como una prioridad en la agenda nacional, ya que esta genera la expresi\u00f3n m\u00e1s detestable como lo son los feminicidios y tambi\u00e9n las desapariciones.<\/p>\n\n\n\n<p class=\"wp-block-paragraph\">Y en ello es preciso involucrarnos todas y todos, autoridades desde luego, organismos defensores de derechos humanos, organismos de la sociedad civil, y la sociedad en general, inmersos en una verdadera crisis de valores que no ha logrado superar prejuicios machistas, de discriminaci\u00f3n y desprecio por la vida que solo lograremos detener con su castigo y persecuci\u00f3n legal.<\/p>\n\n\n\n<h2 class=\"wp-block-heading\" id=\"prevencion-del-feminicidio\">Prevenci\u00f3n del feminicidio<\/h2>\n\n\n\n<p class=\"wp-block-paragraph\">El organismo defensor de los derechos humanos, se\u00f1ala que feminicidio es un problema complejo en todo el pa\u00eds que viene de muchos a\u00f1os; por eso es necesario abordarlo con acciones preventivas y de acci\u00f3n oportuna, pues, para salvaguardar la vida y la integridad f\u00edsica de las mujeres y ni\u00f1as, es menester trabajar desde el hogar, desde la escuela y los centros de trabajo, privilegiando la vigencia y el respeto de sus derechos humanos como un principio de la democracia y la convivencia social.<\/p>\n\n\n\n<p class=\"wp-block-paragraph\">Se suma, dice, al reclamo de la ciudadan\u00eda, de las organizaciones de la sociedad civil, de organizaciones no gubernamentales internacionales, de los organismos internacionales y de los \u00f3rganos de los tratados para que el derecho a la verdad, a la justicia y a las garant\u00edas de no repetici\u00f3n por violencia de g\u00e9nero, feminicidios y desapariciones sean una realidad en el pa\u00eds.<\/p>\n\n\n\n<h2 class=\"wp-block-heading\" id=\"muchas-son-las-tareas-pendientes\">Muchas son las tareas pendientes.<\/h2>\n\n\n\n<p class=\"wp-block-paragraph\">Es necesario revisar las Alertas de Violencia de G\u00e9nero, que se cuente con mecanismos eficientes para investigar y sancionar a las autoridades que no realizan su obligaci\u00f3n de proteger a las mujeres y ni\u00f1as. Son necesarios planes de coordinaci\u00f3n entre las diferentes dependencias del \u00e1mbito municipal, estatal y federal para cuando sea necesaria en favor de las v\u00edctimas y de sus familiares.<\/p>\n\n\n\n<p class=\"wp-block-paragraph\">Es, desde luego indispensable, la capacitaci\u00f3n del personal ministerial, as\u00ed como la formaci\u00f3n integral de personal pericial y policial con perspectiva de g\u00e9nero, as\u00ed como la generaci\u00f3n de herramientas que eviten la revictimizaci\u00f3n; contar con acciones oportunas a trav\u00e9s del seguimiento de protocolos de atenci\u00f3n diferenciados y con una perspectiva interseccional. Porque no podemos permitir que esto siga ocurriendo en el pa\u00eds, y la responsabilidad es de todas y todos.<\/p>\n\n\n\n<p class=\"wp-block-paragraph\">Reiteramos la necesidad de generar un cambio cultural que nos permita la reconstrucci\u00f3n social, y tomar como una hoja de ruta la Recomendaci\u00f3n General 43\/2020, emitida en noviembre de 2020 por la CNDH por violaciones al acceso a la justicia e insuficiencia en la aplicaci\u00f3n de pol\u00edticas p\u00fablicas en la prevenci\u00f3n y atenci\u00f3n a v\u00edctimas de feminicidios y otras violencias, un instrumento que plantea herramientas para consolidar mecanismos de coordinaci\u00f3n para implementar estrategias que abonen hacia la construcci\u00f3n de una sociedad y Estado, que prevengan y atiendan la violencia contra las mujeres y ni\u00f1as en todos los aspectos.<\/p>\n\n\n\n<p class=\"wp-block-paragraph\">La protecci\u00f3n de los derechos humanos debe ser conducida de manera integral, de tal suerte que mujeres, hombres, comunidad LGBTTTI+, personas con discapacidad, personas ind\u00edgenas y afrodescendientes, podamos vivir y convivir en igualdad, en armon\u00eda y en paz.<\/p>\n\n\n\n<p class=\"wp-block-paragraph\">Esta Comisi\u00f3n Nacional no olvida que la causa esgrimida por las colectivas para la toma de sus instalaciones en la calle de Rep\u00fablica de Cuba, fue la desatenci\u00f3n de los feminicidios y las desapariciones en el pa\u00eds. Por ello, no solo procur\u00f3 atender sus demandas, sino que emiti\u00f3 con ellas la Recomendaci\u00f3n General 43\/2020 que hoy m\u00e1s que nunca es un referente obligado para mejorar las pol\u00edticas p\u00fablicas que permitan abordar la problem\u00e1tica con mucha mayor eficacia. Adicionalmente, trabaja ya en un esquema para atender a las v\u00edctimas desde esas oficinas, que ser\u00e1 un modelo de atenci\u00f3n a v\u00edctimas, y muy en especial de las mujeres que requieran la defensa y protecci\u00f3n de sus derechos.<\/p>\n\n\n\n<p class=\"wp-block-paragraph\">La CNDH espera de las autoridades la atenci\u00f3n que cada caso de desaparici\u00f3n de mujeres y ni\u00f1as o de feminicidio amerita, y las exhorta respetuosamente para que sean atendidos con atingencia, con profesionalismo y prontitud, comprometiendo todos sus esfuerzos para hacerlo.<\/p>\n\n\n\n<p class=\"wp-block-paragraph\">No hay prioridad mayor para un Estado democr\u00e1tico de derecho que el goce de los derechos humanos para todas y todos.<\/p>\n\n\n\n<p class=\"wp-block-paragraph\">En la lucha por la vigencia de los plenos derechos de las ni\u00f1as y mujeres del pa\u00eds no podemos cejar, y lo haremos hasta que se convierta en una realidad.<\/p>\n\n\n\n<p class=\"wp-block-paragraph\">SEM\/sj<\/p>\n","protected":false},"excerpt":{"rendered":"<p>Sostiene que muchas tareas est\u00e1n pendientes<\/p>\n","protected":false},"author":3,"featured_media":35480,"comment_status":"open","ping_status":"open","sticky":false,"template":"","format":"standard","meta":{"_monsterinsights_skip_tracking":false,"footnotes":""},"categories":[693,51],"tags":[],"class_list":["post-48927","post","type-post","status-publish","format-standard","has-post-thumbnail","category-693","category-ejecutivo"],"_links":{"self":[{"href":"https:\/\/redsemlac.com\/semmexico\/wp-json\/wp\/v2\/posts\/48927","targetHints":{"allow":["GET"]}}],"collection":[{"href":"https:\/\/redsemlac.com\/semmexico\/wp-json\/wp\/v2\/posts"}],"about":[{"href":"https:\/\/redsemlac.com\/semmexico\/wp-json\/wp\/v2\/types\/post"}],"author":[{"embeddable":true,"href":"https:\/\/redsemlac.com\/semmexico\/wp-json\/wp\/v2\/users\/3"}],"replies":[{"embeddable":true,"href":"https:\/\/redsemlac.com\/semmexico\/wp-json\/wp\/v2\/comments?post=48927"}],"version-history":[{"count":0,"href":"https:\/\/redsemlac.com\/semmexico\/wp-json\/wp\/v2\/posts\/48927\/revisions"}],"wp:featuredmedia":[{"embeddable":true,"href":"https:\/\/redsemlac.com\/semmexico\/wp-json\/wp\/v2\/media\/35480"}],"wp:attachment":[{"href":"https:\/\/redsemlac.com\/semmexico\/wp-json\/wp\/v2\/media?parent=48927"}],"wp:term":[{"taxonomy":"category","embeddable":true,"href":"https:\/\/redsemlac.com\/semmexico\/wp-json\/wp\/v2\/categories?post=48927"},{"taxonomy":"post_tag","embeddable":true,"href":"https:\/\/redsemlac.com\/semmexico\/wp-json\/wp\/v2\/tags?post=48927"}],"curies":[{"name":"wp","href":"https:\/\/api.w.org\/{rel}","templated":true}]}}