{"id":48913,"date":"2022-04-24T13:15:02","date_gmt":"2022-04-24T19:15:02","guid":{"rendered":"https:\/\/redsemlac.com\/semmexico\/?p=48913"},"modified":"2023-07-21T19:02:58","modified_gmt":"2023-07-22T00:02:58","slug":"la-paridad-no-es-suficiente-solamente-es-el-camino-para-lograr-la-igualdad-sustantiva-georgina-cardenas-acotas","status":"publish","type":"post","link":"https:\/\/redsemlac.com\/semmexico\/la-paridad-no-es-suficiente-solamente-es-el-camino-para-lograr-la-igualdad-sustantiva-georgina-cardenas-acotas\/","title":{"rendered":"La paridad no es suficiente, solamente es el camino para lograr la igualdad sustantiva: Georgina C\u00e1rdenas Acotas"},"content":{"rendered":"\n<p class=\"wp-block-paragraph\">\u201cEl camino de la paridad legislativa en el Congreso del Estado de Veracruz\u201d, se presenta en San L\u00e1zaro<\/p>\n\n\n\n<p class=\"wp-block-paragraph\">Para lograr una real igualdad entre mujeres y hombres se necesita construir una democracia paritaria: diputada Ortega De La Cruz<\/p>\n\n\n\n<p class=\"wp-block-paragraph\">&nbsp;Libertad L\u00f3pez<\/p>\n\n\n\n<p class=\"wp-block-paragraph\">SemM\u00e9xico, Cd. de M\u00e9xico, 24 de abril, 2022.- La secretaria de la Mesa Directiva de la C\u00e1mara de la Igualdad y La Inclusi\u00f3n, la emecista Jessica Mar\u00eda Guadalupe Ortega De La Cruz afirm\u00f3 que para lograr la igualdad de g\u00e9nero es necesario construir democracia paritaria desde los colectivos y los espacios de incidencia.<\/p>\n\n\n\n<p class=\"wp-block-paragraph\">Eso lo dijo en la presentaci\u00f3n del libro \u201cEl camino de la paridad legislativa en el Congreso del Estado de Veracruz\u201d, escrito por M\u00f3nica Mendoza Madrigal. La reuni\u00f3n fue organizada por el Espacio Cultural San L\u00e1zaro, a cargo de la Secretar\u00eda General de la C\u00e1mara de Diputados y en el marco de \u201cVeracruz en San L\u00e1zaro. Esplendor del Golfo de M\u00e9xico\u201d.<\/p>\n\n\n\n<p class=\"wp-block-paragraph\">Ortega de la Cruz mencion\u00f3 que esta obra es de consulta obligada para conocer y entender la participaci\u00f3n pol\u00edtica de las mujeres a lo largo de los a\u00f1os.&nbsp;<\/p>\n\n\n\n<p class=\"wp-block-paragraph\">A\u00f1adi\u00f3 que la lucha por los derechos de las mujeres dio paso a que hoy la C\u00e1mara federal est\u00e9 conformada por 251 legisladoras; sin embargo, reconoci\u00f3 que se tienen deudas tales como erradicar la violencia pol\u00edtica y las vulneraciones a las que se enfrentan las mujeres, as\u00ed como garantizar que se defiendan sus derechos.<\/p>\n\n\n\n<p class=\"wp-block-paragraph\">Por su parte la diputada del verde ecologista, Mar\u00eda del Carmen Pinete Vargas consider\u00f3 necesario se\u00f1alar que en esta legislatura se logr\u00f3 por primera vez la paridad, con 251 mujeres, lo que obedece, dijo, a una realidad nacional, pero m\u00e1s all\u00e1 de n\u00fameros, destac\u00f3 que la labor de las mujeres es esencial para el desarrollo del pa\u00eds.<\/p>\n\n\n\n<p class=\"wp-block-paragraph\">La diputada priista Lorena Pi\u00f1\u00f3n Rivera coment\u00f3 que es importante defender y ayudarse entre mujeres. \u201cEste libro es un gran ejemplo de las cosas que s\u00ed tenemos que hacer, de lo que tenemos que ponderar y apoyarnos como hermanas que somos sin importar el tema partidista y desde la trinchera en la que nos encontremos\u201d.<\/p>\n\n\n\n<p class=\"wp-block-paragraph\">La diputada de Morena, M\u00f3nica Herrera Villavicencio, dijo que debe asumirse el compromiso para que cada quien desde la trinchera en que se desempe\u00f1e contribuya a construir un pa\u00eds m\u00e1s igualitario en el que el esfuerzo de las mujeres que realizan labor legislativa sea reconocido.&nbsp;<\/p>\n\n\n\n<p class=\"wp-block-paragraph\">En la reuni\u00f3n la directora de Bibliotecas y Archivo de la C\u00e1mara de Diputados, Mar\u00eda V\u00e1zquez Valdez, se\u00f1al\u00f3 que el pr\u00f3logo del libro se resalta que esta obra es una aportaci\u00f3n de historia, un testimonio de nuestro tiempo y un mensaje proyectado al futuro, adem\u00e1s sus p\u00e1ginas son un acto de justicia a las mujeres para que sean identificadas por su nombre y apellidos.&nbsp;<\/p>\n\n\n\n<p class=\"wp-block-paragraph\">Por su parte, la autora del libro, M\u00f3nica Mendoza Madrigal, coment\u00f3 que su trabajo busca promover la pol\u00edtica de igualdad en el \u00e1mbito legislativo, no s\u00f3lo de las mujeres veracruzanas, sino de todo el pa\u00eds. Agreg\u00f3 que contar la historia de las diputadas locales de esta regi\u00f3n es un deber y deuda porque las mujeres no han sido reconocidas por la historia.&nbsp;<\/p>\n\n\n\n<p class=\"wp-block-paragraph\">Record\u00f3 a Irene Bourel Peralta, la primera diputada federal veracruzana elegida para el trienio 1961 a 1964, por ser la pionera en llegar a la vicepresidenta en un congreso, en toda Am\u00e9rica Latina.<\/p>\n\n\n\n<p class=\"wp-block-paragraph\">Luego destac\u00f3 que \u201chaber construido la paridad ha costado m\u00e1s de 60 a\u00f1os y es gracias a la lucha de las mujeres mexicanas\u201d.&nbsp;<\/p>\n\n\n\n<p class=\"wp-block-paragraph\">Por su parte, la doctora Georgina C\u00e1rdenas Acosta, directora de sociolog\u00eda en la ENEP de Arag\u00f3n, especialista en procesos electorales&nbsp; detall\u00f3 &nbsp;que la paridad &nbsp;busca compartir &nbsp;el poder entre mujeres y hombres, sin embargo, destac\u00f3 &nbsp;es necesario &nbsp;reconocer que todav\u00eda la paridad no es suficiente, sino que es el camino para lograr la igualdad sustantiva, es decir real y en la vida cotidiana y sentenci\u00f3: &nbsp;\u201cMientras la logramos, todas las personas que estamos aqu\u00ed sigamos en la lucha para erradicar todas las brechas de desigualdad\u201d.&nbsp;<\/p>\n\n\n\n<p class=\"wp-block-paragraph\">Norma Esthela Pimentel M\u00e9ndez, activista, reconoci\u00f3 la labor de la autora, al se\u00f1alar que elaborar un libro no es cosa f\u00e1cil, porque las cargas sociales y los estereotipos no se han acabado, a pesar de tener una ley general que promueve la igualdad entre mujeres y hombres, como mandatos y sentencias internacionales, no significa que la sociedad haya cambiado y su visi\u00f3n trastocada.&nbsp;<\/p>\n\n\n\n<p class=\"wp-block-paragraph\">Mar\u00eda Magdalena Sam Bautista, antrop\u00f3loga, expres\u00f3 que esta obra marcar\u00e1 un precedente en los estudios de perspectiva de g\u00e9nero para el congreso de Veracruz y en el pa\u00eds por estudiar la importante trayectoria e influencia de las diputadas de esta entidad.<\/p>\n\n\n\n<p class=\"wp-block-paragraph\">Josefina Meza Espinoza, presidenta de la Red Nacional de Mujeres Defensoras de la Paridad en Todo, afirm\u00f3 que si en pleno Siglo XXI las mujeres salen a exigir su derecho a la vida libre de violencia \u201calgo est\u00e1 muy mal\u201d. No se debe dejar la responsabilidad de acabar con la violencia a las mujeres ni que se encarguen solas de la agenda de los derechos humanos, porque es tarea de todas y de todos.<\/p>\n\n\n\n<p class=\"wp-block-paragraph\">Vibra San L\u00e1zaro al ritmo del rock<\/p>\n\n\n\n<p class=\"wp-block-paragraph\">Tambi\u00e9n como parte de las actividades del Espacio Cultural San L\u00e1zaro, la tarde de este jueves se presentaron dos grupos de rock en la C\u00e1mara de Diputados.<\/p>\n\n\n\n<p class=\"wp-block-paragraph\">En punto de las 18:00 horas sonaron los primeros acordes de \u00abHysteria Rock\u00bb en la explanada principal del recinto, un quinteto oriundo de Minatitl\u00e1n, Veracruz, que interpretaron grandes \u00e9xitos del rock de las d\u00e9cadas de los 70, 80 y 90.<\/p>\n\n\n\n<p class=\"wp-block-paragraph\">Para continuar el espect\u00e1culo, se abri\u00f3 paso en el escenario Elipses, un trio tambi\u00e9n originario de Minatitl\u00e1n, que provoc\u00f3 la ovaci\u00f3n del p\u00fablico con canciones de su autor\u00eda.<\/p>\n\n\n\n<p class=\"wp-block-paragraph\">De esta manera se cerr\u00f3 con broche de oro la semana dedicada a Veracruz en el recinto de San L\u00e1zaro, la casa del pueblo.<\/p>\n","protected":false},"excerpt":{"rendered":"<p>La secretaria de la Mesa Directiva de la C\u00e1mara de la Igualdad y La Inclusi\u00f3n, la emecista Jessica Mar\u00eda Guadalupe Ortega De La Cruz afirm\u00f3 que para lograr la igualdad de g\u00e9nero es necesario construir democracia paritaria desde los colectivos y los espacios de incidencia.<\/p>\n","protected":false},"author":3,"featured_media":48914,"comment_status":"open","ping_status":"open","sticky":false,"template":"","format":"standard","meta":{"_monsterinsights_skip_tracking":false,"footnotes":""},"categories":[693,45,46],"tags":[],"class_list":["post-48913","post","type-post","status-publish","format-standard","has-post-thumbnail","category-693","category-cultura","category-cultura-cultura"],"_links":{"self":[{"href":"https:\/\/redsemlac.com\/semmexico\/wp-json\/wp\/v2\/posts\/48913","targetHints":{"allow":["GET"]}}],"collection":[{"href":"https:\/\/redsemlac.com\/semmexico\/wp-json\/wp\/v2\/posts"}],"about":[{"href":"https:\/\/redsemlac.com\/semmexico\/wp-json\/wp\/v2\/types\/post"}],"author":[{"embeddable":true,"href":"https:\/\/redsemlac.com\/semmexico\/wp-json\/wp\/v2\/users\/3"}],"replies":[{"embeddable":true,"href":"https:\/\/redsemlac.com\/semmexico\/wp-json\/wp\/v2\/comments?post=48913"}],"version-history":[{"count":0,"href":"https:\/\/redsemlac.com\/semmexico\/wp-json\/wp\/v2\/posts\/48913\/revisions"}],"wp:featuredmedia":[{"embeddable":true,"href":"https:\/\/redsemlac.com\/semmexico\/wp-json\/wp\/v2\/media\/48914"}],"wp:attachment":[{"href":"https:\/\/redsemlac.com\/semmexico\/wp-json\/wp\/v2\/media?parent=48913"}],"wp:term":[{"taxonomy":"category","embeddable":true,"href":"https:\/\/redsemlac.com\/semmexico\/wp-json\/wp\/v2\/categories?post=48913"},{"taxonomy":"post_tag","embeddable":true,"href":"https:\/\/redsemlac.com\/semmexico\/wp-json\/wp\/v2\/tags?post=48913"}],"curies":[{"name":"wp","href":"https:\/\/api.w.org\/{rel}","templated":true}]}}