{"id":48898,"date":"2022-04-24T11:00:00","date_gmt":"2022-04-24T17:00:00","guid":{"rendered":"https:\/\/redsemlac.com\/semmexico\/?p=48898"},"modified":"2023-07-21T19:02:59","modified_gmt":"2023-07-22T00:02:59","slug":"bachelet-denuncio-multiples-violaciones-a-mujeres-ucranianas-por-soldados-rusos","status":"publish","type":"post","link":"https:\/\/redsemlac.com\/semmexico\/bachelet-denuncio-multiples-violaciones-a-mujeres-ucranianas-por-soldados-rusos\/","title":{"rendered":"<strong>Bachelet denunci\u00f3 m\u00faltiples violaciones a mujeres ucranianas por soldados rusos<\/strong>"},"content":{"rendered":"\n<p class=\"wp-block-paragraph\">La oficina de derechos humanos de las Naciones Unidas dijo que ha visto una creciente evidencia de una \u00abhistoria de horror de violaciones contra civiles\u00bb.<\/p>\n\n\n\n<p class=\"wp-block-paragraph\">Redacci\u00f3n<\/p>\n\n\n\n<p class=\"wp-block-paragraph\">SemM\u00e9xico\/NoticiasONU, Nueva York, 24 de abril, 2022.-La misi\u00f3n de monitoreo de la ONU en Ucrania ha documentado el asesinato ilegal de 50 personas en la ciudad de Bucha, incluso mediante ejecuci\u00f3n sumaria, dijo en un comunicado.&nbsp;La comisionada de derechos humanos de la ONU, Michelle Bachelet, dijo que \u201ccasi todos los residentes de Bucha\u201d ten\u00edan una historia sobre la muerte de un pariente, un vecino o incluso un extra\u00f1o.<\/p>\n\n\n\n<p class=\"wp-block-paragraph\">La ex presidenta de Chile&nbsp;agreg\u00f3: \u00abSabemos que se necesita hacer mucho m\u00e1s para descubrir lo que sucedi\u00f3 all\u00ed y tambi\u00e9n sabemos que Bucha no es un incidente aislado\u00bb.<\/p>\n\n\n\n<p class=\"wp-block-paragraph\">La misi\u00f3n ha recibido denuncias de m\u00e1s de 300 homicidios ileg\u00edtimos de civiles en las regiones de Kyiv, Chernihiv, Kharkiv y Sumy, todas \u00e1reas que anteriormente estaban ocupadas por las fuerzas armadas rusas, dijo.<\/p>\n\n\n\n<p class=\"wp-block-paragraph\">Las denuncias de violencia sexual contra mujeres, hombres, ni\u00f1as y ni\u00f1os por parte de miembros de las fuerzas armadas rusas en Ucrania han \u00absurgido cada vez m\u00e1s\u00bb, dijo&nbsp;Bachelet e insisti\u00f3: \u00abNuestro trabajo hasta la fecha ha detallado una historia de horror de violaciones perpetradas contra civiles. En primer lugar, esta guerra sin sentido debe terminar\u00bb.<\/p>\n\n\n\n<p class=\"wp-block-paragraph\">Inst\u00f3 adem\u00e1s a todos los que luchan a respetar estrictamente el derecho internacional humanitario y el derecho internacional de los derechos humanos: \u00abEsto significa distinguir entre bienes civiles y militares. Significa no atacar ni matar deliberadamente a civiles. Significa no cometer violencia sexual.&nbsp;Las personas, incluidos los prisioneros de guerra, no deben ser torturadas. Los civiles, los prisioneros y otras personas fuera de combate deben ser tratados con humanidad\u00bb, exigi\u00f3 Bachelet.<\/p>\n","protected":false},"excerpt":{"rendered":"<p>La misi\u00f3n de monitoreo de la ONU en Ucrania ha documentado el asesinato ilegal de 50 personas en la ciudad de Bucha, incluso mediante ejecuci\u00f3n sumaria, dijo en un comunicado.<\/p>\n","protected":false},"author":3,"featured_media":48899,"comment_status":"open","ping_status":"open","sticky":false,"template":"","format":"standard","meta":{"_monsterinsights_skip_tracking":false,"footnotes":""},"categories":[693,54],"tags":[],"class_list":["post-48898","post","type-post","status-publish","format-standard","has-post-thumbnail","category-693","category-mujeres"],"_links":{"self":[{"href":"https:\/\/redsemlac.com\/semmexico\/wp-json\/wp\/v2\/posts\/48898","targetHints":{"allow":["GET"]}}],"collection":[{"href":"https:\/\/redsemlac.com\/semmexico\/wp-json\/wp\/v2\/posts"}],"about":[{"href":"https:\/\/redsemlac.com\/semmexico\/wp-json\/wp\/v2\/types\/post"}],"author":[{"embeddable":true,"href":"https:\/\/redsemlac.com\/semmexico\/wp-json\/wp\/v2\/users\/3"}],"replies":[{"embeddable":true,"href":"https:\/\/redsemlac.com\/semmexico\/wp-json\/wp\/v2\/comments?post=48898"}],"version-history":[{"count":0,"href":"https:\/\/redsemlac.com\/semmexico\/wp-json\/wp\/v2\/posts\/48898\/revisions"}],"wp:featuredmedia":[{"embeddable":true,"href":"https:\/\/redsemlac.com\/semmexico\/wp-json\/wp\/v2\/media\/48899"}],"wp:attachment":[{"href":"https:\/\/redsemlac.com\/semmexico\/wp-json\/wp\/v2\/media?parent=48898"}],"wp:term":[{"taxonomy":"category","embeddable":true,"href":"https:\/\/redsemlac.com\/semmexico\/wp-json\/wp\/v2\/categories?post=48898"},{"taxonomy":"post_tag","embeddable":true,"href":"https:\/\/redsemlac.com\/semmexico\/wp-json\/wp\/v2\/tags?post=48898"}],"curies":[{"name":"wp","href":"https:\/\/api.w.org\/{rel}","templated":true}]}}