{"id":48892,"date":"2022-04-24T10:29:55","date_gmt":"2022-04-24T16:29:55","guid":{"rendered":"https:\/\/redsemlac.com\/semmexico\/?p=48892"},"modified":"2023-07-21T19:02:59","modified_gmt":"2023-07-22T00:02:59","slug":"la-fundacion-mujeres-por-africa-celebrara-en-mayo-una-cumbre-que-reunira-a-las-principales-lideres-politicas-africanas","status":"publish","type":"post","link":"https:\/\/redsemlac.com\/semmexico\/la-fundacion-mujeres-por-africa-celebrara-en-mayo-una-cumbre-que-reunira-a-las-principales-lideres-politicas-africanas\/","title":{"rendered":"La Fundaci\u00f3n Mujeres por \u00c1frica celebrar\u00e1 en mayo una cumbre que reunir\u00e1 a las principales l\u00edderes pol\u00edticas africanas"},"content":{"rendered":"\n<p class=\"wp-block-paragraph\"><em>Estar\u00e1n 70 l\u00edderes,como&nbsp; la reina Letizia, Ana Bot\u00edn, Nadia Calvi\u00f1o, Michelle Bachelet o Dilma Rousseff.<\/em><\/p>\n\n\n\n<p class=\"wp-block-paragraph\">Busca convertir sus vidas en derechos y mostrar la realidad que experimentan, para ser tomadas en cuenta por los organismos internacionales<\/p>\n\n\n\n<p class=\"wp-block-paragraph\">&nbsp;<a href=\"https:\/\/amecopress.net\/Maria-Peinado-Lafuente\">Mar\u00eda Peinado Lafuente<\/a><\/p>\n\n\n\n<p class=\"wp-block-paragraph\">SemM\u00e9xico\/AmecoPress, Madrid, Espa\u00f1a, 24 de abril, 2022. &#8211;&nbsp;<em>Los d\u00edas 19 y 20 de mayo tendr\u00e1 lugar en el campo de la UNED, la cumbre \u201cLos puentes de las mujeres\u201d que reunir\u00e1 a m\u00e1s de 70 l\u00edderes africanas y un grupo muy importante de activistas latinoamericanas, adem\u00e1s de grandes personalidades como la reina Letizia, Ana Bot\u00edn, Nadia Calvi\u00f1o, Michelle Bachelet o Dilma Rousseff.<\/em><\/p>\n\n\n\n<p class=\"wp-block-paragraph\">Con la cumbre se pretende crear un espacio para que las mujeres alcen la voz y que en los pr\u00f3ximos a\u00f1os todas las propuestas que se expongan puedan convertirse en una realidad y ser tenidas en cuenta por los organismos internacionales. A trav\u00e9s de varias mesas redondas se expondr\u00e1n a debate temas de distintos \u00e1mbitos como la pol\u00edtica, la econom\u00eda, el feminismo, la cultura y los medios de comunicaci\u00f3n.<\/p>\n\n\n\n<p class=\"wp-block-paragraph\">\u201cLlevamos trabajando desde hace meses a partir de un documento sobre el liderazgo pol\u00edtico, enriqueci\u00e9ndolo para fijar cuales son las claves para que las mujeres avancen y buscando estrategias conjuntas\u201d explicaba Mar\u00eda Teresa Fern\u00e1ndez de la Vega, presidenta de la Fundaci\u00f3n, en la reuni\u00f3n informativa de presentaci\u00f3n de la cumbre.<\/p>\n\n\n\n<p class=\"wp-block-paragraph\">Como consecuencia del deterioro democr\u00e1tico tan grave que se est\u00e1 produciendo, la fundaci\u00f3n considera m\u00e1s necesario que nunca poner el foco de atenci\u00f3n en cuestiones como la gobernanza global, el respeto a la legalidad internacional y la b\u00fasqueda de la paz que ha acompa\u00f1ado siempre la lucha de las mujeres, \u00abporque la igualdad trae la paz\u00bb.<\/p>\n\n\n\n<p class=\"wp-block-paragraph\">\u201cLa voz de las mujeres debe ser o\u00edda y tenida en cuenta para que todos juntos podamos ser capaces de pasar a otro estadio, a otra etapa en la que el poder no sea fruto en exclusiva de los valores masculinos, sino que lo sea tambi\u00e9n de los valores de las mujeres y del feminismo, que son valores de paz. \u00abSi hubiera m\u00e1s mujeres en los puestos de mando, no estar\u00edamos sufriendo estas cosas, no estar\u00edamos lamentando los estragos de una guerra terrible.\u201d afirmaba Fern\u00e1ndez de la Vega.<\/p>\n\n\n\n<div class=\"wp-block-image\"><figure class=\"aligncenter size-full is-resized\"><a href=\"https:\/\/redsemlac.com\/semmexico\/wp-content\/uploads\/2022\/04\/afr-02.jpg\"><img loading=\"lazy\" decoding=\"async\" src=\"https:\/\/redsemlac.com\/semmexico\/wp-content\/uploads\/2022\/04\/afr-02.jpg\" alt=\"\" class=\"wp-image-48894\" width=\"841\" height=\"246\"\/><\/a><\/figure><\/div>\n\n\n\n<figure class=\"wp-block-gallery has-nested-images columns-default is-cropped wp-block-gallery-1 is-layout-flex wp-block-gallery-is-layout-flex\">\n<figure class=\"wp-block-image size-large\"><a href=\"https:\/\/redsemlac.com\/semmexico\/wp-content\/uploads\/2022\/04\/afr-03.jpg\"><img loading=\"lazy\" decoding=\"async\" width=\"1024\" height=\"576\" data-id=\"48895\" src=\"https:\/\/redsemlac.com\/semmexico\/wp-content\/uploads\/2022\/04\/afr-03.jpg\" alt=\"\" class=\"wp-image-48895\"\/><\/a><\/figure>\n\n\n\n<figure class=\"wp-block-image size-large\"><a href=\"https:\/\/redsemlac.com\/semmexico\/wp-content\/uploads\/2022\/04\/afr-04.jpg\"><img loading=\"lazy\" decoding=\"async\" width=\"1024\" height=\"576\" data-id=\"48896\" src=\"https:\/\/redsemlac.com\/semmexico\/wp-content\/uploads\/2022\/04\/afr-04.jpg\" alt=\"\" class=\"wp-image-48896\"\/><\/a><\/figure>\n<\/figure>\n\n\n\n<p class=\"has-medium-font-size wp-block-paragraph\"><strong>El largometraje: \u201cLas mujeres del Sur<\/strong>\u201d<\/p>\n\n\n\n<p class=\"wp-block-paragraph\">Adem\u00e1s, en torno a esta conferencia, Mujeres por \u00c1frica va a producir su segundo largometraje documental \u201cLas mujeres del Sur\u201d, para dejar constancia de que la cumbre de l\u00edderes no se ha limitado a una serie de intervenciones y paneles durante un par de d\u00edas, sino que durante meses las mujeres han trabajado juntas aportando lo mejor de su conocimiento y experiencia.<\/p>\n\n\n\n<p class=\"wp-block-paragraph\">La directora In\u00e9s Par\u00eds se encargar\u00e1 de nuevo del rodaje del documental en el que se plasmar\u00e1n los temas de la conferencia y el liderazgo pol\u00edtico de las mujeres del sur. En su elaboraci\u00f3n van a participar cuatro directoras africanas (Nadia El Fani, de T\u00fanez; Mach\u00e9rie Ekwa Bahango, de R.D. Congo; Desiree Kahikopo-Meiffret, de Namibia; y Nadine Ibrahim, de Nigeria).<\/p>\n\n\n\n<p class=\"wp-block-paragraph\">Foto: archivo de AmecoPress<\/p>\n","protected":false},"excerpt":{"rendered":"<p>Los d\u00edas 19 y 20 de mayo tendr\u00e1 lugar en el campo de la UNED, la cumbre \u201cLos puentes de las mujeres\u201d que reunir\u00e1 a m\u00e1s de 70 l\u00edderes africanas y un grupo muy importante de activistas latinoamericanas.<\/p>\n","protected":false},"author":3,"featured_media":48893,"comment_status":"open","ping_status":"open","sticky":false,"template":"","format":"standard","meta":{"_monsterinsights_skip_tracking":false,"footnotes":""},"categories":[693,53],"tags":[],"class_list":["post-48892","post","type-post","status-publish","format-standard","has-post-thumbnail","category-693","category-internacional"],"_links":{"self":[{"href":"https:\/\/redsemlac.com\/semmexico\/wp-json\/wp\/v2\/posts\/48892","targetHints":{"allow":["GET"]}}],"collection":[{"href":"https:\/\/redsemlac.com\/semmexico\/wp-json\/wp\/v2\/posts"}],"about":[{"href":"https:\/\/redsemlac.com\/semmexico\/wp-json\/wp\/v2\/types\/post"}],"author":[{"embeddable":true,"href":"https:\/\/redsemlac.com\/semmexico\/wp-json\/wp\/v2\/users\/3"}],"replies":[{"embeddable":true,"href":"https:\/\/redsemlac.com\/semmexico\/wp-json\/wp\/v2\/comments?post=48892"}],"version-history":[{"count":0,"href":"https:\/\/redsemlac.com\/semmexico\/wp-json\/wp\/v2\/posts\/48892\/revisions"}],"wp:featuredmedia":[{"embeddable":true,"href":"https:\/\/redsemlac.com\/semmexico\/wp-json\/wp\/v2\/media\/48893"}],"wp:attachment":[{"href":"https:\/\/redsemlac.com\/semmexico\/wp-json\/wp\/v2\/media?parent=48892"}],"wp:term":[{"taxonomy":"category","embeddable":true,"href":"https:\/\/redsemlac.com\/semmexico\/wp-json\/wp\/v2\/categories?post=48892"},{"taxonomy":"post_tag","embeddable":true,"href":"https:\/\/redsemlac.com\/semmexico\/wp-json\/wp\/v2\/tags?post=48892"}],"curies":[{"name":"wp","href":"https:\/\/api.w.org\/{rel}","templated":true}]}}