{"id":48876,"date":"2022-04-24T09:35:07","date_gmt":"2022-04-24T15:35:07","guid":{"rendered":"https:\/\/redsemlac.com\/semmexico\/?p=48876"},"modified":"2023-07-21T19:02:59","modified_gmt":"2023-07-22T00:02:59","slug":"cuartos-vacios-la-iniciativa-para-visibilizar-la-desaparicion-de-mujeres","status":"publish","type":"post","link":"https:\/\/redsemlac.com\/semmexico\/cuartos-vacios-la-iniciativa-para-visibilizar-la-desaparicion-de-mujeres\/","title":{"rendered":"<strong>Cuartos Vac\u00edos\u2019: La iniciativa para visibilizar la desaparici\u00f3n de mujeres<\/strong>"},"content":{"rendered":"\n<p class=\"has-small-font-size wp-block-paragraph\" style=\"font-style:normal;font-weight:100\"><strong>La iniciativa &#8216;cuartos vac\u00edos&#8217; da visibilidad a la lucha de las familias para encontrar a personas desaparecidas..<\/strong>Cr\u00e9ditos: Cortes\u00eda<\/p>\n\n\n\n<p class=\"wp-block-paragraph\"><em>La campa\u00f1a busca concientizar sobre la problem\u00e1tica y apoyar a las familias de personas desaparecidas para que contin\u00faen con su b\u00fasqueda.<\/em><\/p>\n\n\n\n<p class=\"wp-block-paragraph\">Redacci\u00f3n<\/p>\n\n\n\n<p class=\"wp-block-paragraph\">SemM\u00e9xico, Monterrey, NL, 24 de abril, 2022<strong>.- &nbsp;<\/strong>Las desapariciones son un problema que afecta diariamente a las y los mexicanos y como una manera de crear consciencia, dar visibilidad a la problem\u00e1tica y ayudar a las familias afectadas, se cre\u00f3 la campa\u00f1a&nbsp; \u201ccuartos vac\u00edos\u201d.<\/p>\n\n\n\n<p class=\"wp-block-paragraph\">Esta campa\u00f1a busca concientizar sobre como las familias de las mujeres que no han sido localizadas dejaron sus cuartos tal y como los dejaron, con la esperanza de poder encontrarlas alg\u00fan d\u00eda.<\/p>\n\n\n\n<p class=\"wp-block-paragraph\">La iniciativa \u201ccuartos vac\u00edos\u201d se viriliz\u00f3 en redes sociales &nbsp;gracias a usuarias que han compartido las habitaciones de mujeres y ni\u00f1as desaparecidas que se ponen en renta, pero de forma gratuita o con un costo de 10 pesos.<\/p>\n\n\n\n<p class=\"wp-block-paragraph\">El sitio asegura que \u201cadem\u00e1s de vivir con el dolor, deben lidiar con el problema econ\u00f3mico que conlleva su b\u00fasqueda y difusi\u00f3n de sus casos, por lo que esta iniciativa sirve para conseguir fondos y dar visibilidad a los problemas.<\/p>\n\n\n\n<p class=\"wp-block-paragraph\">La campa\u00f1a es encabezada por Mar\u00eda Elena Sol\u00eds, fundadora de la Asociaci\u00f3n Mexicana de Ni\u00f1os Robados y Desaparecidos.<\/p>\n\n\n\n<p class=\"has-medium-font-size wp-block-paragraph\">Acabo de toparme con algo que me parte el coraz\u00f3n: CUARTOS VAC\u00cdOS, una iniciativa que busca visibilizar la situaci\u00f3n en M\u00e9xico de mujeres desaparecidas y de las familias buscadoras. El objetivo es \u00abrentar\u00bb el cuarto vac\u00edo de una ni\u00f1a o mujer por $10&#8230;<\/p>\n\n\n\n<div class=\"wp-block-image\"><figure class=\"aligncenter size-full is-resized\"><a href=\"https:\/\/redsemlac.com\/semmexico\/wp-content\/uploads\/2022\/04\/des02.jpg\"><img loading=\"lazy\" decoding=\"async\" src=\"https:\/\/redsemlac.com\/semmexico\/wp-content\/uploads\/2022\/04\/des02.jpg\" alt=\"\" class=\"wp-image-48878\" width=\"471\" height=\"310\"\/><\/a><\/figure><\/div>\n\n\n\n<p class=\"wp-block-paragraph\">En estos casos, la recamara a rentar luce con las pertenencias de su due\u00f1a, tal y como estaban el \u00faltimo d\u00eda que estuvo ah\u00ed.<\/p>\n\n\n\n<p class=\"wp-block-paragraph\">Con estas \u2018rentas de cuartos\u2019 se puede donar dinero para apoyar a la b\u00fasqueda de mujeres desaparecidas desde tiempo atr\u00e1s.<\/p>\n\n\n\n<p class=\"wp-block-paragraph\">En realidad, las personas interesadas no podr\u00e1n conocer estos espacios, pero s\u00ed otorgar\u00e1n recursos para que las personas puedan continuar con la b\u00fasqueda.<\/p>\n\n\n\n<div class=\"wp-block-image\"><figure class=\"aligncenter size-full\"><a href=\"https:\/\/redsemlac.com\/semmexico\/wp-content\/uploads\/2022\/04\/des03.jpg\"><img loading=\"lazy\" decoding=\"async\" width=\"768\" height=\"456\" src=\"https:\/\/redsemlac.com\/semmexico\/wp-content\/uploads\/2022\/04\/des03.jpg\" alt=\"\" class=\"wp-image-48879\"\/><\/a><\/figure><\/div>\n\n\n\n<p class=\"wp-block-paragraph\">De acuerdo con la p\u00e1gina oficial de cuartos vac\u00edos, en M\u00e9xico hay alrededor de 22 mil 106 mujeres desaparecidas, 55 por ciento de ellas son menores de edad. En promedio, 10 mujeres desaparecen a diario en el pa\u00eds.<\/p>\n\n\n\n<p class=\"wp-block-paragraph\">En el portal se puede conocer el nombre, fecha de desaparici\u00f3n y ver fotograf\u00edas del cuarto de las mujeres desaparecidas.<\/p>\n\n\n\n<p class=\"wp-block-paragraph\">Con informaci\u00f3n de ABC noticias<\/p>\n","protected":false},"excerpt":{"rendered":"<p>Las desapariciones son un problema que afecta diariamente a las y los mexicanos y como una manera de crear consciencia, dar visibilidad a la problem\u00e1tica y ayudar a las familias afectadas, se cre\u00f3 la campa\u00f1a\u00a0 \u201ccuartos vac\u00edos\u201d.<\/p>\n","protected":false},"author":3,"featured_media":48877,"comment_status":"open","ping_status":"open","sticky":false,"template":"","format":"standard","meta":{"_monsterinsights_skip_tracking":false,"footnotes":""},"categories":[693,47],"tags":[],"class_list":["post-48876","post","type-post","status-publish","format-standard","has-post-thumbnail","category-693","category-no-mas-impunidad"],"_links":{"self":[{"href":"https:\/\/redsemlac.com\/semmexico\/wp-json\/wp\/v2\/posts\/48876","targetHints":{"allow":["GET"]}}],"collection":[{"href":"https:\/\/redsemlac.com\/semmexico\/wp-json\/wp\/v2\/posts"}],"about":[{"href":"https:\/\/redsemlac.com\/semmexico\/wp-json\/wp\/v2\/types\/post"}],"author":[{"embeddable":true,"href":"https:\/\/redsemlac.com\/semmexico\/wp-json\/wp\/v2\/users\/3"}],"replies":[{"embeddable":true,"href":"https:\/\/redsemlac.com\/semmexico\/wp-json\/wp\/v2\/comments?post=48876"}],"version-history":[{"count":0,"href":"https:\/\/redsemlac.com\/semmexico\/wp-json\/wp\/v2\/posts\/48876\/revisions"}],"wp:featuredmedia":[{"embeddable":true,"href":"https:\/\/redsemlac.com\/semmexico\/wp-json\/wp\/v2\/media\/48877"}],"wp:attachment":[{"href":"https:\/\/redsemlac.com\/semmexico\/wp-json\/wp\/v2\/media?parent=48876"}],"wp:term":[{"taxonomy":"category","embeddable":true,"href":"https:\/\/redsemlac.com\/semmexico\/wp-json\/wp\/v2\/categories?post=48876"},{"taxonomy":"post_tag","embeddable":true,"href":"https:\/\/redsemlac.com\/semmexico\/wp-json\/wp\/v2\/tags?post=48876"}],"curies":[{"name":"wp","href":"https:\/\/api.w.org\/{rel}","templated":true}]}}