{"id":48870,"date":"2022-04-24T09:29:33","date_gmt":"2022-04-24T15:29:33","guid":{"rendered":"https:\/\/redsemlac.com\/semmexico\/?p=48870"},"modified":"2023-07-21T19:02:59","modified_gmt":"2023-07-22T00:02:59","slug":"convocan-a-marchas-por-debanhi-y-por-las-desaparecidas","status":"publish","type":"post","link":"https:\/\/redsemlac.com\/semmexico\/convocan-a-marchas-por-debanhi-y-por-las-desaparecidas\/","title":{"rendered":"Convocan a marchas por Debanhi y por las desaparecidas"},"content":{"rendered":"\n<p class=\"wp-block-paragraph\">Este domingo movilizaci\u00f3n en todo el pa\u00eds<\/p>\n\n\n\n<p class=\"wp-block-paragraph\">Mega marcha en la Ciudad de M\u00e9xico<\/p>\n\n\n\n<p class=\"wp-block-paragraph\">Redacci\u00f3n<\/p>\n\n\n\n<p class=\"wp-block-paragraph\">SemM\u00e9xico, Cd. de M\u00e9xico, 24 de abril, 2022.-&nbsp; Colectivos de mujeres de diferentes ciudades de la Rep\u00fablica convocan para hoy a marchas y concentraciones para exigir justicia por la muerte de Debanhi Escobar Bazaldua, en Nuevo Le\u00f3n, y por todas las mujeres desaparecidas.<\/p>\n\n\n\n<p class=\"wp-block-paragraph\">En Nuevo Le\u00f3n, colectivos feministas convocaron a una concentraci\u00f3n en la Explanada de los H\u00e9roes, en el Nuevo Centro de Monterrey, donde exigir\u00e1n justicia al fiscal del estado y al gobernador por la muerte de Debanhi y por el mal trabajo en las investigaciones.<\/p>\n\n\n\n<p class=\"wp-block-paragraph\">Del Monumento a la Revoluci\u00f3n a la Fiscal\u00eda General de Justicia<\/p>\n\n\n\n<p class=\"wp-block-paragraph\">En la Ciudad de M\u00e9xico, habr\u00e1 cuatro marchas, desde las 14 horas, y por diferentes rutas. La m\u00e1s tempranera ser\u00e1 la citada por la colectiva Polit\u00e9cnicas al Grito de Guerra realizar\u00e1 una concentraci\u00f3n a las 14:00 en el Monumento a la Revoluci\u00f3n, y a las 15:00 horas marchar\u00e1n hacia la Fiscal\u00eda General de Justicia.<\/p>\n\n\n\n<p class=\"wp-block-paragraph\">En La Laguna de Durango anuncian una Caravana por Desaparecidos donde la encabeza un padre que no ha encontrado a su hija, quien se solidariza con el caso de Debanhi.<\/p>\n\n\n\n<div class=\"wp-block-image\"><figure class=\"aligncenter is-resized\"><img loading=\"lazy\" decoding=\"async\" src=\"https:\/\/redsemlac.com\/semmexico\/wp-content\/uploads\/2022\/04\/merch-02.jpg\" alt=\"\" class=\"wp-image-48872\" width=\"393\" height=\"573\"\/><\/figure><\/div>\n\n\n\n<div class=\"wp-block-image\"><figure class=\"aligncenter size-full\"><a href=\"https:\/\/redsemlac.com\/semmexico\/wp-content\/uploads\/2022\/04\/merch-03.jpg\"><img loading=\"lazy\" decoding=\"async\" width=\"498\" height=\"417\" src=\"https:\/\/redsemlac.com\/semmexico\/wp-content\/uploads\/2022\/04\/merch-03.jpg\" alt=\"\" class=\"wp-image-48871\"\/><\/a><\/figure><\/div>\n\n\n\n<p class=\"wp-block-paragraph\">Hidalgo 2 marchas, otra el 27<\/p>\n\n\n\n<p class=\"wp-block-paragraph\">Otra concentraci\u00f3n est\u00e1 convocada en la Plaza Ju\u00e1rez de Pachuca, Hidalgo, la cual se har\u00e1 a las 18:00 horas y piden llevar velas, l\u00e1mparas, flores y fotograf\u00edas de desaparecidas, adem\u00e1s invitan a tomar medidas sanitarias por el coronavirus como el uso de cubrebocas y gel antibacterial.<\/p>\n\n\n\n<p class=\"wp-block-paragraph\">Colectivos feministas hidalguenses convocaron a realizar dos concentraciones contra el aumento de desapariciones, violencia machista y feminicidios en el pa\u00eds para este 24 y pr\u00f3ximo 27 de abril, ambas frente a Palacio de Gobierno, en Pachuca. La primera se realizar\u00e1 hoy a las 18:00 horas y, la segunda, el mi\u00e9rcoles 27 de abril a las 17:30 horas.<\/p>\n\n\n\n<p class=\"wp-block-paragraph\">En la primera se pide utilizar una prenda negra y, en la segunda, una blanca; para ambas actividades se pide llevar flores, l\u00e1mparas o veladoras, as\u00ed tambi\u00e9n llevar fotograf\u00edas de v\u00edctimas de violencia feminicida o desaparici\u00f3n forzada. \u201cHermanas convocamos para reunirnos contra el inconcebible aumento de desapariciones y feminicidios de ni\u00f1as, adolescentes y mujeres en nuestro pa\u00eds. Familiares de v\u00edctimas los invitamos a acompa\u00f1arnos para hacer un pase de lista frente a Palacio de Gobierno el Estado de Hidalgo.<\/p>\n\n\n\n<p class=\"wp-block-paragraph\">Exijamos Juntas\u201d, se\u00f1al\u00f3 la invitaci\u00f3n realizado por el colectivo Marea Verde, el cual convoca para hoy. \u201c\u00a1Que toda arda! \u00a1Por las que ya no est\u00e1n!, se hace un llamado de alerta para todos los familiares de las v\u00edctimas de feminicidios y mujeres de Hidalgo a la velada en memoria de las hermanas que nos arrebataron, exijamos justicia, ni una m\u00e1s\u201d, indic\u00f3 la convocatoria de Colectivas de Hidalgo.<\/p>\n\n\n\n<p class=\"wp-block-paragraph\">Colectivas feministas de Chihuahua anunciaron una caminata nocturna pac\u00edfica tras los casos de mujeres desaparecidas como lo es el de Debanhi. La concentraci\u00f3n ser\u00e1 a las 21:00 horas en la Plaza del \u00c1ngel.<\/p>\n\n\n\n<p class=\"wp-block-paragraph\">Por otro lado, en Delicias se juntar\u00e1n en el reloj, a la misma hora, teniendo como emblema: \u201cQueremos poder caminar sin miedo a toda hora\u201d, e invitaron a las y los simpatizantes a participar en la movilizaci\u00f3n y llevar consigo una veladora.<\/p>\n\n\n\n<p class=\"wp-block-paragraph\">En Ciudad Nezahualc\u00f3yotl, en el Estado de M\u00e9xico, Las Coyotas de Neza convocaron para el mediod\u00eda del domingo a la Marcha por las Mujeres de M\u00e9xico y por las que nos Faltan. La concentraci\u00f3n ser\u00e1 a las 11:00 horas en el Coyote Hambriento, y se movilizar\u00e1n hacia el Palacio Municipal.<\/p>\n\n\n\n<p class=\"wp-block-paragraph\">Ser\u00e1 una mega marcha en la Ciudad de M\u00e9xico<\/p>\n\n\n\n<p class=\"wp-block-paragraph\">Por considerar que hay incongruencias en el caso y con el objetivo de exigir justicia no s\u00f3lo para Debanhi, sino para todas las mujeres y personas desaparecidas en M\u00e9xico, colectivas feministas y grupos de b\u00fasqueda convocaron a una marcha este domingo 24 de abril.<\/p>\n\n\n\n<p class=\"wp-block-paragraph\">Estas son las movilizaciones que se tienen programadas, donde se llama a acudir con fichas de b\u00fasqueda, flores, vestimenta color blanco, veladoras o pancartas:<\/p>\n\n\n\n<p class=\"wp-block-paragraph\">Colectiva Resistencia Maravilla, Hora: 14:30; Del Monumento a la Revoluci\u00f3n hasta el Palacio de Bellas Artes<\/p>\n\n\n\n<p class=\"wp-block-paragraph\">Grupo M\u00e9xico Feminicida: Hora: 16:00, Protesta en el Hemiciclo a Ju\u00e1rez, Colectiva FEMX FEM<\/p>\n\n\n\n<p class=\"wp-block-paragraph\">Hora: 12:00, De la Estela de Luz a la Antimonumenta en Paseo de la Reforma<\/p>\n\n\n\n<p class=\"wp-block-paragraph\">Colectiva Polit\u00e9cnicas al Grito de Guerra Hora: 14:00 Del Monumento a la Revoluci\u00f3n a la Fiscal\u00eda General de Justicia<\/p>\n","protected":false},"excerpt":{"rendered":"<p>Colectivos de mujeres de diferentes ciudades de la Rep\u00fablica convocan para hoy a marchas y concentraciones para exigir justicia por la muerte de Debanhi Escobar Bazaldua, en Nuevo Le\u00f3n, y por todas las mujeres desaparecidas.<\/p>\n","protected":false},"author":3,"featured_media":48874,"comment_status":"open","ping_status":"open","sticky":false,"template":"","format":"standard","meta":{"_monsterinsights_skip_tracking":false,"footnotes":""},"categories":[693,47],"tags":[],"class_list":["post-48870","post","type-post","status-publish","format-standard","has-post-thumbnail","category-693","category-no-mas-impunidad"],"_links":{"self":[{"href":"https:\/\/redsemlac.com\/semmexico\/wp-json\/wp\/v2\/posts\/48870","targetHints":{"allow":["GET"]}}],"collection":[{"href":"https:\/\/redsemlac.com\/semmexico\/wp-json\/wp\/v2\/posts"}],"about":[{"href":"https:\/\/redsemlac.com\/semmexico\/wp-json\/wp\/v2\/types\/post"}],"author":[{"embeddable":true,"href":"https:\/\/redsemlac.com\/semmexico\/wp-json\/wp\/v2\/users\/3"}],"replies":[{"embeddable":true,"href":"https:\/\/redsemlac.com\/semmexico\/wp-json\/wp\/v2\/comments?post=48870"}],"version-history":[{"count":0,"href":"https:\/\/redsemlac.com\/semmexico\/wp-json\/wp\/v2\/posts\/48870\/revisions"}],"wp:featuredmedia":[{"embeddable":true,"href":"https:\/\/redsemlac.com\/semmexico\/wp-json\/wp\/v2\/media\/48874"}],"wp:attachment":[{"href":"https:\/\/redsemlac.com\/semmexico\/wp-json\/wp\/v2\/media?parent=48870"}],"wp:term":[{"taxonomy":"category","embeddable":true,"href":"https:\/\/redsemlac.com\/semmexico\/wp-json\/wp\/v2\/categories?post=48870"},{"taxonomy":"post_tag","embeddable":true,"href":"https:\/\/redsemlac.com\/semmexico\/wp-json\/wp\/v2\/tags?post=48870"}],"curies":[{"name":"wp","href":"https:\/\/api.w.org\/{rel}","templated":true}]}}