{"id":48859,"date":"2022-04-23T17:30:00","date_gmt":"2022-04-23T23:30:00","guid":{"rendered":"https:\/\/redsemlac.com\/semmexico\/?p=48859"},"modified":"2023-07-21T19:02:59","modified_gmt":"2023-07-22T00:02:59","slug":"indignacion-nacional-mexico-se-ha-convertido-en-una-fosa-comun-de-miles-de-mujeres-ante-ello-burlas-y-descalificaciones-exageran","status":"publish","type":"post","link":"https:\/\/redsemlac.com\/semmexico\/indignacion-nacional-mexico-se-ha-convertido-en-una-fosa-comun-de-miles-de-mujeres-ante-ello-burlas-y-descalificaciones-exageran\/","title":{"rendered":"Indignaci\u00f3n Nacional: M\u00e9xico se ha convertido en una fosa com\u00fan de miles de mujeres, ante ello burlas y descalificaciones \u201cexageran\u201d"},"content":{"rendered":"\n<p class=\"wp-block-paragraph\">Sspace ciudadano exige que Rosa Icela Rodr\u00edguez Vel\u00e1zquez y Alejandro Gertz Manero expliquen a la C\u00e1mara de Diputados lo que hacen&nbsp;<\/p>\n\n\n\n<p class=\"wp-block-paragraph\">Autoridades toman con \u201cnaturalidad\u201d, la desaparici\u00f3n de 300 mujeres en unas cuantas semanas: Patricia Olamendi Torres<\/p>\n\n\n\n<figure class=\"wp-block-image size-full\"><a href=\"https:\/\/redsemlac.com\/semmexico\/wp-content\/uploads\/2022\/04\/Screenshot_20220423_164037.jpg\"><img loading=\"lazy\" decoding=\"async\" width=\"1016\" height=\"576\" src=\"https:\/\/redsemlac.com\/semmexico\/wp-content\/uploads\/2022\/04\/Screenshot_20220423_164037.jpg\" alt=\"\" class=\"wp-image-48863\"\/><\/a><\/figure>\n\n\n\n<p class=\"wp-block-paragraph\">Sara Lovera&nbsp;<\/p>\n\n\n\n<p class=\"wp-block-paragraph\">SemM\u00e9xico, Cd. de M\u00e9xico, 23 de abril, 2022.- La violencia sexual coloc\u00f3 a M\u00e9xico en el primer lugar en el mundo por este flagelo y por trata de mujeres con fines de explotaci\u00f3n sexual est\u00e1 en tercer lugar, donde &nbsp; la impunidad es una \u201ccriminal\u201d omisi\u00f3n.<\/p>\n\n\n\n<p class=\"wp-block-paragraph\">Las autoridades no se conmueven con las 300 desapariciones denunciadas en unos cuantos d\u00edas, \u201clo toman con naturalidad\u201d por ello se niegan a declarar una alerta nacional para enfrentar este flagelo y llaman a las madres y feministas \u201cexageradas\u201d, a pesar de la denuncia sistem\u00e1tica de hace 30 a\u00f1os. En Nuevo Le\u00f3n, 199 desaparecidas en el \u00faltimo a\u00f1o, como se\u00f1alaron las activistas de Nuevo Le\u00f3n.<\/p>\n\n\n\n<p class=\"wp-block-paragraph\">Quien habla es la abogada Patricia Olamendi Torres sobre lo que le parece una situaci\u00f3n \u201cmuy preocupante\u201d, que la ciudadan\u00eda califica a M\u00e9xico como el pa\u00eds que se ha convertido en una fosa com\u00fan de miles de mujeres: frente a ello burlas y descalificaciones \u201cexageran\u201d.<\/p>\n\n\n\n<p class=\"wp-block-paragraph\">Explica que hay indiferencia entre las autoridades y desprecio oficial, sistem\u00e1tico. Le indigna, tanto como la irritaci\u00f3n manifestada por m\u00e1s de 260 personas reunidas en un twitter.com\/i\/spaces\/, convocado con rapidez y con el que arranc\u00f3 una movilizaci\u00f3n nacional por las desaparecidas y muertas por feminicidio.<\/p>\n\n\n\n<p class=\"wp-block-paragraph\">Las ciudadanas y los ciudadanos en el space exigieron que la C\u00e1mara de Diputados llame a la Secretaria de Seguridad y Protecci\u00f3n Ciudadana, Rosa Icela Rodr\u00edguez y al Fiscal General de la Rep\u00fablica, Alejandro Gertz Manero, a comparecer para que expliquen cu\u00e1les son las acciones que est\u00e1n llevando a cabo en la materia.<\/p>\n\n\n\n<p class=\"wp-block-paragraph\">Y dice la abogada Olamendi Torres, que &nbsp; desde el gobierno de la Rep\u00fablica y las autoridades que deben actuar, en la pr\u00e1ctica, la vida de las mujeres se desprecia, se minimiza y \u201cnos dicen exageradas\u201d.<\/p>\n\n\n\n<figure class=\"wp-block-image size-full\"><a href=\"https:\/\/redsemlac.com\/semmexico\/wp-content\/uploads\/2022\/04\/Screenshot_20220423_163948.jpg\"><img loading=\"lazy\" decoding=\"async\" width=\"1019\" height=\"1012\" src=\"https:\/\/redsemlac.com\/semmexico\/wp-content\/uploads\/2022\/04\/Screenshot_20220423_163948.jpg\" alt=\"\" class=\"wp-image-48861\"\/><\/a><\/figure>\n\n\n\n<p class=\"wp-block-paragraph\">Ma\u00f1ana saldr\u00e1n a las calles, miles de mujeres a protestar y a la hora de narrar esto el gobierno de la ciudad de M\u00e9xico empez\u00f3 a atemorizar a la poblaci\u00f3n: \u201cojal\u00e1 sean marchas pac\u00edficas\u201d, dicen, y se preparan cercos y vallas para \u201cproteger\u201d al Palacio Nacional, a los monumentos p\u00fablicos, a los comercios, \u201ccomo si nosotras fu\u00e9ramos las violentas\u201d, afirman las colectivas en comunicados y redes sociales.<\/p>\n\n\n\n<p class=\"wp-block-paragraph\">El caso de Debanhi Susana Escobar Bazaldua, desaparecida y hallada muerta con una contusi\u00f3n profunda de cr\u00e1neo, que hace sospechar que fue ultimada y el hallazgo de 5 mujeres asesinadas, durante la b\u00fasqueda de Delbanhi &nbsp; por 13 d\u00edas de en el estado de Nuevo Le\u00f3n, revivi\u00f3 la indignaci\u00f3n nacional, como no cesan de se\u00f1alar los medios \u201ctradicionales\u201d y las mujeres en las redes sociales.&nbsp;<\/p>\n\n\n\n<p class=\"wp-block-paragraph\">Al menos 5 mil ni\u00f1as y adolescentes desaparecieron y luego fueron encontradas asesinadas, en los \u00faltimos a\u00f1os; las cifras oficiales reconocen s\u00f3lo 548 en cuatro meses, como dijo el 20 de abril, Tania Jimena Enr\u00edquez Mier titular de las Unidades de Prevenci\u00f3n de la Violencia y el Delito de la Secretar\u00eda de Seguridad y Protecci\u00f3n Ciudadana, SSPC.<\/p>\n\n\n\n<p class=\"wp-block-paragraph\">Olamendi Torres,&nbsp;consultora internacional de la Oficina de las Naciones Unidas contra la Droga y el Delito UNODC, abogada y activista, integrante de Nosotras Tenemos Otros Datos, vehemente, ante las pantallas de televisi\u00f3n y al tel\u00e9fono, no duda cuando dice que estamos ante un crecimiento grave de la trata, que las cifras de feminicidios son demoledoras \u2013 las oficiales- pero que en realidad asesinan a 20 mujeres todos los d\u00edas. Las oficiales encubren, desv\u00edan, enmara\u00f1an y distraen, para ocultar la alarmante situaci\u00f3n.&nbsp;<\/p>\n\n\n\n<p class=\"wp-block-paragraph\">Pero en la mayor\u00eda de los estados de la Rep\u00fablica, las Fiscal\u00edas no inician las investigaciones ni por feminicidio ni por desaparici\u00f3n, no lo hacen inmediatamente, como es su mandato, entonces, despu\u00e9s de 24 horas, explica la abogada Olamendi, lo m\u00e1s probable es que se encuentre un cuerpo sin vida. Mandan las denuncias a las comisiones administrativas de b\u00fasqueda, desprecian sistem\u00e1ticamente los reportes familiares y s\u00f3lo llenan unos formatos burocr\u00e1ticos. No investigan, no les importa.<\/p>\n\n\n\n<p class=\"has-medium-font-size wp-block-paragraph\"><strong>Ceguera oficial sistem\u00e1tica<\/strong>&nbsp;<\/p>\n\n\n\n<p class=\"wp-block-paragraph\">La convocatoria de un primer witter Space&nbsp; este 22 de abril a las 6 de la tarde, que dur\u00f3 cerca de 3 horas, fue una iniciativa de Nosotras Tenemos Otros Datos, y de \u00e9l una primera preocupaci\u00f3n plantea que las autoridades se niegan a comprender, cuando hace 30 a\u00f1os, las feministas y la ONU, luego de conocer lo sucedido en Ciudad Ju\u00e1rez \u2013los primeros feminicidios difundidos- se recomend\u00f3 hacer las investigaciones y crear protocolos en el pa\u00eds, y ahora, eso, 3 d\u00e9cadas despu\u00e9s, se vio en este caso de Debanhi Susana Escobar Bazaldua, ni polic\u00edas, ni fiscal\u00eda, ni nadie \u201chizo su trabajo\u201d, y crecen las desapariciones y los delitos contra las mujeres.<\/p>\n\n\n\n<figure class=\"wp-block-image size-full\"><a href=\"https:\/\/redsemlac.com\/semmexico\/wp-content\/uploads\/2022\/04\/Screenshot_20220423_164437.jpg\"><img loading=\"lazy\" decoding=\"async\" width=\"924\" height=\"610\" src=\"https:\/\/redsemlac.com\/semmexico\/wp-content\/uploads\/2022\/04\/Screenshot_20220423_164437.jpg\" alt=\"\" class=\"wp-image-48862\"\/><\/a><\/figure>\n\n\n\n<p class=\"has-medium-font-size wp-block-paragraph\"><strong>El Space donde habl\u00f3 la gente de todo M\u00e9xico<\/strong><\/p>\n\n\n\n<p class=\"wp-block-paragraph\">Plante\u00f3 lo m\u00e1s inmediato, porque en estos \u00faltimos d\u00edas la sociedad mexicana ha constato lo que sucede cuando una ni\u00f1a o una mujer es desaparecida, secuestrada, violentada, en espacios en donde cualquier criminal puede moverse en total impunidad. El contexto general lo dio la abogada de Nuevo Le\u00f3n, Rosaura Guerra, quien se\u00f1al\u00f3 que en esa entidad 199 desaparecidas en las \u00faltimas semanas y m\u00e1s de 6 mil est\u00e1n contabilizadas en los \u00faltimos a\u00f1os.<\/p>\n\n\n\n<p class=\"wp-block-paragraph\">Frente a autoridades de seguridad y de justicia que han sido y son c\u00f3mplices de la violencia cotidiana, est\u00e1n demostrando una vez m\u00e1s que la vida de las mujeres no vale nada para ellos, su actuaci\u00f3n lo demuestra: no inician la b\u00fasqueda inmediatamente, no inician l\u00edneas de investigaci\u00f3n, no reciben la informaci\u00f3n de las v\u00edctimas ni de sus familiares, y entonces se justifican diciendo que se cometieron errores, &#8211; en el caso de Delhani lo dijo el jefe de seguridad, diciendo, \u201cerrores masivos\u201d.<\/p>\n\n\n\n<p class=\"wp-block-paragraph\">Lo cierto es que   cuando en materia de justicia los errores son delitos. Los responsables de la seguridad inician la presentaci\u00f3n de los casos, con teor\u00edas absurdas, en donde siempre la v\u00edctima es la responsable.<\/p>\n\n\n\n<p class=\"wp-block-paragraph\">As\u00ed M\u00e9xico se ha convertido en un para\u00edso de ped\u00f3filos, asesinos y secuestradores y tratantes, tambi\u00e9n se ha convertido en una fosa com\u00fan de miles de mujeres frente a ello la autoridad se burla, lo minimiza, llama a exageradas denuncian, desaparecen programas de apoyo para las mujeres<\/p>\n\n\n\n<p class=\"wp-block-paragraph\">La discusi\u00f3n reuni\u00f3 a  260 personas, y  se discuti\u00f3 la situaci\u00f3n que viven las familias de mujeres desaparecidas y las omisiones y negligencia de las autoridades, por lo que  entre otras cosas  se propuso:: todas las \u00e1reas de seguridad y de justicia tienen que poner en pr\u00e1ctica el protocolo Alba e iniciar inmediatamente la b\u00fasqueda;  la Comisi\u00f3n de v\u00edctimas desaparecidas debe ser coadyuvante y dar apoyo y asistencia pero no Tiene facultades para la b\u00fasqueda por lo que debe ; llamar a los Secretaria de Seguridad y al Fiscal General a comparecer en la C\u00e1mara de Diputados para que expliquen cu\u00e1les son las acciones que est\u00e1n llevando en la materia.<br>Tambi\u00e9n se propuso una movilizaci\u00f3n nacional por las desaparecidas y muertas por Feminicidio, que comenzar\u00e1 ma\u00f1ana en la Ciudad de M\u00e9xico y otras muchas ciudades.<\/p>\n\n\n\n<figure class=\"wp-block-image\"><img loading=\"lazy\" decoding=\"async\" width=\"985\" height=\"1397\" src=\"https:\/\/redsemlac.com\/semmexico\/wp-content\/uploads\/2022\/04\/Screenshot_20220423_165055.jpg\" alt=\"\" class=\"wp-image-48865\"\/><\/figure>\n\n\n\n<p class=\"wp-block-paragraph\"><blockquote class=\"twitter-tweet\" data-width=\"550\" data-dnt=\"true\"><p lang=\"es\" dir=\"ltr\">\ud83d\udce3Twitter Space \ud835\uddf5\ud835\uddfc\ud835\ude06 \ud835\udfee\ud835\udfee\/\ud835\uddd4\ud835\uddef-\ud835\udff2\ud835\uddfd\ud835\uddfa<br>\ud83c\udd98Nuevo Le\u00f3n es todo M\u00e9xico; <br>\u2757\ufe0fFeminicidios;  <br>\u26d4\ufe0fDesapariciones; <br>\u26a0\ufe0fExplotaci\u00f3n Sexual <a href=\"https:\/\/t.co\/Xpkxonzj6W\">https:\/\/t.co\/Xpkxonzj6W<\/a> <a href=\"https:\/\/twitter.com\/brujasdelmar?ref_src=twsrc%5Etfw\">@brujasdelmar<\/a> <a href=\"https:\/\/twitter.com\/NoHijas?ref_src=twsrc%5Etfw\">@NoHijas<\/a> <a href=\"https:\/\/twitter.com\/LasConstiMX?ref_src=twsrc%5Etfw\">@LasConstiMX<\/a> <a href=\"https:\/\/twitter.com\/TodasMx?ref_src=twsrc%5Etfw\">@TodasMx<\/a> <a href=\"https:\/\/twitter.com\/acvenumia?ref_src=twsrc%5Etfw\">@acvenumia<\/a> <a href=\"https:\/\/twitter.com\/samuel_garcias?ref_src=twsrc%5Etfw\">@samuel_garcias<\/a> <a href=\"https:\/\/twitter.com\/FiscaliaNL?ref_src=twsrc%5Etfw\">@FiscaliaNL<\/a> <a href=\"https:\/\/twitter.com\/GobiernoMX?ref_src=twsrc%5Etfw\">@GobiernoMX<\/a> <a href=\"https:\/\/t.co\/iV6CH6zGWb\">pic.twitter.com\/iV6CH6zGWb<\/a><\/p>&mdash; Nosotras Tenemos Otros Datos (@TenemosDatos) <a href=\"https:\/\/twitter.com\/TenemosDatos\/status\/1517584238144589824?ref_src=twsrc%5Etfw\">April 22, 2022<\/a><\/blockquote><script async src=\"https:\/\/platform.twitter.com\/widgets.js\" charset=\"utf-8\"><\/script><\/p>\n","protected":false},"excerpt":{"rendered":"<p>La violencia sexual coloc\u00f3 a M\u00e9xico en el primer lugar en el mundo por este flagelo y por trata de mujeres con fines de explotaci\u00f3n sexual est\u00e1 en tercer lugar, donde \u00a0 la impunidad es una \u201ccriminal\u201d omisi\u00f3n.<\/p>\n","protected":false},"author":3,"featured_media":48868,"comment_status":"open","ping_status":"open","sticky":false,"template":"","format":"standard","meta":{"_monsterinsights_skip_tracking":false,"footnotes":""},"categories":[693,47],"tags":[],"class_list":["post-48859","post","type-post","status-publish","format-standard","has-post-thumbnail","category-693","category-no-mas-impunidad"],"_links":{"self":[{"href":"https:\/\/redsemlac.com\/semmexico\/wp-json\/wp\/v2\/posts\/48859","targetHints":{"allow":["GET"]}}],"collection":[{"href":"https:\/\/redsemlac.com\/semmexico\/wp-json\/wp\/v2\/posts"}],"about":[{"href":"https:\/\/redsemlac.com\/semmexico\/wp-json\/wp\/v2\/types\/post"}],"author":[{"embeddable":true,"href":"https:\/\/redsemlac.com\/semmexico\/wp-json\/wp\/v2\/users\/3"}],"replies":[{"embeddable":true,"href":"https:\/\/redsemlac.com\/semmexico\/wp-json\/wp\/v2\/comments?post=48859"}],"version-history":[{"count":0,"href":"https:\/\/redsemlac.com\/semmexico\/wp-json\/wp\/v2\/posts\/48859\/revisions"}],"wp:featuredmedia":[{"embeddable":true,"href":"https:\/\/redsemlac.com\/semmexico\/wp-json\/wp\/v2\/media\/48868"}],"wp:attachment":[{"href":"https:\/\/redsemlac.com\/semmexico\/wp-json\/wp\/v2\/media?parent=48859"}],"wp:term":[{"taxonomy":"category","embeddable":true,"href":"https:\/\/redsemlac.com\/semmexico\/wp-json\/wp\/v2\/categories?post=48859"},{"taxonomy":"post_tag","embeddable":true,"href":"https:\/\/redsemlac.com\/semmexico\/wp-json\/wp\/v2\/tags?post=48859"}],"curies":[{"name":"wp","href":"https:\/\/api.w.org\/{rel}","templated":true}]}}