{"id":48850,"date":"2022-04-23T13:22:53","date_gmt":"2022-04-23T19:22:53","guid":{"rendered":"https:\/\/redsemlac.com\/semmexico\/?p=48850"},"modified":"2023-07-21T19:03:00","modified_gmt":"2023-07-22T00:03:00","slug":"mas-impunidad-en-el-caso-de-debanhi-en-nuevo-leon","status":"publish","type":"post","link":"https:\/\/redsemlac.com\/semmexico\/mas-impunidad-en-el-caso-de-debanhi-en-nuevo-leon\/","title":{"rendered":"<strong>Mas impunidad en el caso de Debanhi en Nuevo Le\u00f3n<\/strong>"},"content":{"rendered":"\n<p class=\"wp-block-paragraph\"><strong>Marchas de protesta todo el fin de semana, tras el hallazgo de 5 mujeres desaparecidas y ahora muertas<\/strong><\/p>\n\n\n\n<p class=\"wp-block-paragraph\"><strong>Las reacciones en redes sociales contrastantes<\/strong><\/p>\n\n\n\n<p class=\"wp-block-paragraph\">Elda Montiel y Libertad L\u00f3pez &nbsp;<\/p>\n\n\n\n<p class=\"wp-block-paragraph\">SemM\u00e9xico, Cd. de M\u00e9xico, 23 de abril 2022.- El caso de la joven Debanhi Susana Escobar Bazaldua, de 18 a\u00f1os desaparecida el 9 de abril y que mantuvo la atenci\u00f3n de un pa\u00eds sumido en la violencia contra las mujeres, que comparti\u00f3 la esperanza de su padre y madre de encontrarla con vida, tuvo el desenlace m\u00e1s com\u00fan en este pa\u00eds al encontrar su cuerpo sumergido en una cisterna abandonada dentro de los terrenos de un motel, cerca de donde fue vista con vida por \u00faltima vez.<\/p>\n\n\n\n<p class=\"wp-block-paragraph\">Encontrada con un golpe en la cabeza, que seg\u00fan la fiscal\u00eda le quito la vida antes de ser sumergida en la cisterna, desencaden\u00f3 una ola de protestas en varias partes del pa\u00eds, primero en las calles de Monterrey, capital de Nuevo Le\u00f3n, lo mismo en Jalisco y ma\u00f1ana en la ciudad de M\u00e9xico.<\/p>\n\n\n\n<p class=\"wp-block-paragraph\">La Fiscal\u00eda General de Nuevo Le\u00f3n declar\u00f3 que los resultados de los peritajes confirman que&nbsp;el cuerpo encontrado s\u00ed es el de la joven&nbsp;Debanhi Escobar, quien desapareci\u00f3 el s\u00e1bado 8 de abril.<\/p>\n\n\n\n<figure class=\"wp-block-video\"><video height=\"240\" style=\"aspect-ratio: 426 \/ 240;\" width=\"426\" controls src=\"https:\/\/redsemlac.com\/semmexico\/wp-content\/uploads\/2022\/04\/278759143_1206865833396529_5836585552667195763_n.mp4\"><\/video><\/figure>\n\n\n\n<p class=\"wp-block-paragraph\">El gobierno federal, a trav\u00e9s del presiden Andr\u00e9s L\u00f3pez Obrador, sugiri\u00f3 que las investigaciones del caso, se hagan desde la Fiscal\u00eda General de la Rep\u00fablica.<\/p>\n\n\n\n<p class=\"wp-block-paragraph\">La b\u00fasqueda dur\u00f3 13 d\u00edas y su cad\u00e1ver fue encontrado la noche de este jueves&nbsp;en una cisterna cercana al motel Nueva Castilla. De acuerdo con un video dado a conocer por la Fiscal\u00eda, Debanhi&nbsp;muri\u00f3 por una contusi\u00f3n profunda de cr\u00e1neo, y se\u00f1al\u00f3 que fue asesinada. Ahora se abrir\u00e1 la investigaci\u00f3n por homicidio, sin embargo, no dio m\u00e1s detalles, sobre hechos de violencia.<\/p>\n\n\n\n<p class=\"wp-block-paragraph\">&nbsp;Opiniones contrastantes en las redes sociales<\/p>\n\n\n\n<p class=\"wp-block-paragraph\">Seg\u00fan al an\u00e1lisis de la conversaci\u00f3n digital Xpectus By metrics sobre el caso de la joven Debanhi Susana Escobar los usuarios piensan que hay m\u00e1s impunidad al registrar que el 33 por ciento desestiman las explicaciones sobre el Caso de Debanhi.<\/p>\n\n\n\n<p class=\"wp-block-paragraph\">El 24 por ciento de los usuarios piden justicia para Debanhi al igual de los otros cinco cuerpos localizados durante su b\u00fasqueda en el estado de Nuevo Le\u00f3n.<\/p>\n\n\n\n<p class=\"wp-block-paragraph\">El 32 por ciento comparte la noticia de la localizaci\u00f3n de un cuerpo en el motel \u201cNueva Castilla\u201d.<\/p>\n\n\n\n<p class=\"wp-block-paragraph\">El 10 por ciento exigen acciones puntuales para la violencia contra las mujeres.<\/p>\n\n\n\n<p class=\"wp-block-paragraph\">El 1 por ciento muestran solidaridad y resaltan otros casos impunes mediante el Hasting #NIUnaMenos.<\/p>\n\n\n\n<figure class=\"wp-block-image size-large\"><a href=\"https:\/\/redsemlac.com\/semmexico\/wp-content\/uploads\/2022\/04\/imp-nuev-02.jpg\"><img decoding=\"async\" src=\"https:\/\/redsemlac.com\/semmexico\/wp-content\/uploads\/2022\/04\/imp-nuev-02-819x1024.jpg\" alt=\"\" class=\"wp-image-48853\"\/><\/a><\/figure>\n\n\n\n<p class=\"wp-block-paragraph\">\u00abNuevo Le\u00f3n es feminicida\u00bb: Marchan en Monterrey por muerte de Debanhi<\/p>\n\n\n\n<p class=\"wp-block-paragraph\">La tarde del 22 de abril se realiz\u00f3 una marcha en Monterrey, que se difundi\u00f3 en todo el pa\u00eds. Las y los conductores de radio y televisi\u00f3n, afirmaron, una y otra vez que el caso cimbr\u00f3 a todo M\u00e9xico. Durante casi 12 horas retrasmitieron hechos, boletines oficiales, movimientos del gobernador de la entidad; entrevista con el padre de la joven y consignaron que, en esos 13 d\u00edas, se localizaron o encontraron a 5 mujeres de las m\u00e1s de 14 que se denunciaron en Nuevo Le\u00f3n los \u00faltimos d\u00edas.<\/p>\n\n\n\n<p class=\"wp-block-paragraph\">La marcha para pedir justicia por la muerte de Debanhi parti\u00f3 a las 17:30 horas en la capital de Nuevo Le\u00f3n. Esta marcha se convoc\u00f3 luego de conocerse el hallazgo del cuerpo de Debanhi.<\/p>\n\n\n\n<figure class=\"wp-block-embed aligncenter is-type-rich is-provider-twitter wp-block-embed-twitter\"><div class=\"wp-block-embed__wrapper\">\n<blockquote class=\"twitter-tweet\" data-width=\"550\" data-dnt=\"true\"><p lang=\"es\" dir=\"ltr\">BLOQUEAN IGNACIO MORONES PRIETO EN <a href=\"https:\/\/twitter.com\/hashtag\/MONTERREY?src=hash&amp;ref_src=twsrc%5Etfw\">#MONTERREY<\/a><br><br>Exigen justicia para <a href=\"https:\/\/twitter.com\/hashtag\/DebanhiEscobar?src=hash&amp;ref_src=twsrc%5Etfw\">#DebanhiEscobar<\/a> y para todas las desaparecidas y muertas en el estado y en todo M\u00e9xico <a href=\"https:\/\/t.co\/eQsFArlzFS\">pic.twitter.com\/eQsFArlzFS<\/a><\/p>&mdash; Itzel Cruz Alan\u00eds (@i_alaniis) <a href=\"https:\/\/twitter.com\/i_alaniis\/status\/1517652380959059973?ref_src=twsrc%5Etfw\">April 22, 2022<\/a><\/blockquote><script async src=\"https:\/\/platform.twitter.com\/widgets.js\" charset=\"utf-8\"><\/script>\n<\/div><\/figure>\n\n\n\n<p class=\"wp-block-paragraph\">La joven desapareci\u00f3 el 8 de abril y su cuerpo fue hallado ayer.<\/p>\n\n\n\n<p class=\"wp-block-paragraph\">Durante el tiempo en el que era buscada Debanhi, las autoridades de Nuevo Le\u00f3n, se escribi\u00f3 en los diarios El Universal y Reforma, que se localizaron los cad\u00e1veres de otras cinco mujeres.<\/p>\n\n\n\n<p class=\"wp-block-paragraph\">Las consignas de las marchistas de se\u00f1alaron: \u201cNuevo Le\u00f3n&nbsp;es feminicida\u201d y&nbsp;\u201cJusticia por Debanhi\u201d.<\/p>\n\n\n\n<figure class=\"wp-block-image size-full\"><a href=\"https:\/\/redsemlac.com\/semmexico\/wp-content\/uploads\/2022\/04\/imp-nuev-03.jpg\"><img loading=\"lazy\" decoding=\"async\" width=\"770\" height=\"485\" src=\"https:\/\/redsemlac.com\/semmexico\/wp-content\/uploads\/2022\/04\/imp-nuev-03.jpg\" alt=\"\" class=\"wp-image-48852\"\/><\/a><\/figure>\n\n\n\n<p class=\"wp-block-paragraph\">Participaron integrantes de diversos colectivos feministas, de personas desaparecidas y defensoras de los derechos humanos, as\u00ed como familiares de v\u00edctimas de desaparici\u00f3n. La protesta se hizo frente a la Fiscal\u00eda Especializada en Personas Desaparecidas, para exigir \u00abjusticia para Debanhi\u00bb.<\/p>\n\n\n\n<p class=\"wp-block-paragraph\">Debanhi es la joven estudiante que, en dichos de su padre a partir de la vestimenta que coincide, habr\u00eda sido encontrada sin vida en el fondo de una cisterna en desuso, a&nbsp;13 d\u00edas de que desapareci\u00f3 a la altura del kil\u00f3metro 15.5 de la carretera a Nuevo Laredo<strong>.&nbsp;<\/strong><\/p>\n\n\n\n<p class=\"wp-block-paragraph\">Las personas que participaron en la manifestaci\u00f3n cerraron la avenida Morones Prieto, una de las v\u00edas de comunicaci\u00f3n m\u00e1s importantes de la zona metropolitana que atraviesa Monterrey, en circulaci\u00f3n paralela a la avenida Constituci\u00f3n, en la ribera sur del r\u00edo Santa Catarina.<\/p>\n\n\n\n<p class=\"wp-block-paragraph\"><strong>EM\/sem\/sl<\/strong><\/p>\n","protected":false},"excerpt":{"rendered":"<p>El caso de la joven Debanhi Susana Escobar Bazaldua desencaden\u00f3 una ola de protestas en varias partes del pa\u00eds, primero en las calles de Monterrey, capital de Nuevo Le\u00f3n, lo mismo en Jalisco y ma\u00f1ana en la ciudad de M\u00e9xico.<\/p>\n","protected":false},"author":3,"featured_media":48854,"comment_status":"open","ping_status":"open","sticky":false,"template":"","format":"standard","meta":{"_monsterinsights_skip_tracking":false,"footnotes":""},"categories":[693,54],"tags":[],"class_list":["post-48850","post","type-post","status-publish","format-standard","has-post-thumbnail","category-693","category-mujeres"],"_links":{"self":[{"href":"https:\/\/redsemlac.com\/semmexico\/wp-json\/wp\/v2\/posts\/48850","targetHints":{"allow":["GET"]}}],"collection":[{"href":"https:\/\/redsemlac.com\/semmexico\/wp-json\/wp\/v2\/posts"}],"about":[{"href":"https:\/\/redsemlac.com\/semmexico\/wp-json\/wp\/v2\/types\/post"}],"author":[{"embeddable":true,"href":"https:\/\/redsemlac.com\/semmexico\/wp-json\/wp\/v2\/users\/3"}],"replies":[{"embeddable":true,"href":"https:\/\/redsemlac.com\/semmexico\/wp-json\/wp\/v2\/comments?post=48850"}],"version-history":[{"count":0,"href":"https:\/\/redsemlac.com\/semmexico\/wp-json\/wp\/v2\/posts\/48850\/revisions"}],"wp:featuredmedia":[{"embeddable":true,"href":"https:\/\/redsemlac.com\/semmexico\/wp-json\/wp\/v2\/media\/48854"}],"wp:attachment":[{"href":"https:\/\/redsemlac.com\/semmexico\/wp-json\/wp\/v2\/media?parent=48850"}],"wp:term":[{"taxonomy":"category","embeddable":true,"href":"https:\/\/redsemlac.com\/semmexico\/wp-json\/wp\/v2\/categories?post=48850"},{"taxonomy":"post_tag","embeddable":true,"href":"https:\/\/redsemlac.com\/semmexico\/wp-json\/wp\/v2\/tags?post=48850"}],"curies":[{"name":"wp","href":"https:\/\/api.w.org\/{rel}","templated":true}]}}