{"id":48843,"date":"2022-04-23T13:03:03","date_gmt":"2022-04-23T19:03:03","guid":{"rendered":"https:\/\/redsemlac.com\/semmexico\/?p=48843"},"modified":"2023-07-21T19:03:00","modified_gmt":"2023-07-22T00:03:00","slug":"firma-semujer-de-guerrero-acuerdos-para-estrategia-integral-de-justicia-para-las-mujeres-y-las-ninas-no-al-matrimonio-forzado","status":"publish","type":"post","link":"https:\/\/redsemlac.com\/semmexico\/firma-semujer-de-guerrero-acuerdos-para-estrategia-integral-de-justicia-para-las-mujeres-y-las-ninas-no-al-matrimonio-forzado\/","title":{"rendered":"Firma Semujer de Guerrero acuerdos para estrategia integral de justicia para las mujeres y las ni\u00f1as: no al matrimonio forzado"},"content":{"rendered":"\n<p class=\"wp-block-paragraph\">Justicia para trabajadora del ayuntamiento de Chilpancingo asesinada: exigen soluci\u00f3n al feminicidio<\/p>\n\n\n\n<p class=\"wp-block-paragraph\">Los trabajos de Violeta Pino Gir\u00f3n, ahora enfocados a los municipios de la Monta\u00f1a: Alcozauca y Tlapa.<\/p>\n\n\n\n<p class=\"wp-block-paragraph\">Redacci\u00f3n<\/p>\n\n\n\n<p class=\"wp-block-paragraph\">SemM\u00e9xico\/Ceprovysa, Alcozauca y Chilpancingo, Guerrero, 23 de abril, 2022.- En el marco del reforzamiento de las acciones sobre la violencia contra las mujeres, la secretaria de la Mujer, Violeta Pino Giron, firm\u00f3 el acuerdo de colaboraci\u00f3n con los presidentes municipales de Alcozauca y Tlapa de Comonfort, para la implementaci\u00f3n de la estrategia integral para la justicia y el bienestar de las mujeres y las ni\u00f1as en 24 localidades de las regiones de La Monta\u00f1a y Costa Chica.<\/p>\n\n\n\n<p class=\"wp-block-paragraph\">Mientras ello suced\u00eda, trabajadoras del ayuntamiento de Chilpancingo se manifestaron en la puerta del palacio municipal para exigir que se esclarezca el feminicidio de una de sus compa\u00f1eras ocurrido el fin de semana pasado. Piden agilizar las investigaciones, precisamente materializar la estrategia integral de justicia.<\/p>\n\n\n\n<p class=\"has-medium-font-size wp-block-paragraph\"><strong>En la Monta\u00f1a promueven la estrategia<\/strong><\/p>\n\n\n\n<p class=\"wp-block-paragraph\">La titular de la Secretar\u00eda de la Mujer (Semujer), se\u00f1al\u00f3 que el inter\u00e9s de la actual administraci\u00f3n estatal es fortalecer el contacto con las mujeres, y autoridades involucradas para erradicar la violencia, especialmente en los municipios de esa zona.<\/p>\n\n\n\n<figure class=\"wp-block-image size-large\"><a href=\"https:\/\/redsemlac.com\/semmexico\/wp-content\/uploads\/2022\/04\/est-just-02.jpg\"><img decoding=\"async\" src=\"https:\/\/redsemlac.com\/semmexico\/wp-content\/uploads\/2022\/04\/est-just-02-1024x766.jpg\" alt=\"\" class=\"wp-image-48845\"\/><\/a><\/figure>\n\n\n\n<p class=\"wp-block-paragraph\">Pino Gir\u00f3n, firm\u00f3 dos convenios, uno de ellos con el presidente municipal de Alcozauca, Sebasti\u00e1n Ortiz Sayaz y el segundo convenio fue firmado con el presidente municipal de Tlapa Gilberto Solano Arriaga.<\/p>\n\n\n\n<p class=\"wp-block-paragraph\">Estas acciones se dan en seguimiento al plan presentado por el gobierno del estado en noviembre de 2021, como una acci\u00f3n de alta prioridad estatal, con el objetivo de contribuir en el bienestar de las comunidades y el ejercicio de los derechos de las mujeres, las ni\u00f1as y las adolescentes.<\/p>\n\n\n\n<p class=\"wp-block-paragraph\">La secretaria de la Mujer, en ambos encuentros, convoc\u00f3 a los presidentes municipales a involucrarse en los procesos de capacitaci\u00f3n, tanto a sus funcionarios p\u00fablicos, como a los elementos de Seguridad.<\/p>\n\n\n\n<p class=\"wp-block-paragraph\">Dijo que, la estrategia contempla tres componentes importantes, garantizar la infraestructura b\u00e1sica; el acuerdo comunitario a trav\u00e9s del di\u00e1logo con los representantes de las comunidades, para erradicar los matrimonios forzados en las ni\u00f1as; y el fortalecimiento en la atenci\u00f3n de apoyos psicol\u00f3gicos y acompa\u00f1amiento legal.<\/p>\n\n\n\n<p class=\"wp-block-paragraph\">\u201cLas soluciones tambi\u00e9n vienen desde adentro, entonces tenemos que trabajar con las comunidades, para que reflexionen sobre la franja de matrimonios forzados entre ni\u00f1as y ni\u00f1os; esta es una realidad que no podemos evitar, no podemos olvidar y no ver, porque existe\u201d, se\u00f1al\u00f3 la secretaria de la Mujer.<\/p>\n\n\n\n<p class=\"wp-block-paragraph\">El presidente municipal de Tlapa, Solano Arriaga dijo que la firma del acuerdo compromete a las autoridades municipales, para involucrarse en la garant\u00eda del respeto a los derechos humanos de las mujeres y ni\u00f1as. Es un \u201casunto muy complicado y dif\u00edcil\u201d en la zona de La Monta\u00f1a, \u201cpero tenemos que comenzar por algo\u201d.<\/p>\n\n\n\n<figure class=\"wp-block-image size-large\"><a href=\"https:\/\/redsemlac.com\/semmexico\/wp-content\/uploads\/2022\/04\/est-just-03.jpg\"><img decoding=\"async\" src=\"https:\/\/redsemlac.com\/semmexico\/wp-content\/uploads\/2022\/04\/est-just-03-1024x766.jpg\" alt=\"\" class=\"wp-image-48846\"\/><\/a><\/figure>\n\n\n\n<p class=\"has-medium-font-size wp-block-paragraph\"><strong>Trabajadoras de ayuntamiento de Chilpancingo exigen justicia para v\u00edctima de feminicidio<\/strong><\/p>\n\n\n\n<p class=\"wp-block-paragraph\">Por su parte Abel Miranda reportero de Ceprovysa, inform\u00f3 desde Chilpancingo, que trabajadoras del ayuntamiento de Chilpancingo se manifestaron en la puerta del palacio municipal para exigir que se esclarezca el feminicidio de una de sus compa\u00f1eras ocurrido el fin de semana pasado.<\/p>\n\n\n\n<p class=\"wp-block-paragraph\">Adelina de la Cruz estaba asignada a la Secretaria Municipal de Salud, y realizaba el trabajo de limpieza en la cl\u00ednica de displasias.<\/p>\n\n\n\n<p class=\"wp-block-paragraph\">Las trabajadoras se\u00f1alaron que como parte de la protesta realizaron un kermes para recabar fondos que se entregar\u00e1n a la familia de su compa\u00f1era fallecida. Sobre los hechos relataron que su compa\u00f1era desapareci\u00f3 la semana pasada y la ubicaron en una publicaci\u00f3n de la ciudad de Iguala en la que reportaban una mujer atacada que estaba en calidad de desconocida.<\/p>\n\n\n\n<figure class=\"wp-block-image size-full\"><a href=\"https:\/\/redsemlac.com\/semmexico\/wp-content\/uploads\/2022\/04\/est-just-04.jpg\"><img loading=\"lazy\" decoding=\"async\" width=\"960\" height=\"599\" src=\"https:\/\/redsemlac.com\/semmexico\/wp-content\/uploads\/2022\/04\/est-just-04.jpg\" alt=\"\" class=\"wp-image-48847\"\/><\/a><\/figure>\n\n\n\n<p class=\"wp-block-paragraph\">Los familiares fueron a Iguala de donde trasladaron al puerto de Acapulco a la v\u00edctima para recibir atenci\u00f3n m\u00e9dica ya que, se\u00f1alaron, presentaba un impacto de bala en la cabeza.<\/p>\n\n\n\n<p class=\"wp-block-paragraph\">La mujer perdi\u00f3 la vida y se desconoce hasta el momento qui\u00e9n o qui\u00e9nes la agredieron.<\/p>\n\n\n\n<p class=\"wp-block-paragraph\">Compa\u00f1eras de Adelina pidieron a las autoridades se aclare \u00e9ste feminicidio.<\/p>\n\n\n\n<p class=\"wp-block-paragraph\">Asimismo, lamentaron que las autoridades Municipales que encabeza una mujer, no est\u00e9 brindando apoyo a los familiares de la v\u00edctima.<\/p>\n","protected":false},"excerpt":{"rendered":"<p>Violeta Pino Giron, firm\u00f3 el acuerdo de colaboraci\u00f3n con los presidentes municipales de Alcozauca y Tlapa de Comonfort, para la implementaci\u00f3n de la estrategia integral para la justicia y el bienestar de las mujeres y las ni\u00f1as.<\/p>\n","protected":false},"author":3,"featured_media":48844,"comment_status":"open","ping_status":"open","sticky":false,"template":"","format":"standard","meta":{"_monsterinsights_skip_tracking":false,"footnotes":""},"categories":[693,54],"tags":[],"class_list":["post-48843","post","type-post","status-publish","format-standard","has-post-thumbnail","category-693","category-mujeres"],"_links":{"self":[{"href":"https:\/\/redsemlac.com\/semmexico\/wp-json\/wp\/v2\/posts\/48843","targetHints":{"allow":["GET"]}}],"collection":[{"href":"https:\/\/redsemlac.com\/semmexico\/wp-json\/wp\/v2\/posts"}],"about":[{"href":"https:\/\/redsemlac.com\/semmexico\/wp-json\/wp\/v2\/types\/post"}],"author":[{"embeddable":true,"href":"https:\/\/redsemlac.com\/semmexico\/wp-json\/wp\/v2\/users\/3"}],"replies":[{"embeddable":true,"href":"https:\/\/redsemlac.com\/semmexico\/wp-json\/wp\/v2\/comments?post=48843"}],"version-history":[{"count":0,"href":"https:\/\/redsemlac.com\/semmexico\/wp-json\/wp\/v2\/posts\/48843\/revisions"}],"wp:featuredmedia":[{"embeddable":true,"href":"https:\/\/redsemlac.com\/semmexico\/wp-json\/wp\/v2\/media\/48844"}],"wp:attachment":[{"href":"https:\/\/redsemlac.com\/semmexico\/wp-json\/wp\/v2\/media?parent=48843"}],"wp:term":[{"taxonomy":"category","embeddable":true,"href":"https:\/\/redsemlac.com\/semmexico\/wp-json\/wp\/v2\/categories?post=48843"},{"taxonomy":"post_tag","embeddable":true,"href":"https:\/\/redsemlac.com\/semmexico\/wp-json\/wp\/v2\/tags?post=48843"}],"curies":[{"name":"wp","href":"https:\/\/api.w.org\/{rel}","templated":true}]}}