{"id":48834,"date":"2022-04-23T12:55:54","date_gmt":"2022-04-23T18:55:54","guid":{"rendered":"https:\/\/redsemlac.com\/semmexico\/?p=48834"},"modified":"2023-07-21T19:03:00","modified_gmt":"2023-07-22T00:03:00","slug":"la-crianza-con-buen-trato-puede-hacer-la-diferencia-promotoras-formadas-por-apis-sureste","status":"publish","type":"post","link":"https:\/\/redsemlac.com\/semmexico\/la-crianza-con-buen-trato-puede-hacer-la-diferencia-promotoras-formadas-por-apis-sureste\/","title":{"rendered":"La crianza con buen trato, puede hacer la diferencia: promotoras formadas por Apis Sureste"},"content":{"rendered":"\n<p class=\"has-small-font-size wp-block-paragraph\" style=\"font-style:normal;font-weight:100\">Reuni\u00f3n en Chemax<\/p>\n\n\n\n<p class=\"wp-block-paragraph\">Reuniones exitosas para mujeres que replican esta formaci\u00f3n con autoridades municipales en el oriente de Yucat\u00e1n<\/p>\n\n\n\n<p class=\"wp-block-paragraph\">Su refugio para atender mujeres en situaci\u00f3n de violencia, trabaja sin dilaci\u00f3n, pero sin los recursos acordados por el presupuesto federal<\/p>\n\n\n\n<p class=\"wp-block-paragraph\">Libertad L\u00f3pez<\/p>\n\n\n\n<p class=\"wp-block-paragraph\"><em>SemM\u00e9xico, M\u00e9rida Yucat\u00e1n, 23 de abril, 2022.- <\/em>\u201cA nuestra generaci\u00f3n no nos ense\u00f1aron c\u00f3mo podemos educar a nuestros hijos e hijas, cre\u00edamos que pegarles, gritarles e insultarles est\u00e1 bien porque as\u00ed eran las formas de que puedan ser obedientes. Despu\u00e9s de lo que he aprendido como promotora de crianza con buenos tratos, s\u00e9 que puede haber otras formas, con m\u00e1s respeto, con mayor cari\u00f1o\u201d, expres\u00f3 Felipa Tuz K\u00fa, promotora de crianza con buenos tratos.<\/p>\n\n\n\n<p class=\"wp-block-paragraph\">Un camino para retornar a una vida sin violencia, podr\u00eda empezar por una crianza de buenos tratos y por tanto ense\u00f1ar a madres, padres y personas cuidadoras en ello. As\u00ed lo propone la organizaci\u00f3n no gubernamental Fundaci\u00f3n para la Equidad A.C, conocida como Apis Sureste, \u201cFortalecimiento de promotoras mayas yucatecas en la crianza con buenos tratos\u201d. que desarrollan en el oriente del estado de Yucat\u00e1n, con hombres y mujeres. del estado.<\/p>\n\n\n\n<p class=\"wp-block-paragraph\">Promotoras de crianza con buenos tratos se reunieron con autoridades municipales para generar alianzas en pro de la ni\u00f1ez yucateca en los municipios de Chikindzonot, Tekom, Chemax, Tixcacalcupul y Valladolid del 18 al 21 de abril de 2022.<\/p>\n\n\n\n<p class=\"wp-block-paragraph\">Apis Sureste inform\u00f3 que ha capacitado a 33 mujeres mayas en el oriente de Yucat\u00e1n y cuentan con informaci\u00f3n y habilidades para guiar, orientar y acompa\u00f1ar a mam\u00e1s, pap\u00e1s y cuidadores en la crianza de sus hijas e hijos con buenos tratos.<\/p>\n\n\n\n<figure class=\"wp-block-image size-full is-resized\"><a href=\"https:\/\/redsemlac.com\/semmexico\/wp-content\/uploads\/2022\/04\/apis-02.png\"><img loading=\"lazy\" decoding=\"async\" src=\"https:\/\/redsemlac.com\/semmexico\/wp-content\/uploads\/2022\/04\/apis-02.png\" alt=\"\" class=\"wp-image-48836\" width=\"106\" height=\"184\"\/><\/a><\/figure>\n\n\n\n<p class=\"wp-block-paragraph\">Por su parte, Cinthia Pacheco Moo, coordinadora del proyecto enfatiz\u00f3 en \u201cla importancia que desde los primeros a\u00f1os de vida de ni\u00f1as\/os pueden estar en un ambiente de buen trato y que puedan desarrollar su potencial. Creemos que apostarle a la primera infancia es una de las intervenciones m\u00e1s potentes para promover la salud mental infantil y prevenir la violencia\u201d.<\/p>\n\n\n\n<p class=\"wp-block-paragraph\">Las autoridades que participaron en las reuniones respaldaron la labor importante que las promotoras realizan en sus comunidades donde llevan a cabo actividades con mam\u00e1s, con ni\u00f1os y ni\u00f1as, acompa\u00f1an a mujeres embarazadas entre otras, as\u00ed mismo se comprometieron a forjar alianzas entre autoridades y las promotoras.<\/p>\n\n\n\n<figure class=\"wp-block-gallery has-nested-images columns-default is-cropped wp-block-gallery-1 is-layout-flex wp-block-gallery-is-layout-flex\">\n<figure class=\"wp-block-image size-large\"><a href=\"https:\/\/redsemlac.com\/semmexico\/wp-content\/uploads\/2022\/04\/apis03.jpg\"><img loading=\"lazy\" decoding=\"async\" width=\"727\" height=\"545\" data-id=\"48837\" src=\"https:\/\/redsemlac.com\/semmexico\/wp-content\/uploads\/2022\/04\/apis03.jpg\" alt=\"\" class=\"wp-image-48837\"\/><\/a><\/figure>\n\n\n\n<figure class=\"wp-block-image size-large\"><a href=\"https:\/\/redsemlac.com\/semmexico\/wp-content\/uploads\/2022\/04\/apis04.png\"><img loading=\"lazy\" decoding=\"async\" width=\"728\" height=\"546\" data-id=\"48838\" src=\"https:\/\/redsemlac.com\/semmexico\/wp-content\/uploads\/2022\/04\/apis04.png\" alt=\"\" class=\"wp-image-48838\"\/><\/a><\/figure>\n<figcaption class=\"blocks-gallery-caption\">Reuniones en Mahas Tixca y Chikindzonot<\/figcaption><\/figure>\n\n\n\n<p class=\"wp-block-paragraph\">Destac\u00f3 la participaci\u00f3n del presidente de Chikindzonot, Isidro Kauil Chan; la regidora Rosenda Chan en Tixcacalcupul; la regidora Rosal\u00eda Pool en Chemax; la directora del DIF de Valladolid, Wendy G\u00f3mez y la presidenta Gloria Cocom en Tekom. Adem\u00e1s de la participaci\u00f3n de las directoras de los DIF municipales, representantes de las unidades de salud y comisarios.<\/p>\n\n\n\n<p class=\"wp-block-paragraph\">Apis cuenta con un refugio para mujeres violentadas y sus hijos. Este 2022 los refugios, a pesar de tener recursos etiquetados no los tienen, aunque informa la Red de Refugios, que se trabaja en la firma de convenios y es posible que el gobierno federal empiece a bajar los recursos, ahora que pasaron a la Secretar\u00eda de Gobernaci\u00f3n. Ellas, las de Apis, siguen trabajando con la Red Nacional de Refugios, en esos lugares y comunidades donde viven las mujeres reales.<\/p>\n\n\n\n<div class=\"wp-block-image\"><figure class=\"aligncenter size-large\"><a href=\"https:\/\/redsemlac.com\/semmexico\/wp-content\/uploads\/2022\/04\/apis05.jpg\"><img decoding=\"async\" src=\"https:\/\/redsemlac.com\/semmexico\/wp-content\/uploads\/2022\/04\/apis05-1024x768.jpg\" alt=\"\" class=\"wp-image-48839\"\/><\/a><figcaption>Reuni\u00f3n en Tekom<\/figcaption><\/figure><\/div>\n\n\n\n<p class=\"wp-block-paragraph\">Quienes Son y qu\u00e9 hacen<\/p>\n\n\n\n<p class=\"wp-block-paragraph\">APIS Sureste, se estableci\u00f3 en 1992 como cap\u00edtulo de APIS A.C., a partir de la iniciativa de mujeres comprometidas con el empoderamiento de las mujeres y la igualdad de derechos entre mujeres y hombres. En 2010, la asociaci\u00f3n se constituy\u00f3 con personalidad jur\u00eddica propia, denomin\u00e1ndose: APIS Sureste: Fundaci\u00f3n para la Equidad A.C.<\/p>\n\n\n\n<p class=\"wp-block-paragraph\">Ellas en sus actividades tienen prioridades como el empoderamiento de las mujeres a trav\u00e9s de la promoci\u00f3n y fortalecimiento de sus organizaciones y capacidades para actuar como agentes de cambio en sus comunidades; contribuir a erradicar la violencia contra las mujeres, ni\u00f1as y ni\u00f1os, a trav\u00e9s de la atenci\u00f3n al impacto en la vida de las personas y la realizaci\u00f3n de acciones preventivas que fomenten los buenos tratos y la promoci\u00f3n de una cultura de la paz. Busca incidir en las pol\u00edticas p\u00fablicas a nivel estatal y municipal para la atenci\u00f3n de mujeres, ni\u00f1as y ni\u00f1os en situaci\u00f3n de violencia de g\u00e9nero y comunicar, formar y promover la participaci\u00f3n social a favor de la igualdad entre hombres y mujeres y la no discriminaci\u00f3n.<\/p>\n\n\n\n<p class=\"wp-block-paragraph\">Un ejemplo: Cuenta con un refugio para dar una atenci\u00f3n especializada e integral, para mujeres, sus hijos e hijas que vivan situaciones de violencia extrema. Da hospedaje temporal, seguro y confortable, alimentaci\u00f3n, atenci\u00f3n de trabajo social, psicol\u00f3gica, legal y m\u00e9dica. Durante su estancia, a las mujeres usuarias se les brinda capacitaci\u00f3n para el trabajo y se facilita continuar con sus estudios. La poblaci\u00f3n infantil residente tambi\u00e9n recibe los mismos servicios especializados, tomando en cuenta sus caracter\u00edsticas y necesidades. Al salir del refugio, se les da seguimiento durante seis meses, de manera cercana, acompa\u00f1\u00e1ndoles en la realizaci\u00f3n de un plan de vida libre de violencia.<\/p>\n\n\n\n<p class=\"wp-block-paragraph\">A partir de 2004 el refugio funciona los 365 d\u00edas del a\u00f1o, 24 horas. Se reciben mujeres, sus hijos e hijas de todos los municipios del estado de Yucat\u00e1n y de otros estados del pa\u00eds, al formar parte de la Red Nacional de Refugios. Muchas de las mujeres que han asistido a nuestros servicios, han desnaturalizado la violencia vivida, generaron estrategias de cuidado para s\u00ed mismas, mejoraron los v\u00ednculos con sus hijos e hijas y se conciben a s\u00ed mismas como personas que tienen derechos.<\/p>\n\n\n\n<p class=\"wp-block-paragraph\">Para mayor informaci\u00f3n: Dar\u00edo Guzm\u00e1n y\/o Cinthia Pacheco , Tel: 9999 80 40 48; Correo: <a href=\"mailto:areacomunitaria.apis@gmail.com\">areacomunitaria.apis@gmail.com<\/a>&nbsp; y <a href=\"https:\/\/apisfundacion.com\/\">https:\/\/apisfundacion.com\/<\/a><\/p>\n","protected":false},"excerpt":{"rendered":"<p>Un camino para retornar a una vida sin violencia, podr\u00eda empezar por una crianza de buenos tratos y por tanto ense\u00f1ar a madres, padres y personas cuidadoras en ello.<\/p>\n","protected":false},"author":3,"featured_media":48835,"comment_status":"open","ping_status":"open","sticky":false,"template":"","format":"standard","meta":{"_monsterinsights_skip_tracking":false,"footnotes":""},"categories":[693,54],"tags":[],"class_list":["post-48834","post","type-post","status-publish","format-standard","has-post-thumbnail","category-693","category-mujeres"],"_links":{"self":[{"href":"https:\/\/redsemlac.com\/semmexico\/wp-json\/wp\/v2\/posts\/48834","targetHints":{"allow":["GET"]}}],"collection":[{"href":"https:\/\/redsemlac.com\/semmexico\/wp-json\/wp\/v2\/posts"}],"about":[{"href":"https:\/\/redsemlac.com\/semmexico\/wp-json\/wp\/v2\/types\/post"}],"author":[{"embeddable":true,"href":"https:\/\/redsemlac.com\/semmexico\/wp-json\/wp\/v2\/users\/3"}],"replies":[{"embeddable":true,"href":"https:\/\/redsemlac.com\/semmexico\/wp-json\/wp\/v2\/comments?post=48834"}],"version-history":[{"count":0,"href":"https:\/\/redsemlac.com\/semmexico\/wp-json\/wp\/v2\/posts\/48834\/revisions"}],"wp:featuredmedia":[{"embeddable":true,"href":"https:\/\/redsemlac.com\/semmexico\/wp-json\/wp\/v2\/media\/48835"}],"wp:attachment":[{"href":"https:\/\/redsemlac.com\/semmexico\/wp-json\/wp\/v2\/media?parent=48834"}],"wp:term":[{"taxonomy":"category","embeddable":true,"href":"https:\/\/redsemlac.com\/semmexico\/wp-json\/wp\/v2\/categories?post=48834"},{"taxonomy":"post_tag","embeddable":true,"href":"https:\/\/redsemlac.com\/semmexico\/wp-json\/wp\/v2\/tags?post=48834"}],"curies":[{"name":"wp","href":"https:\/\/api.w.org\/{rel}","templated":true}]}}