{"id":48828,"date":"2022-04-23T11:12:30","date_gmt":"2022-04-23T17:12:30","guid":{"rendered":"https:\/\/redsemlac.com\/semmexico\/?p=48828"},"modified":"2023-07-21T19:03:00","modified_gmt":"2023-07-22T00:03:00","slug":"en-mexico-al-menos-9-millones-de-mujeres-han-vivido-violencia-digital-modulo-sobre-ciberacoso-de-inegi","status":"publish","type":"post","link":"https:\/\/redsemlac.com\/semmexico\/en-mexico-al-menos-9-millones-de-mujeres-han-vivido-violencia-digital-modulo-sobre-ciberacoso-de-inegi\/","title":{"rendered":"<strong>En M\u00e9xico al menos 9 millones de mujeres han vivido violencia digital: Modulo sobre Ciberacoso de INEGI<\/strong>"},"content":{"rendered":"\n<p class=\"wp-block-paragraph\"><strong>Definici\u00f3n Integral de violencia digital contra las mujeres piden al Congreso activistas y acad\u00e9micas y al Estado una soluci\u00f3n integral<\/strong><\/p>\n\n\n\n<p class=\"wp-block-paragraph\"><strong>Urge un trabajo pedag\u00f3gico desde la infancia para que las ni\u00f1as sepan porque se ponen en riesgo<\/strong><\/p>\n\n\n\n<p class=\"wp-block-paragraph\">Elda Montiel<\/p>\n\n\n\n<p class=\"wp-block-paragraph\">SemM\u00e9xico, Cd. de M\u00e9xico, 20 de abril 2022.- La especialista en comunicaci\u00f3n e investigadora, Aim\u00e9e Vega Montiel hizo un llamado a las y los legisladores para que la definici\u00f3n de violencia digital reconozca los diversos tipos de violencia en la internet y redes sociales.<\/p>\n\n\n\n<p class=\"wp-block-paragraph\">Dijo que estas violencias contra las mujeres van desde hackeos, hostigamiento en l\u00ednea hasta pornograf\u00eda y reclutamiento.<\/p>\n\n\n\n<p class=\"wp-block-paragraph\">Exigi\u00f3 que se den alternativas a las v\u00edctimas de acceso a la justicia y reparaci\u00f3n del da\u00f1o.<\/p>\n\n\n\n<p class=\"wp-block-paragraph\">La Secretar\u00eda de Seguridad y Protecci\u00f3n Ciudadana, anunci\u00f3 que habr\u00e1 un registro nacional de las incidencias y pondr\u00e1 en operaci\u00f3n urgente acciones coordinadas, pero todav\u00eda se estudia c\u00f3mo se har\u00e1 la intervenci\u00f3n del Congreso.<\/p>\n\n\n\n<p class=\"wp-block-paragraph\">Vega Montiel habl\u00f3 en el marco de la conmemoraci\u00f3n del Dia Internacional de las Ni\u00f1as en las Tecnolog\u00edas de la Informaci\u00f3n y la Comunicaci\u00f3n con la conferencia \u201cViolencia Digital contra las Ni\u00f1as\u201d, el pasado 19 de abril en el Museo de las Mujeres.<\/p>\n\n\n\n<div class=\"wp-block-image\"><figure class=\"aligncenter size-large\"><a href=\"https:\/\/redsemlac.com\/semmexico\/wp-content\/uploads\/2022\/04\/net02.jpg\"><img decoding=\"async\" src=\"https:\/\/redsemlac.com\/semmexico\/wp-content\/uploads\/2022\/04\/net02-833x1024.jpg\" alt=\"\" class=\"wp-image-48830\"\/><\/a><\/figure><\/div>\n\n\n\n<p class=\"wp-block-paragraph\">Seg\u00fan su hoja de Vida, Vega Montiel es integrante del Programa de Investigaci\u00f3n Feminista- del Centro de Investigaciones Interdisciplinarias en Ciencias y Humanidades (CEIICH)-UNAM, y asegur\u00f3 que la violencia digital es un tema cr\u00edtico, contempor\u00e1neo que afecta millones de ni\u00f1as, adolescentes y mujeres.<\/p>\n\n\n\n<p class=\"wp-block-paragraph\">Desde el 2015 la Organizaci\u00f3n de las Naciones Unidas, (ONU) a trav\u00e9s de la Comisi\u00f3n de Banda Ancha en el Primer Informe sobre \u201cCiber violencia contra las mujeres y las ni\u00f1as en el mundo\u201d, sostuvo que el 70 por ciento de mujeres y ni\u00f1as usuarias de plataformas digitales en internet hab\u00edan sido v\u00edctimas de violencia, y en M\u00e9xico al menos 9 millones de mujeres han vivido violencia digital de acuerdo al Modulo sobre Ciberacoso del INEGI (2017).<\/p>\n\n\n\n<p class=\"wp-block-paragraph\">Precis\u00f3 que desde los a\u00f1os 50s, 60s y 70s, las acad\u00e9micas han venido denunciando la responsabilidad de los medios y tecnolog\u00edas de la informaci\u00f3n en el impulso de los derechos humanos de las mujeres, y existe una larga data de elaboraci\u00f3n de mecanismo normativos y pol\u00edticas p\u00fablicas dirigidas a eliminar la violencia digital.<\/p>\n\n\n\n<p class=\"wp-block-paragraph\">La violencia digital es la continuaci\u00f3n de la violencia cotidiana que sufren las mujeres, ya que recientemente hubo una reforma a la Ley General de Acceso de las Mujeres a una Vida Libre de Violencia (LGAMVLV) que incluye al espacio digital como una modalidad de la violencia contra las mujeres.<\/p>\n\n\n\n<p class=\"wp-block-paragraph\">De acuerdo a la Ley la violencia contra las mujeres es definida como la conducta que incluye cualquier agresi\u00f3n f\u00edsica, psicol\u00f3gica, sexual, simb\u00f3lica, institucional, econ\u00f3mica o feminicida dirigida contra las mujeres por el hecho de serlo.<\/p>\n\n\n\n<p class=\"wp-block-paragraph\">En 2015 el Informe de la Comisi\u00f3n de Banda Ancha reconoce el hackeo; la suplantaci\u00f3n de identidad; la vigilancia; hostigamiento en l\u00ednea; el reclutamiento, y la distribuci\u00f3n maliciosa como formas de ciber violencia contra las mujeres y las ni\u00f1as.<\/p>\n\n\n\n<p class=\"wp-block-paragraph\">En el 2018 el Parlamento Europeo identifico 18 tipos de violencia digital contra las mujeres trabajados desde el feminismo que incluye ciertas modalidades como la pornograf\u00eda por venganza, el voyerismo digital que consiste en tomar im\u00e1genes intimas de ni\u00f1as y mujeres, o el abuso de mujeres y ni\u00f1as basada en im\u00e1genes, suplantaci\u00f3n de identidad, robar la identidad o da\u00f1ar su reputaci\u00f3n.&nbsp;<\/p>\n\n\n\n<p class=\"wp-block-paragraph\">En M\u00e9xico de acuerdo a la Ley Olimpia se identifica un solo tipo de violencia, pero organizaciones como \u201cLuchadoras\u201d, Social TIC y la Asociaci\u00f3n por el Progreso de las Comunicaciones (APC) identifica 13 tipos de violencia digital.<\/p>\n\n\n\n<div class=\"wp-block-image\"><figure class=\"aligncenter size-large\"><a href=\"https:\/\/redsemlac.com\/semmexico\/wp-content\/uploads\/2022\/04\/net03.jpg\"><img decoding=\"async\" src=\"https:\/\/redsemlac.com\/semmexico\/wp-content\/uploads\/2022\/04\/net03-1024x538.jpg\" alt=\"\" class=\"wp-image-48831\"\/><\/a><\/figure><\/div>\n\n\n\n<p class=\"wp-block-paragraph\"><strong>Pornograf\u00eda<\/strong><\/p>\n\n\n\n<p class=\"wp-block-paragraph\">Expres\u00f3 que un dato preocupante es que la edad de los agresores est\u00e1 bajando, por ejemplo, se registra el consumo de pornograf\u00edas accesible a los 8 a\u00f1os, con contenidos pornogr\u00e1ficos, incluso en plataformas que parecen inofensivas como Tik Tok, Facebook, Twitter e Instagram, entre otros.<\/p>\n\n\n\n<p class=\"wp-block-paragraph\">Dijo que los ni\u00f1os y las ni\u00f1as son objeto de esta construcci\u00f3n mis\u00f3gina contra las mujeres que ven a las mujeres como objeto sexual.<\/p>\n\n\n\n<p class=\"wp-block-paragraph\">El problema indic\u00f3 es que no nos estamos haciendo cargo de lo que esta sucediendo con esta poblaci\u00f3n de ni\u00f1as, ni\u00f1as y adolescentes que comienzan a consumir pornograf\u00eda, y la soluci\u00f3n no va a venir de sancionar y meter j\u00f3venes a las c\u00e1rceles, sino de pensar en una soluci\u00f3n integral.<\/p>\n\n\n\n<p class=\"wp-block-paragraph\">En esta deben participar la Secretar\u00eda de Educaci\u00f3n P\u00fablica y las Universidades del pa\u00eds, pero que tambi\u00e9n el Instituto Nacional de las Mujeres, la Comisi\u00f3n Nacional de los Derechos Humanos, hasta la Comisi\u00f3n Nacional para Prevenir y Erradicar la Violencia contra las Mujeres (Conavim).<\/p>\n\n\n\n<p class=\"wp-block-paragraph\">Consider\u00f3 que, as\u00ed como las acad\u00e9micas y activistas demandan al Congreso una definici\u00f3n integral de violencia digital contra las mujeres tambi\u00e9n se requiere una soluci\u00f3n integral por parte del Estado para que las ni\u00f1as, ni\u00f1os y adolescentes tengan una educaci\u00f3n que les permita comprender porque ciertas pr\u00e1cticas los ponen en riesgo.<\/p>\n\n\n\n<p class=\"wp-block-paragraph\">Se requiere de un trabajo pedag\u00f3gico desde la infancia, que aborde de qu\u00e9 trata la violencia digital, qu\u00e9 tipos existen, c\u00f3mo operan los perpetradores.<\/p>\n\n\n\n<p class=\"wp-block-paragraph\"><strong>\u00bfEs necesario que las ni\u00f1as tengan dispositivos como celulares?<\/strong><\/p>\n\n\n\n<p class=\"wp-block-paragraph\">La doctora Vega Montiel indic\u00f3 que esta situaci\u00f3n, nos lleva a reflexionar \u00bfes necesario que las ni\u00f1as tengan dispositivos? Advirti\u00f3 que no se trata de puritanismo, porque si algo distingue al feminismo es el derecho a la sexualidad, pero sin poner en riesgo la seguridad de las ni\u00f1as.<\/p>\n\n\n\n<p class=\"wp-block-paragraph\">Se demanda una pol\u00edtica que sensibilice a mujeres y hombres desde la infancia. Se trata de que las ni\u00f1as y ni\u00f1os puedan estar seguros en la interacci\u00f3n en estas plataformas.<\/p>\n\n\n\n<p class=\"wp-block-paragraph\">Precis\u00f3 que esto tiene ra\u00edces m\u00e1s profundas, cuando las mujeres a partir de la d\u00e9cada de los 70s se incorporan masivamente al mercado del trabajo, pero tambi\u00e9n aumenta su carga en el trabajo dom\u00e9stico llamado de cuidado e incluso registran mayor deterioro de la salud porque tiene que ver con la din\u00e1mica de las relaciones en el hogar, que no han cambiado, y los hombres no participan en el cuidado y en la supervisi\u00f3n de las ni\u00f1as y ni\u00f1os.&nbsp;<\/p>\n\n\n\n<p class=\"wp-block-paragraph\">Respecto al consumo de pornograf\u00eda se\u00f1al\u00f3 que el placer masculino est\u00e1 directamente relacionado con la opresi\u00f3n de las mujeres y con su uso como objeto sexual. Se est\u00e1 documentando como las redes criminales est\u00e1n entrando a trav\u00e9s de estas p\u00e1ginas de pornograf\u00eda y contactan a estas ni\u00f1as y las extorsionan.<\/p>\n\n\n\n<p class=\"wp-block-paragraph\">Esto explica tambi\u00e9n las desapariciones que es un problema critico como informa el Observatorio Ciudadano Nacional de Feminicidio (OCNF).<\/p>\n\n\n\n<p class=\"wp-block-paragraph\">Se requiere un Estado con responsabilidad existen instituciones como la Universidad Nacional Aut\u00f3noma de M\u00e9xico, como el Laboratorio Feminista de Derechos Digitales que hemos producido un manual para las mujeres universitarias desde el \u00e1mbito de nuestra actuaci\u00f3n, ya que nos llegan jovencitas que est\u00e1n siendo extorsionadas, pero tambi\u00e9n existen feministas como Las Luchadores, Las Chidas, Defensoras Digitales, que trabajan en el acompa\u00f1amiento a las mujeres que han vivido violencia en l\u00ednea, violencia cibern\u00e9tica o violencia digital.<\/p>\n\n\n\n<p class=\"wp-block-paragraph\">Por otra parte, advirti\u00f3 que lo que se sube a internet se queda en internet, advirti\u00f3 que es falso que se pueda borrar, y de las plataformas como Only Fans que se han convertido en un producto millonario que manejan el consentimiento y la elecci\u00f3n sexual como una trampa y que utilizan el discurso feminista, pero finalmente el objetivo es de proveer placer a los hombres.<\/p>\n\n\n\n<p class=\"wp-block-paragraph\">El consentimiento, dijo, es una trampa porque es falso que haya consentimiento cuando las circunstancias son de opresi\u00f3n, discriminaci\u00f3n, de v\u00edctimas de amenazas y agresi\u00f3n por parte del perpetrador. Incluso este concepto lo est\u00e1n manejando con la actual legislatura para incluirlo en la Ley. &nbsp;&nbsp;<\/p>\n\n\n\n<p class=\"wp-block-paragraph\">Por lo que destac\u00f3 que es importante conocer la historia que ha construido el feminismo porque de no hacerlo es muy f\u00e1cil es que las mujeres sean explotadas sexualmente cuando el derecho a una vida digna no se basa en la explotaci\u00f3n. &nbsp;<\/p>\n\n\n\n<p class=\"wp-block-paragraph\">Tambi\u00e9n se refiri\u00f3 al impacto de esta violencia digital que tiene efectos muy destructivos en las vidas de las mujeres, en sus vidas reales, causan da\u00f1o psicol\u00f3gico y emocional, refuerzan los prejuicios, da\u00f1an la reputaci\u00f3n, causan p\u00e9rdidas econ\u00f3micas, obstaculizan nuestra participaci\u00f3n en la vida p\u00fablica, y pueden propiciar otras formas de violencia f\u00edsica o sexual.<\/p>\n\n\n\n<p class=\"wp-block-paragraph\"><strong>Dia Internacional de las Ni\u00f1as en las TIC: Acceso y Seguridad <\/strong><strong><\/strong><\/p>\n\n\n\n<p class=\"wp-block-paragraph\">La decisi\u00f3n de crear el D\u00eda Internacional de las Ni\u00f1as en las&nbsp;<a href=\"https:\/\/es.wikipedia.org\/wiki\/Tecnolog%C3%ADas_de_la_informaci%C3%B3n_y_la_comunicaci%C3%B3n\">TIC<\/a>&nbsp;fue acordada por los estados miembros de la&nbsp;Uni\u00f3n Internacional de Telecomunicaciones (<a href=\"https:\/\/es.wikipedia.org\/wiki\/Uni%C3%B3n_Internacional_de_Telecomunicaciones\">UIT<\/a>), organismo adscrito a Naciones Unidas&nbsp;en la Conferencia de Guadalajara (M\u00e9xico) en 2010. Se aprob\u00f3 en la Resoluci\u00f3n 70 sobre el marco de las pol\u00edticas de promoci\u00f3n de la igualdad de g\u00e9nero y el empoderamiento de las mujeres a trav\u00e9s de la tecnolog\u00eda.<\/p>\n\n\n\n<p class=\"wp-block-paragraph\">El Dia se celebra el cuarto jueves del mes de abril, este a\u00f1o es el 28 de abril con el lema \u201cAcceso y Seguridad\u201d, una prioridad tem\u00e1tica que representa el paso inicial para que las ni\u00f1as puedan acceder de manera segura al entorno digital y de tecnolog\u00edas de la informaci\u00f3n.<\/p>\n","protected":false},"excerpt":{"rendered":"<p>La especialista en comunicaci\u00f3n e investigadora, Aim\u00e9e Vega Montiel hizo un llamado a las y los legisladores para que la definici\u00f3n de violencia digital reconozca los diversos tipos de violencia en la internet y redes sociales.<\/p>\n","protected":false},"author":3,"featured_media":48829,"comment_status":"open","ping_status":"open","sticky":false,"template":"","format":"standard","meta":{"_monsterinsights_skip_tracking":false,"footnotes":""},"categories":[693,54],"tags":[],"class_list":["post-48828","post","type-post","status-publish","format-standard","has-post-thumbnail","category-693","category-mujeres"],"_links":{"self":[{"href":"https:\/\/redsemlac.com\/semmexico\/wp-json\/wp\/v2\/posts\/48828","targetHints":{"allow":["GET"]}}],"collection":[{"href":"https:\/\/redsemlac.com\/semmexico\/wp-json\/wp\/v2\/posts"}],"about":[{"href":"https:\/\/redsemlac.com\/semmexico\/wp-json\/wp\/v2\/types\/post"}],"author":[{"embeddable":true,"href":"https:\/\/redsemlac.com\/semmexico\/wp-json\/wp\/v2\/users\/3"}],"replies":[{"embeddable":true,"href":"https:\/\/redsemlac.com\/semmexico\/wp-json\/wp\/v2\/comments?post=48828"}],"version-history":[{"count":0,"href":"https:\/\/redsemlac.com\/semmexico\/wp-json\/wp\/v2\/posts\/48828\/revisions"}],"wp:featuredmedia":[{"embeddable":true,"href":"https:\/\/redsemlac.com\/semmexico\/wp-json\/wp\/v2\/media\/48829"}],"wp:attachment":[{"href":"https:\/\/redsemlac.com\/semmexico\/wp-json\/wp\/v2\/media?parent=48828"}],"wp:term":[{"taxonomy":"category","embeddable":true,"href":"https:\/\/redsemlac.com\/semmexico\/wp-json\/wp\/v2\/categories?post=48828"},{"taxonomy":"post_tag","embeddable":true,"href":"https:\/\/redsemlac.com\/semmexico\/wp-json\/wp\/v2\/tags?post=48828"}],"curies":[{"name":"wp","href":"https:\/\/api.w.org\/{rel}","templated":true}]}}