{"id":48824,"date":"2022-04-23T11:08:13","date_gmt":"2022-04-23T17:08:13","guid":{"rendered":"https:\/\/redsemlac.com\/semmexico\/?p=48824"},"modified":"2023-07-21T19:03:00","modified_gmt":"2023-07-22T00:03:00","slug":"la-actriz-nuria-bages-leera-una-seleccion-de-viento-quebrado-de-la-poeta-dolores-castro","status":"publish","type":"post","link":"https:\/\/redsemlac.com\/semmexico\/la-actriz-nuria-bages-leera-una-seleccion-de-viento-quebrado-de-la-poeta-dolores-castro\/","title":{"rendered":"<strong>La actriz Nuria Bages leer\u00e1 una selecci\u00f3n de&nbsp;<em>Viento quebrado<\/em>, de la poeta Dolores Castro&nbsp;<\/strong>"},"content":{"rendered":"\n<p class=\"wp-block-paragraph\">Como parte del ciclo\u00a0<em>Leo\u2026 luego<\/em>\u00a0<em>existo<\/em>, este domingo al mediod\u00eda en la Sala\u00a0<em>Manuel M. Ponce<\/em>\u00a0del Palacio de Bellas Artes; entrada libre\u00a0<\/p>\n\n\n\n<p class=\"wp-block-paragraph\">Redacci\u00f3n &nbsp;<\/p>\n\n\n\n<p class=\"wp-block-paragraph\">SemM\u00e9xico, Cd. de M\u00e9xico, 23 de abril, 2022.- En homenaje a la escritora y cr\u00edtica literaria Dolores Castro Varela, Poeta, ensayista, cr\u00edtica literaria, periodista, guionista, quien muri\u00f3 este 30 de marzo a la edad de 98 a\u00f1os, una ma\u00f1ana en que se dispon\u00eda a CCH Naucalpan para dirigir unas palabras a las y los estudiantes, se har\u00e1 ma\u00f1ana.<\/p>\n\n\n\n<p class=\"wp-block-paragraph\">Dolores Castro Varela, ella due\u00f1a de sus palabras, amiga, compa\u00f1era, se manten\u00eda activa y diligente, como siempre, segu\u00eda impartiendo sus talleres de poes\u00eda en la Escuela Carlos Septi\u00e9n y en su casa.<\/p>\n\n\n\n<p class=\"wp-block-paragraph\">La \u00faltima obra publicada fue hace 7 a\u00f1os,&nbsp; el homenaje desde la Secretar\u00eda de Cultura lo har\u00e1 la actriz &nbsp;Nuria Bages &nbsp;quien leer\u00e1 en voz alta una selecci\u00f3n po\u00e9tica del libro&nbsp;<em>Viento quebrado<\/em>, ma\u00f1ana domingo &nbsp;al mediod\u00eda en la Sala&nbsp;<em>Manuel M. Ponce<\/em>&nbsp;del Palacio de Bellas Artes, como parte del ciclo&nbsp;<em>Leo\u2026 luego existo<\/em>&nbsp;de Extensi\u00f3n Cultural del Instituto Nacional de Bellas Artes y Literatura (Inbal) y en el marco de las estrategias&nbsp;<strong>#VolverAVerte<\/strong>&nbsp;y \u201cContigo en la distancia\u201d de la Secretar\u00eda de Cultura del Gobierno de M\u00e9xico.&nbsp;<\/p>\n\n\n\n<p class=\"wp-block-paragraph\">Esta actividad contar\u00e1 con la participaci\u00f3n de Centeotl Mendoza, int\u00e9rprete de Lengua de Se\u00f1as Mexicana (LSM), y ser\u00e1 transmitida en vivo a trav\u00e9s de la cuenta de Facebook del Inbal (\/INBAmx) y de Extensi\u00f3n Cultural (\/extensionculturalinbal).&nbsp;<\/p>\n\n\n\n<p class=\"wp-block-paragraph\">Dolores Castro poeta, narradora, ensayista y cr\u00edtica literaria. Naci\u00f3 el 12 de abril de 1923 en Aguascalientes, Aguascalientes. Estudi\u00f3 Derecho y la maestr\u00eda en Letras Modernas en la Universidad Nacional Aut\u00f3noma de M\u00e9xico (UNAM); Estil\u00edstica e Historia del Arte en la Universidad Complutense de Madrid; Ling\u00fc\u00edstica y Literatura en la Asociaci\u00f3n Nacional de Universidades e Instituciones de Educaci\u00f3n Superior, y Radio en el Instituto Latinoamericano de Comunicaci\u00f3n Educativa.&nbsp;<\/p>\n\n\n\n<p class=\"wp-block-paragraph\">Obtuvo el Premio Nacional de Ciencias y Artes en el \u00e1rea de Ling\u00fc\u00edstica y Literatura en 2014, la Medalla&nbsp;<em>Jos\u00e9 Emilio Pacheco<\/em>&nbsp;en 2016 y el Premio Iberoamericano de Poes\u00eda&nbsp;<em>Ram\u00f3n L\u00f3pez Velarde<\/em>&nbsp;en 2013. Entre sus t\u00edtulos m\u00e1s emblem\u00e1ticos se encuentran&nbsp;<em>El coraz\u00f3n transfigurado<\/em>&nbsp;(1949),&nbsp;<em>Siete poemas<\/em>&nbsp;(1952) y&nbsp;<em>Dimensi\u00f3n de la lengua en su funci\u00f3n creativa, emotiva y esencial<\/em>&nbsp;(1982).&nbsp;<\/p>\n\n\n\n<p class=\"wp-block-paragraph\">Nuria Bages incursion\u00f3 como int\u00e9rprete teatral en la obra&nbsp;<em>La sonata a Kreutzer<\/em>, de Le\u00f3n Tolst\u00f3i, y fue premiada como mejor actriz en el Festival Nacional de Teatro de Provincia, adem\u00e1s de trabajar en la Compa\u00f1\u00eda Nacional de Teatro del Inbal; con directores como H\u00e9ctor Azar, H\u00e9ctor G\u00f3mez, Jos\u00e9 Sol\u00e9, Julio Castillo y Abraham Oceransky, y en montajes como&nbsp;<em>Sonata<\/em>,&nbsp;<em>Entre mujeres<\/em>,<em>&nbsp;Hay que deshacer la casa<\/em>&nbsp;y&nbsp;<em>La retirada<\/em>.&nbsp;<\/p>\n\n\n\n<p class=\"wp-block-paragraph\"><em>Leo\u2026 luego existo<\/em>&nbsp;es un ciclo dirigido a mayores de 15 a\u00f1os en el cual actrices y actores con amplia experiencia y compromiso social leen en voz alta textos de diversos autores y autoras, preferentemente nacionales, en una b\u00fasqueda de la motivaci\u00f3n que impulse a las y los posibles lectores por placer a adentrarse en el mundo de la literatura.&nbsp;<\/p>\n\n\n\n<p class=\"wp-block-paragraph\">El acceso ser\u00e1 gratuito. Habr\u00e1 un estricto apego a las medidas de protecci\u00f3n para participantes, trabajadores y asistentes, las cuales consisten en la instalaci\u00f3n de un filtro con tapete desinfectante, aplicaci\u00f3n de gel antibacterial, revisi\u00f3n de la temperatura que no rebase los 37.5\u00baC, uso obligatorio de cubreboca al momento del acceso y durante la sesi\u00f3n, y respeto a la sana distancia. El cambio de programaci\u00f3n est\u00e1 sujeto a las condiciones sanitarias establecidas por las autoridades de las secretar\u00edas de Salud y de Cultura del Gobierno de M\u00e9xico.&nbsp;<\/p>\n\n\n\n<p class=\"wp-block-paragraph\"><strong>Redes sociales&nbsp;<\/strong><\/p>\n\n\n\n<p class=\"wp-block-paragraph\">Se pueden seguir las redes sociales del INBAL en Instagram (@INBAMX), Facebook (\/INBAmx) y Twitter (@bellasartesinba).&nbsp;<\/p>\n\n\n\n<p class=\"wp-block-paragraph\">Sigue las redes sociales de la Secretar\u00eda de Cultura en Twitter (@cultura_mx), Facebook (\/SecretariaCulturaMX) e Instagram (@culturamx).\u00a0<\/p>\n\n\n\n<figure class=\"wp-block-image size-full\"><a href=\"https:\/\/redsemlac.com\/semmexico\/wp-content\/uploads\/2022\/04\/art-02.jpg\"><img loading=\"lazy\" decoding=\"async\" width=\"512\" height=\"677\" src=\"https:\/\/redsemlac.com\/semmexico\/wp-content\/uploads\/2022\/04\/art-02.jpg\" alt=\"\" class=\"wp-image-48825\"\/><\/a><\/figure>\n","protected":false},"excerpt":{"rendered":"<p>La actriz Nuria Bages leer\u00e1 una selecci\u00f3n de\u00a0Viento quebrado en homenaje a la escritora y cr\u00edtica literaria Dolores Castro Varela, Poeta, ensayista, cr\u00edtica literaria, periodista, guionista, quien muri\u00f3 este 30 de marzo a la edad de 98 a\u00f1os.<\/p>\n","protected":false},"author":3,"featured_media":48826,"comment_status":"open","ping_status":"open","sticky":false,"template":"","format":"standard","meta":{"_monsterinsights_skip_tracking":false,"footnotes":""},"categories":[693,45,46],"tags":[],"class_list":["post-48824","post","type-post","status-publish","format-standard","has-post-thumbnail","category-693","category-cultura","category-cultura-cultura"],"_links":{"self":[{"href":"https:\/\/redsemlac.com\/semmexico\/wp-json\/wp\/v2\/posts\/48824","targetHints":{"allow":["GET"]}}],"collection":[{"href":"https:\/\/redsemlac.com\/semmexico\/wp-json\/wp\/v2\/posts"}],"about":[{"href":"https:\/\/redsemlac.com\/semmexico\/wp-json\/wp\/v2\/types\/post"}],"author":[{"embeddable":true,"href":"https:\/\/redsemlac.com\/semmexico\/wp-json\/wp\/v2\/users\/3"}],"replies":[{"embeddable":true,"href":"https:\/\/redsemlac.com\/semmexico\/wp-json\/wp\/v2\/comments?post=48824"}],"version-history":[{"count":0,"href":"https:\/\/redsemlac.com\/semmexico\/wp-json\/wp\/v2\/posts\/48824\/revisions"}],"wp:featuredmedia":[{"embeddable":true,"href":"https:\/\/redsemlac.com\/semmexico\/wp-json\/wp\/v2\/media\/48826"}],"wp:attachment":[{"href":"https:\/\/redsemlac.com\/semmexico\/wp-json\/wp\/v2\/media?parent=48824"}],"wp:term":[{"taxonomy":"category","embeddable":true,"href":"https:\/\/redsemlac.com\/semmexico\/wp-json\/wp\/v2\/categories?post=48824"},{"taxonomy":"post_tag","embeddable":true,"href":"https:\/\/redsemlac.com\/semmexico\/wp-json\/wp\/v2\/tags?post=48824"}],"curies":[{"name":"wp","href":"https:\/\/api.w.org\/{rel}","templated":true}]}}