{"id":48814,"date":"2022-04-23T09:56:47","date_gmt":"2022-04-23T15:56:47","guid":{"rendered":"https:\/\/redsemlac.com\/semmexico\/?p=48814"},"modified":"2023-07-21T19:03:00","modified_gmt":"2023-07-22T00:03:00","slug":"ni-una-sola-condena-por-violencia-politica-contra-las-mujeres-miguel-angel-osorio-chong","status":"publish","type":"post","link":"https:\/\/redsemlac.com\/semmexico\/ni-una-sola-condena-por-violencia-politica-contra-las-mujeres-miguel-angel-osorio-chong\/","title":{"rendered":"<strong>Ni una sola condena por violencia pol\u00edtica contra las mujeres: Miguel \u00c1ngel Osorio Chong&nbsp;<\/strong>"},"content":{"rendered":"\n<p class=\"wp-block-paragraph\"><strong>Llama a restituir la gobernabilidad el di\u00e1logo y los acuerdos, sin ello continuar\u00e9 el aberrante asesinato de mujeres<\/strong><\/p>\n\n\n\n<p class=\"wp-block-paragraph\"><strong>Al poner en marcha un diplomado en Quintana Roo, advirti\u00f3 que ante lo alarmante no caben las visiones \u00fanicas o personales<\/strong><\/p>\n\n\n\n<p class=\"wp-block-paragraph\">Elda Montiel<\/p>\n\n\n\n<p class=\"wp-block-paragraph\">SemM\u00e9xico, Cd. de M\u00e9xico, 23 de abril 2022.- Una democracia sin la voz y la participaci\u00f3n de las mujeres no puede ser democracia. Cada vez que se agrede o amenaza a una candidata o aspirante, cada vez que se niega una candidatura con trampas, que se impide que rindan protesta se est\u00e1 callando la voz de las mujeres, expres\u00f3 el senador pri\u00edsta Miguel \u00c1ngel Osorio Chong, presidente del Instituto Belisario Dom\u00ednguez del Senado de la Republica.<\/p>\n\n\n\n<p class=\"wp-block-paragraph\">Asegur\u00f3 que cuando se hace a un lado a una mujer, se est\u00e1 dejando a M\u00e9xico a un lado, \u201csin las mujeres no somos nada como pa\u00eds\u201d, lo dijo al inaugurar la segunda edici\u00f3n del Diplomado \u201cViolencia Pol\u00edtica contra las Mujeres en Raz\u00f3n de G\u00e9nero\u201d dirigido al estado de Quintana Roo.<\/p>\n\n\n\n<p class=\"wp-block-paragraph\">El tambi\u00e9n coordinador de la fracci\u00f3n parlamentaria del PRIse refiri\u00f3 a la lucha de las mujeres por lograr la participaci\u00f3n pol\u00edtica y lament\u00f3 que las denuncias por violencia pol\u00edtica en raz\u00f3n de g\u00e9nero en las elecciones del 2021 aumentaran 40 por ciento con respecto al proceso del 2018.<\/p>\n\n\n\n<p class=\"wp-block-paragraph\">Calific\u00f3 como aberrante que a nivel nacional hubo 15 candidatas o pol\u00edticas asesinadas y no hubo una sola condena en ning\u00fan estado del pa\u00eds, a pesar de los avances legislativos que se dieron en M\u00e9xico con las reformas del 2014 y del 2020.<\/p>\n\n\n\n<p class=\"wp-block-paragraph\">Asegur\u00f3 que el objetivo del diplomado es tomar conciencia de que, para erradicar este fen\u00f3meno, y consider\u00f3 que es necesario que los tres \u00f3rdenes de gobierno cierren filas en torno a la sociedad.&nbsp;<\/p>\n\n\n\n<p class=\"wp-block-paragraph\">\u201cSe trata de abrir espacios para la participaci\u00f3n pol\u00edtica de las mujeres haciendo eco de logros hist\u00f3ricos, como la paridad, para definir, reconocer y sancionar la violencia pol\u00edtica en raz\u00f3n de g\u00e9nero, y dar a funcionarios, legisladores y juzgadores las herramientas necesarias para hacer frente a este delito\u201d, afirm\u00f3.<\/p>\n\n\n\n<p class=\"wp-block-paragraph\">Miguel \u00c1ngel Osorio Chong agreg\u00f3 que es con respeto a la pluralidad y a la tolerancia como las autoridades pueden ponerse de acuerdo para lograr uno de los objetivos fundamentales que es la gobernabilidad que se crea entre todos, dijo, y no a partir de un partido o de una persona.&nbsp;<\/p>\n\n\n\n<p class=\"wp-block-paragraph\">La gobernabilidad nos permite alcanzar grandes metas nacionales, avanzar, porque podemos tener visones diferentes y de futuro dispersas, o hasta convicciones distintas, pero eso no nos debe impedir llegar a acuerdos, que no se nos olvide nunca.<\/p>\n\n\n\n<p class=\"wp-block-paragraph\">Sumar por los derechos de las mujeres, es sumar por la democracia y sumar por M\u00e9xico. De eso se trata la buena pol\u00edtica, y de eso se trata la misi\u00f3n que tenemos en el Belisario Dom\u00ednguez.<\/p>\n\n\n\n<p class=\"wp-block-paragraph\">Refiri\u00f3 que la buena pol\u00edtica es la de sumar, la de generar encuentros y no desencuentros. La de no polarizar, sino la de reunirnos, generar unidad, la de generar espacios de convivencia.<\/p>\n\n\n\n<p class=\"wp-block-paragraph\">En democracia&nbsp;hay que saber poner a un lado las diferencias y construir a partir de las coincidencias, y nuestra coincidencia m\u00e1s importante es y debe ser M\u00e9xico.<\/p>\n\n\n\n<p class=\"wp-block-paragraph\">El senador Osorio Chong destaco que, en un pa\u00eds de m\u00e1s de 122 millones de personas, no caben las visiones \u00fanicas, y que las soluciones de largo aliento son las que se construyen con la participaci\u00f3n de todas y todos.<\/p>\n\n\n\n<p class=\"wp-block-paragraph\">Esa es la convicci\u00f3n que nos rige en el Instituto Belisario Dom\u00ednguez del Senado de la Rep\u00fablica, la de hacer equipo. As\u00ed lo hemos hecho con todas y todos los senadores, con la academia, con la sociedad civil y desde luego con los congresos y gobiernos locales, que as\u00ed lo han decidido y cada vez son m\u00e1s, se\u00f1al\u00f3.<\/p>\n\n\n\n<p class=\"wp-block-paragraph\">\u201cY cuando se da la participaci\u00f3n en la pol\u00edtica, entonces se tiene que generar este tipo de diplomados para evitar la violencia o la no participaci\u00f3n por la v\u00eda de la violencia, de la intimidaci\u00f3n de las mujeres en la pol\u00edtica\u201d, dijo.<\/p>\n\n\n\n<p class=\"wp-block-paragraph\">Record\u00f3 que en la primera edici\u00f3n del diplomado se convocaron a 122 estudiantes de diferentes entidades federativas y ahora, gracias al di\u00e1logo y suma de esfuerzos se llevar\u00e1 al estado de Quintana Roo donde tambi\u00e9n participar\u00e1n m\u00e1s de 100 personas.&nbsp;<\/p>\n\n\n\n<p class=\"wp-block-paragraph\">Reconoci\u00f3 al Congreso de Quintana Roo, a la presidenta de la Mesa Directiva y al presidente de la Junta de Gobierno, por sumar con nosotros, en uno de los temas m\u00e1s urgentes para el pa\u00eds: el combate a la violencia de g\u00e9nero.<\/p>\n\n\n\n<p class=\"wp-block-paragraph\">Un flagelo que nos exige cerrar filas, desde los tres \u00f3rdenes de gobierno y con toda la sociedad, es el objetivo de este Diplomado sobre Violencia Pol\u00edtica en raz\u00f3n de G\u00e9nero.<\/p>\n\n\n\n<p class=\"wp-block-paragraph\">En el evento, junto con Miguel \u00c1ngel Osorio Chong tambi\u00e9n participaron la senadora Gabriela L\u00f3pez G\u00f3mez y el senador Rogelio M\u00e1rquez Valdivia, de Morena, as\u00ed como representantes de los tres poderes de Quintana Roo encabezados por la presidenta de la Mesa Directiva del Congreso local, Euterpe Alicia Guti\u00e9rrez Valasis. &nbsp;<\/p>\n\n\n\n<p class=\"wp-block-paragraph\">Adem\u00e1s, del secretario de gobierno, Arturo Contreras Castillo; Gustavo Adolfo del Rosal Ricalde, presidente del Tribunal Superior de Justicia del estado; as\u00ed como Diva Gast\u00e9lum Bajo, representante la asociaci\u00f3n 50+1, quienes coincidieron en la necesidad de trabajar de manera coordinada para combatir este flagelo contra las mujeres. &nbsp;<\/p>\n","protected":false},"excerpt":{"rendered":"<p>Una democracia sin la voz y la participaci\u00f3n de las mujeres no puede ser democracia expres\u00f3 el senador pri\u00edsta Miguel \u00c1ngel Osorio Chong.<\/p>\n","protected":false},"author":3,"featured_media":48815,"comment_status":"open","ping_status":"open","sticky":false,"template":"","format":"standard","meta":{"_monsterinsights_skip_tracking":false,"footnotes":""},"categories":[693,50],"tags":[],"class_list":["post-48814","post","type-post","status-publish","format-standard","has-post-thumbnail","category-693","category-congreso"],"_links":{"self":[{"href":"https:\/\/redsemlac.com\/semmexico\/wp-json\/wp\/v2\/posts\/48814","targetHints":{"allow":["GET"]}}],"collection":[{"href":"https:\/\/redsemlac.com\/semmexico\/wp-json\/wp\/v2\/posts"}],"about":[{"href":"https:\/\/redsemlac.com\/semmexico\/wp-json\/wp\/v2\/types\/post"}],"author":[{"embeddable":true,"href":"https:\/\/redsemlac.com\/semmexico\/wp-json\/wp\/v2\/users\/3"}],"replies":[{"embeddable":true,"href":"https:\/\/redsemlac.com\/semmexico\/wp-json\/wp\/v2\/comments?post=48814"}],"version-history":[{"count":0,"href":"https:\/\/redsemlac.com\/semmexico\/wp-json\/wp\/v2\/posts\/48814\/revisions"}],"wp:featuredmedia":[{"embeddable":true,"href":"https:\/\/redsemlac.com\/semmexico\/wp-json\/wp\/v2\/media\/48815"}],"wp:attachment":[{"href":"https:\/\/redsemlac.com\/semmexico\/wp-json\/wp\/v2\/media?parent=48814"}],"wp:term":[{"taxonomy":"category","embeddable":true,"href":"https:\/\/redsemlac.com\/semmexico\/wp-json\/wp\/v2\/categories?post=48814"},{"taxonomy":"post_tag","embeddable":true,"href":"https:\/\/redsemlac.com\/semmexico\/wp-json\/wp\/v2\/tags?post=48814"}],"curies":[{"name":"wp","href":"https:\/\/api.w.org\/{rel}","templated":true}]}}