{"id":48802,"date":"2022-04-22T18:03:25","date_gmt":"2022-04-23T00:03:25","guid":{"rendered":"https:\/\/redsemlac.com\/semmexico\/?p=48802"},"modified":"2023-07-21T19:03:00","modified_gmt":"2023-07-22T00:03:00","slug":"cuando-el-gobierno-no-actua-ni-da-respuesta-surge-la-protesta-red-feminista-quintanarroense","status":"publish","type":"post","link":"https:\/\/redsemlac.com\/semmexico\/cuando-el-gobierno-no-actua-ni-da-respuesta-surge-la-protesta-red-feminista-quintanarroense\/","title":{"rendered":"Cuando el gobierno no act\u00faa ni da respuesta surge la protesta: Red Feminista Quintanarroense"},"content":{"rendered":"\n<p class=\"wp-block-paragraph\">El 51 por ciento de la poblaci\u00f3n pregunta \u00bfNos dividimos al pa\u00eds para sentirnos seguras?<\/p>\n\n\n\n<p class=\"wp-block-paragraph\">Micaela M\u00e1rquez<\/p>\n\n\n\n<p class=\"wp-block-paragraph\">SemM\u00e9xico, Cd. de M\u00e9xico, 22 de abril 2022.- La Red Feminista Quintanarroense en una protesta en\u00e9rgica contra las desaparici\u00f3n y asesinato todos los d\u00edas de mujeres en este pa\u00eds cuestiona si el 51 por ciento de la poblaci\u00f3n tiene que tomar la parte del pa\u00eds y presupuesto que le corresponde para tener los espacios donde vivir.&nbsp;<\/p>\n\n\n\n<p class=\"wp-block-paragraph\">Advierten que cuando el gobierno no act\u00faa ni da respuestas surge la protesta y las acciones, sentencian que nunca m\u00e1s tendr\u00e1n la comodidad de nuestro silencio.&nbsp;<\/p>\n\n\n\n<p class=\"wp-block-paragraph\">En el marco de la desaparici\u00f3n de la joven Debanhi Susana Escobar Bazaldua el pasado 9 de abril y cuyo cuerpo fue localizado 12 d\u00edas despu\u00e9s en Nuevo Le\u00f3n, expresan su hartazgo por no estar seguras en ning\u00fan espacio, ante la ausencia de autoridades que brinden seguridad y protecci\u00f3n, y procuraci\u00f3n de justicia efectiva.&nbsp;<\/p>\n\n\n\n<p class=\"wp-block-paragraph\">Denuncian que en M\u00e9xico y en Quintana Roo las redes de trata operan con la permisividad del Estado, quien tiene a cargo de sus \u00abFiscal\u00edas Especializadas en Materia de Trata\u00bb a personas que m\u00e1s que perseguir y sancionar a quienes cometen los delitos, los protegen y encubren.<\/p>\n\n\n\n<p class=\"wp-block-paragraph\">La <a href=\"https:\/\/www.facebook.com\/groups\/CBPEQROO\/?__cft__%5b0%5d=AZXhy9QErPeQDz3ispkhlQbXieQ_Wx_Uh-7F3wf1UZ8r71GBJ8YjrrQ4FmqgyiL39Jo_ObJ4qRphg5nLO-pLTHmgEJvy9xj_-tl4FxmM19AumN8KmyQdMrwRFPDhSIPAcbtGsgSIT8__GwADh8MKN_q6&amp;__tn__=-UK-R\">Comisi\u00f3n de B\u00fasqueda de Personas del Estado de Quintana Roo<\/a> no est\u00e1 realizando acciones efectivas para localizar a tanta mujer y ni\u00f1a sustra\u00edda. Acusan que en el gobierno de <a href=\"https:\/\/www.facebook.com\/Carlos.Joaquin\/?__cft__%5b0%5d=AZXhy9QErPeQDz3ispkhlQbXieQ_Wx_Uh-7F3wf1UZ8r71GBJ8YjrrQ4FmqgyiL39Jo_ObJ4qRphg5nLO-pLTHmgEJvy9xj_-tl4FxmM19AumN8KmyQdMrwRFPDhSIPAcbtGsgSIT8__GwADh8MKN_q6&amp;__tn__=kK-R\">Carlos Manuel Joaqu\u00edn<\/a> Gonz\u00e1lez lo que hay son acuerdos con los grupos delictivos y de delincuencia organizada para permitir y facilitar la comisi\u00f3n de estos delitos que siguen en impunidad.<\/p>\n\n\n\n<p class=\"wp-block-paragraph\">El mensaje hacia los victimarios que act\u00faan desde la individualidad o a trav\u00e9s de redes es claro \u00a1Nadie va a hacer nada en su contra! \u00a1La vida de las mujeres no importa! \u00a1Hay total impunidad!<\/p>\n","protected":false},"excerpt":{"rendered":"<p>El 51 por ciento de la poblaci\u00f3n pregunta \u00bfNos dividimos al pa\u00eds para sentirnos seguras? Micaela M\u00e1rquez SemM\u00e9xico, Cd. de M\u00e9xico, 22 de abril 2022.- La Red Feminista Quintanarroense en una protesta en\u00e9rgica contra las desaparici\u00f3n y asesinato todos los d\u00edas de mujeres en este pa\u00eds cuestiona si el 51 por ciento de la poblaci\u00f3n [&hellip;]<\/p>\n","protected":false},"author":3,"featured_media":48810,"comment_status":"open","ping_status":"open","sticky":false,"template":"","format":"standard","meta":{"_monsterinsights_skip_tracking":false,"footnotes":""},"categories":[693,54],"tags":[],"class_list":["post-48802","post","type-post","status-publish","format-standard","has-post-thumbnail","category-693","category-mujeres"],"_links":{"self":[{"href":"https:\/\/redsemlac.com\/semmexico\/wp-json\/wp\/v2\/posts\/48802","targetHints":{"allow":["GET"]}}],"collection":[{"href":"https:\/\/redsemlac.com\/semmexico\/wp-json\/wp\/v2\/posts"}],"about":[{"href":"https:\/\/redsemlac.com\/semmexico\/wp-json\/wp\/v2\/types\/post"}],"author":[{"embeddable":true,"href":"https:\/\/redsemlac.com\/semmexico\/wp-json\/wp\/v2\/users\/3"}],"replies":[{"embeddable":true,"href":"https:\/\/redsemlac.com\/semmexico\/wp-json\/wp\/v2\/comments?post=48802"}],"version-history":[{"count":0,"href":"https:\/\/redsemlac.com\/semmexico\/wp-json\/wp\/v2\/posts\/48802\/revisions"}],"wp:featuredmedia":[{"embeddable":true,"href":"https:\/\/redsemlac.com\/semmexico\/wp-json\/wp\/v2\/media\/48810"}],"wp:attachment":[{"href":"https:\/\/redsemlac.com\/semmexico\/wp-json\/wp\/v2\/media?parent=48802"}],"wp:term":[{"taxonomy":"category","embeddable":true,"href":"https:\/\/redsemlac.com\/semmexico\/wp-json\/wp\/v2\/categories?post=48802"},{"taxonomy":"post_tag","embeddable":true,"href":"https:\/\/redsemlac.com\/semmexico\/wp-json\/wp\/v2\/tags?post=48802"}],"curies":[{"name":"wp","href":"https:\/\/api.w.org\/{rel}","templated":true}]}}